{"id":30228,"date":"2024-08-13T16:56:20","date_gmt":"2024-08-13T22:56:20","guid":{"rendered":"https:\/\/contextoanalisisperiodistico.com\/index.php\/2024\/08\/13\/se-consolida-operativo-barredora-retira-objetos-que-apartan-la-via-publica\/"},"modified":"2024-08-13T16:56:20","modified_gmt":"2024-08-13T22:56:20","slug":"se-consolida-operativo-barredora-retira-objetos-que-apartan-la-via-publica","status":"publish","type":"post","link":"https:\/\/contextoanalisisperiodistico.com\/index.php\/2024\/08\/13\/se-consolida-operativo-barredora-retira-objetos-que-apartan-la-via-publica\/","title":{"rendered":"Se consolida \u201cOperativo Barredora\u201d, retira objetos que apartan la v\u00eda p\u00fablica"},"content":{"rendered":"<div id=\"fb-root\"><\/div>\n\n<ul class=\"wp-block-list\">\n<li>Elementos de movilidad municipal recogieron cerca de 400 objetos en inmediaciones de la Unidad Habitacional Ricardo Flores Mag\u00f3n.<\/li>\n<\/ul>\n\n\n\n<figure class=\"wp-block-image size-large\"><img fetchpriority=\"high\" decoding=\"async\" width=\"721\" height=\"540\" src=\"https:\/\/contextoanalisisperiodistico.com\/wp-content\/uploads\/2024\/08\/img-20240813-wa00754381896762978158281.jpg\" alt=\"\" class=\"wp-image-30226\" srcset=\"https:\/\/contextoanalisisperiodistico.com\/wp-content\/uploads\/2024\/08\/img-20240813-wa00754381896762978158281.jpg 721w, https:\/\/contextoanalisisperiodistico.com\/wp-content\/uploads\/2024\/08\/img-20240813-wa00754381896762978158281-300x225.jpg 300w\" sizes=\"(max-width: 721px) 100vw, 721px\" \/><\/figure>\n\n\n\n<figure class=\"wp-block-image\"><img decoding=\"async\" width=\"1024\" height=\"864\" src=\"https:\/\/contextoanalisisperiodistico.com\/wp-content\/uploads\/2024\/08\/img-20240813-wa00746176331641334004197-1024x864.jpg\" alt=\"\" class=\"wp-image-30227\" srcset=\"https:\/\/contextoanalisisperiodistico.com\/wp-content\/uploads\/2024\/08\/img-20240813-wa00746176331641334004197-1024x864.jpg 1024w, https:\/\/contextoanalisisperiodistico.com\/wp-content\/uploads\/2024\/08\/img-20240813-wa00746176331641334004197-300x253.jpg 300w, https:\/\/contextoanalisisperiodistico.com\/wp-content\/uploads\/2024\/08\/img-20240813-wa00746176331641334004197-768x648.jpg 768w, https:\/\/contextoanalisisperiodistico.com\/wp-content\/uploads\/2024\/08\/img-20240813-wa00746176331641334004197.jpg 1427w\" sizes=\"(max-width: 1024px) 100vw, 1024px\" \/><\/figure>\n\n\n\n<figure class=\"wp-block-image\"><img decoding=\"async\" width=\"300\" height=\"206\" src=\"https:\/\/contextoanalisisperiodistico.com\/wp-content\/uploads\/2024\/08\/img-20240813-wa00724218377518239266989-300x206.jpg\" alt=\"\" class=\"wp-image-30225\" srcset=\"https:\/\/contextoanalisisperiodistico.com\/wp-content\/uploads\/2024\/08\/img-20240813-wa00724218377518239266989-300x206.jpg 300w, https:\/\/contextoanalisisperiodistico.com\/wp-content\/uploads\/2024\/08\/img-20240813-wa00724218377518239266989-768x527.jpg 768w, https:\/\/contextoanalisisperiodistico.com\/wp-content\/uploads\/2024\/08\/img-20240813-wa00724218377518239266989.jpg 841w\" sizes=\"(max-width: 300px) 100vw, 300px\" \/><\/figure>\n\n\n\n<p>Oaxaca de Ju\u00e1rez, Oaxaca, a 13 de agosto de 2024.- Para mantener vialidades libres que permitan el tr\u00e1nsito seguro de personas y veh\u00edculos, el Ayuntamiento de Oaxaca de Ju\u00e1rez a trav\u00e9s de la Secretar\u00eda de Seguridad P\u00fablica, Movilidad y Protecci\u00f3n Civil llev\u00f3 a cabo el operativo \u201cBarredora\u201d en la zona norte de la capital.<\/p>\n\n\n\n<p>El dispositivo coordinado por el Departamento de Cultura y Educaci\u00f3n Vial adscrito a la direcci\u00f3n de Movilidad de Oaxaca de Ju\u00e1rez, consiste en liberar espacios de estacionamiento en apego al cumplimiento de los art\u00edculos 32 y 86 del Reglamento de Movilidad y Seguridad Vial de Oaxaca de Ju\u00e1rez.<\/p>\n\n\n\n<p>En la Unidad Habitacional Ricardo Flores Mag\u00f3n, 1ra Etapa, espec\u00edficamente en las calles Central Norte Sur, Central Oriente Poniente, Oriente, Revoluci\u00f3n y Juan Sarabia, elementos de movilidad recogieron cerca de 400 objetos.<\/p>\n\n\n\n<p>Entre los materiales asegurados se encuentran cajas de cart\u00f3n, neum\u00e1ticos viejos, cubetas con mezcla, rocas, l\u00e1minas oxidadas, rines inservibles, botellones, entre otros elementos que \u00fanicamente obstru\u00edan las vialidades y pon\u00edan en peligro a familias que diariamente concurren en la zona.<\/p>\n\n\n\n<p>Cabe destacar que el pasado 5 de agosto, el operativo se llev\u00f3 a cabo en la colonia Miguel Alem\u00e1n, a fin de permitir el libre estacionamiento de unidades y promover un uso responsable del espacio p\u00fablico. Adem\u00e1s, se han atendido zonas como el Mercado de Abasto, Centro Hist\u00f3rico y cabecera municipal.<\/p>\n\n\n\n<p>Es as\u00ed que este operativo consolida su presencia como una pr\u00e1ctica que hace valer la normatividad y que privilegia la democratizaci\u00f3n del espacio p\u00fablico para el disfrute de la sociedad.<\/p>\n\n\n\n<p>Con estas labores, el Ayuntamiento de Oaxaca de Ju\u00e1rez a trav\u00e9s de la Secretar\u00eda de Seguridad P\u00fablica, Movilidad y Protecci\u00f3n Civil, mantiene el compromiso de trabajar para mantener vialidades libres que permitan un tr\u00e1nsito m\u00e1s seguro, tanto de autom\u00f3viles, como de transe\u00fantes.<\/p>\n\n\n\n<p><\/p>\n\n\n\n<p><\/p>\n","protected":false},"excerpt":{"rendered":"<p>Oaxaca de Ju\u00e1rez, Oaxaca, a 13 de agosto de 2024.- Para mantener vialidades libres que&#8230;<\/p>\n","protected":false},"author":4,"featured_media":30224,"comment_status":"","ping_status":"open","sticky":false,"template":"","format":"standard","meta":{"footnotes":""},"categories":[9],"tags":[],"jetpack_sharing_enabled":true,"featured_image_urls":{"full":["https:\/\/contextoanalisisperiodistico.com\/wp-content\/uploads\/2024\/08\/IMG-20240813-WA0073.jpg",1392,1096,false],"thumbnail":["https:\/\/contextoanalisisperiodistico.com\/wp-content\/uploads\/2024\/08\/IMG-20240813-WA0073-150x150.jpg",150,150,true],"medium":["https:\/\/contextoanalisisperiodistico.com\/wp-content\/uploads\/2024\/08\/IMG-20240813-WA0073-300x236.jpg",300,236,true],"medium_large":["https:\/\/contextoanalisisperiodistico.com\/wp-content\/uploads\/2024\/08\/IMG-20240813-WA0073-768x605.jpg",640,504,true],"large":["https:\/\/contextoanalisisperiodistico.com\/wp-content\/uploads\/2024\/08\/IMG-20240813-WA0073-1024x806.jpg",640,504,true],"1536x1536":["https:\/\/contextoanalisisperiodistico.com\/wp-content\/uploads\/2024\/08\/IMG-20240813-WA0073.jpg",1392,1096,false],"2048x2048":["https:\/\/contextoanalisisperiodistico.com\/wp-content\/uploads\/2024\/08\/IMG-20240813-WA0073.jpg",1392,1096,false],"covernews-slider-full":["https:\/\/contextoanalisisperiodistico.com\/wp-content\/uploads\/2024\/08\/IMG-20240813-WA0073-1115x715.jpg",1115,715,true],"covernews-slider-center":["https:\/\/contextoanalisisperiodistico.com\/wp-content\/uploads\/2024\/08\/IMG-20240813-WA0073-800x500.jpg",800,500,true],"covernews-featured":["https:\/\/contextoanalisisperiodistico.com\/wp-content\/uploads\/2024\/08\/IMG-20240813-WA0073-1024x806.jpg",1024,806,true],"covernews-medium":["https:\/\/contextoanalisisperiodistico.com\/wp-content\/uploads\/2024\/08\/IMG-20240813-WA0073-540x340.jpg",540,340,true],"covernews-medium-square":["https:\/\/contextoanalisisperiodistico.com\/wp-content\/uploads\/2024\/08\/IMG-20240813-WA0073-400x250.jpg",400,250,true]},"author_info":{"display_name":"Mario Gir\u00f3n","author_link":"https:\/\/contextoanalisisperiodistico.com\/index.php\/author\/director\/"},"category_info":"<a href=\"https:\/\/contextoanalisisperiodistico.com\/index.php\/category\/politica\/\" rel=\"category tag\">Pol\u00edtica<\/a>","tag_info":"Pol\u00edtica","comment_count":"0","jetpack_featured_media_url":"https:\/\/contextoanalisisperiodistico.com\/wp-content\/uploads\/2024\/08\/IMG-20240813-WA0073.jpg","_links":{"self":[{"href":"https:\/\/contextoanalisisperiodistico.com\/index.php\/wp-json\/wp\/v2\/posts\/30228"}],"collection":[{"href":"https:\/\/contextoanalisisperiodistico.com\/index.php\/wp-json\/wp\/v2\/posts"}],"about":[{"href":"https:\/\/contextoanalisisperiodistico.com\/index.php\/wp-json\/wp\/v2\/types\/post"}],"author":[{"embeddable":true,"href":"https:\/\/contextoanalisisperiodistico.com\/index.php\/wp-json\/wp\/v2\/users\/4"}],"replies":[{"embeddable":true,"href":"https:\/\/contextoanalisisperiodistico.com\/index.php\/wp-json\/wp\/v2\/comments?post=30228"}],"version-history":[{"count":0,"href":"https:\/\/contextoanalisisperiodistico.com\/index.php\/wp-json\/wp\/v2\/posts\/30228\/revisions"}],"wp:featuredmedia":[{"embeddable":true,"href":"https:\/\/contextoanalisisperiodistico.com\/index.php\/wp-json\/wp\/v2\/media\/30224"}],"wp:attachment":[{"href":"https:\/\/contextoanalisisperiodistico.com\/index.php\/wp-json\/wp\/v2\/media?parent=30228"}],"wp:term":[{"taxonomy":"category","embeddable":true,"href":"https:\/\/contextoanalisisperiodistico.com\/index.php\/wp-json\/wp\/v2\/categories?post=30228"},{"taxonomy":"post_tag","embeddable":true,"href":"https:\/\/contextoanalisisperiodistico.com\/index.php\/wp-json\/wp\/v2\/tags?post=30228"}],"curies":[{"name":"wp","href":"https:\/\/api.w.org\/{rel}","templated":true}]}}