{"id":30217,"date":"2024-08-13T16:43:17","date_gmt":"2024-08-13T22:43:17","guid":{"rendered":"https:\/\/contextoanalisisperiodistico.com\/index.php\/2024\/08\/13\/acompana-gobierno-oaxaqueno-a-caravana-migrante-sego\/"},"modified":"2024-08-13T16:43:17","modified_gmt":"2024-08-13T22:43:17","slug":"acompana-gobierno-oaxaqueno-a-caravana-migrante-sego","status":"publish","type":"post","link":"https:\/\/contextoanalisisperiodistico.com\/index.php\/2024\/08\/13\/acompana-gobierno-oaxaqueno-a-caravana-migrante-sego\/","title":{"rendered":"Acompa\u00f1a Gobierno oaxaque\u00f1o a caravana migrante: Sego"},"content":{"rendered":"<div id=\"fb-root\"><\/div>\n\n<p>\u2022 De la mano con autoridades municipales y el Sistema DIF Oaxaca se otorga atenci\u00f3n integral, principalmente a NNA en tr\u00e1nsito<\/p>\n\n\n\n<p>Oaxaca de Ju\u00e1rez, Oax. 13 de agosto de 2024.- El secretario de Gobierno Jes\u00fas Romero L\u00f3pez inform\u00f3 que el Gobierno del Estado otorga acompa\u00f1amiento a la caravana migrante que ingres\u00f3 por Arriaga, Chiapas; y que se mantienen en Juchit\u00e1n de Zaragoza.<\/p>\n\n\n\n<p>Romero L\u00f3pez destac\u00f3 que, al momento se tienen contabilizadas m\u00e1s de 2 mil personas que han caminado en los municipios de San Pedro Tapanatepec, Santiago Niltepec y La Ventosa, \u201cla preocupaci\u00f3n mayor es de 426 Ni\u00f1as, Ni\u00f1os y Adolescentes (NNA) en el \u00faltimo conteo\u201d, enfatiz\u00f3.<\/p>\n\n\n\n<p>Dijo que la instrucci\u00f3n del Gobernador Salom\u00f3n Jara Cruz ha sido atender a este sector, por lo que participan en estas tareas la Coordinaci\u00f3n de Delegados de Paz Social (Cdpaz), la Coordinaci\u00f3n Estatal de Protecci\u00f3n Civil y Gesti\u00f3n de Riesgos (CEPCyGR), la Guardia Nacional, Polic\u00eda Estatal, Polic\u00eda Vial, el Grupo Beta y el Instituto Nacional de Migraci\u00f3n (INM).<\/p>\n\n\n\n<p>\u201cHemos tenido el apoyo de autoridades municipales, as\u00ed como del DIF estatal para atender, dentro de nuestras posibilidades a estas familias, sobre todo en el trayecto porque hay condiciones clim\u00e1ticas desfavorables, hay lluvia, viento, fr\u00edo y se apoya en todo lo posible\u201d, se\u00f1al\u00f3.<\/p>\n\n\n\n<p>El secretario mencion\u00f3 que, ser\u00e1n las y los integrantes de la caravana quienes tomar\u00e1n la definici\u00f3n de qu\u00e9 ruta seguir; sin embargo, para la instituci\u00f3n lo m\u00e1s viable es continuar por el estado de Veracruz, ya que atravesar la zona de Valles Centrales ser\u00eda complicado en las condiciones en las que transitan.<\/p>\n\n\n\n<p>-0-<\/p>\n","protected":false},"excerpt":{"rendered":"<p>\u2022 De la mano con autoridades municipales y el Sistema DIF Oaxaca se otorga atenci\u00f3n&#8230;<\/p>\n","protected":false},"author":4,"featured_media":30216,"comment_status":"","ping_status":"open","sticky":false,"template":"","format":"standard","meta":{"footnotes":""},"categories":[9],"tags":[],"jetpack_sharing_enabled":true,"featured_image_urls":{"full":["https:\/\/contextoanalisisperiodistico.com\/wp-content\/uploads\/2024\/08\/IMG-20240813-WA0059.jpg",1468,979,false],"thumbnail":["https:\/\/contextoanalisisperiodistico.com\/wp-content\/uploads\/2024\/08\/IMG-20240813-WA0059-150x150.jpg",150,150,true],"medium":["https:\/\/contextoanalisisperiodistico.com\/wp-content\/uploads\/2024\/08\/IMG-20240813-WA0059-300x200.jpg",300,200,true],"medium_large":["https:\/\/contextoanalisisperiodistico.com\/wp-content\/uploads\/2024\/08\/IMG-20240813-WA0059-768x512.jpg",640,427,true],"large":["https:\/\/contextoanalisisperiodistico.com\/wp-content\/uploads\/2024\/08\/IMG-20240813-WA0059-1024x683.jpg",640,427,true],"1536x1536":["https:\/\/contextoanalisisperiodistico.com\/wp-content\/uploads\/2024\/08\/IMG-20240813-WA0059.jpg",1468,979,false],"2048x2048":["https:\/\/contextoanalisisperiodistico.com\/wp-content\/uploads\/2024\/08\/IMG-20240813-WA0059.jpg",1468,979,false],"covernews-slider-full":["https:\/\/contextoanalisisperiodistico.com\/wp-content\/uploads\/2024\/08\/IMG-20240813-WA0059-1115x715.jpg",1115,715,true],"covernews-slider-center":["https:\/\/contextoanalisisperiodistico.com\/wp-content\/uploads\/2024\/08\/IMG-20240813-WA0059-800x500.jpg",800,500,true],"covernews-featured":["https:\/\/contextoanalisisperiodistico.com\/wp-content\/uploads\/2024\/08\/IMG-20240813-WA0059-1024x683.jpg",1024,683,true],"covernews-medium":["https:\/\/contextoanalisisperiodistico.com\/wp-content\/uploads\/2024\/08\/IMG-20240813-WA0059-540x340.jpg",540,340,true],"covernews-medium-square":["https:\/\/contextoanalisisperiodistico.com\/wp-content\/uploads\/2024\/08\/IMG-20240813-WA0059-400x250.jpg",400,250,true]},"author_info":{"display_name":"Mario Gir\u00f3n","author_link":"https:\/\/contextoanalisisperiodistico.com\/index.php\/author\/director\/"},"category_info":"<a href=\"https:\/\/contextoanalisisperiodistico.com\/index.php\/category\/politica\/\" rel=\"category tag\">Pol\u00edtica<\/a>","tag_info":"Pol\u00edtica","comment_count":"0","jetpack_featured_media_url":"https:\/\/contextoanalisisperiodistico.com\/wp-content\/uploads\/2024\/08\/IMG-20240813-WA0059.jpg","_links":{"self":[{"href":"https:\/\/contextoanalisisperiodistico.com\/index.php\/wp-json\/wp\/v2\/posts\/30217"}],"collection":[{"href":"https:\/\/contextoanalisisperiodistico.com\/index.php\/wp-json\/wp\/v2\/posts"}],"about":[{"href":"https:\/\/contextoanalisisperiodistico.com\/index.php\/wp-json\/wp\/v2\/types\/post"}],"author":[{"embeddable":true,"href":"https:\/\/contextoanalisisperiodistico.com\/index.php\/wp-json\/wp\/v2\/users\/4"}],"replies":[{"embeddable":true,"href":"https:\/\/contextoanalisisperiodistico.com\/index.php\/wp-json\/wp\/v2\/comments?post=30217"}],"version-history":[{"count":0,"href":"https:\/\/contextoanalisisperiodistico.com\/index.php\/wp-json\/wp\/v2\/posts\/30217\/revisions"}],"wp:featuredmedia":[{"embeddable":true,"href":"https:\/\/contextoanalisisperiodistico.com\/index.php\/wp-json\/wp\/v2\/media\/30216"}],"wp:attachment":[{"href":"https:\/\/contextoanalisisperiodistico.com\/index.php\/wp-json\/wp\/v2\/media?parent=30217"}],"wp:term":[{"taxonomy":"category","embeddable":true,"href":"https:\/\/contextoanalisisperiodistico.com\/index.php\/wp-json\/wp\/v2\/categories?post=30217"},{"taxonomy":"post_tag","embeddable":true,"href":"https:\/\/contextoanalisisperiodistico.com\/index.php\/wp-json\/wp\/v2\/tags?post=30217"}],"curies":[{"name":"wp","href":"https:\/\/api.w.org\/{rel}","templated":true}]}}