{"id":30210,"date":"2024-08-13T14:39:44","date_gmt":"2024-08-13T20:39:44","guid":{"rendered":"https:\/\/contextoanalisisperiodistico.com\/index.php\/2024\/08\/13\/recursos-por-8-7-mdp-modernizan-al-instituto-catastral-de-oaxaca\/"},"modified":"2024-08-13T14:39:44","modified_gmt":"2024-08-13T20:39:44","slug":"recursos-por-8-7-mdp-modernizan-al-instituto-catastral-de-oaxaca","status":"publish","type":"post","link":"https:\/\/contextoanalisisperiodistico.com\/index.php\/2024\/08\/13\/recursos-por-8-7-mdp-modernizan-al-instituto-catastral-de-oaxaca\/","title":{"rendered":"Recursos por 8.7 mdp modernizan al Instituto Catastral de Oaxaca"},"content":{"rendered":"<div id=\"fb-root\"><\/div>\n\n<p>\u2022 El Gobernador Salom\u00f3n Jara entreg\u00f3 243 herramientas tecnol\u00f3gicas para el ICEO<\/p>\n\n\n\n<figure class=\"wp-block-image size-large\"><img fetchpriority=\"high\" decoding=\"async\" width=\"1024\" height=\"682\" src=\"https:\/\/contextoanalisisperiodistico.com\/wp-content\/uploads\/2024\/08\/img-20240813-wa00483111291322568459168-1024x682.jpg\" alt=\"\" class=\"wp-image-30207\" srcset=\"https:\/\/contextoanalisisperiodistico.com\/wp-content\/uploads\/2024\/08\/img-20240813-wa00483111291322568459168-1024x682.jpg 1024w, https:\/\/contextoanalisisperiodistico.com\/wp-content\/uploads\/2024\/08\/img-20240813-wa00483111291322568459168-300x200.jpg 300w, https:\/\/contextoanalisisperiodistico.com\/wp-content\/uploads\/2024\/08\/img-20240813-wa00483111291322568459168-768x512.jpg 768w, https:\/\/contextoanalisisperiodistico.com\/wp-content\/uploads\/2024\/08\/img-20240813-wa00483111291322568459168-1536x1023.jpg 1536w, https:\/\/contextoanalisisperiodistico.com\/wp-content\/uploads\/2024\/08\/img-20240813-wa00483111291322568459168.jpg 1600w\" sizes=\"(max-width: 1024px) 100vw, 1024px\" \/><\/figure>\n\n\n\n<figure class=\"wp-block-image\"><img decoding=\"async\" width=\"1024\" height=\"682\" src=\"https:\/\/contextoanalisisperiodistico.com\/wp-content\/uploads\/2024\/08\/img-20240813-wa0042167939693779931408-1024x682.jpg\" alt=\"\" class=\"wp-image-30205\" srcset=\"https:\/\/contextoanalisisperiodistico.com\/wp-content\/uploads\/2024\/08\/img-20240813-wa0042167939693779931408-1024x682.jpg 1024w, https:\/\/contextoanalisisperiodistico.com\/wp-content\/uploads\/2024\/08\/img-20240813-wa0042167939693779931408-300x200.jpg 300w, https:\/\/contextoanalisisperiodistico.com\/wp-content\/uploads\/2024\/08\/img-20240813-wa0042167939693779931408-768x512.jpg 768w, https:\/\/contextoanalisisperiodistico.com\/wp-content\/uploads\/2024\/08\/img-20240813-wa0042167939693779931408-1536x1023.jpg 1536w, https:\/\/contextoanalisisperiodistico.com\/wp-content\/uploads\/2024\/08\/img-20240813-wa0042167939693779931408.jpg 1600w\" sizes=\"(max-width: 1024px) 100vw, 1024px\" \/><\/figure>\n\n\n\n<figure class=\"wp-block-image\"><img decoding=\"async\" width=\"1024\" height=\"682\" src=\"https:\/\/contextoanalisisperiodistico.com\/wp-content\/uploads\/2024\/08\/img-20240813-wa00438401101604563166602-1024x682.jpg\" alt=\"\" class=\"wp-image-30208\" srcset=\"https:\/\/contextoanalisisperiodistico.com\/wp-content\/uploads\/2024\/08\/img-20240813-wa00438401101604563166602-1024x682.jpg 1024w, https:\/\/contextoanalisisperiodistico.com\/wp-content\/uploads\/2024\/08\/img-20240813-wa00438401101604563166602-300x200.jpg 300w, https:\/\/contextoanalisisperiodistico.com\/wp-content\/uploads\/2024\/08\/img-20240813-wa00438401101604563166602-768x512.jpg 768w, https:\/\/contextoanalisisperiodistico.com\/wp-content\/uploads\/2024\/08\/img-20240813-wa00438401101604563166602-1536x1023.jpg 1536w, https:\/\/contextoanalisisperiodistico.com\/wp-content\/uploads\/2024\/08\/img-20240813-wa00438401101604563166602.jpg 1600w\" sizes=\"(max-width: 1024px) 100vw, 1024px\" \/><\/figure>\n\n\n\n<figure class=\"wp-block-image\"><img loading=\"lazy\" decoding=\"async\" width=\"1024\" height=\"682\" src=\"https:\/\/contextoanalisisperiodistico.com\/wp-content\/uploads\/2024\/08\/img-20240813-wa00459166313986799494592-1024x682.jpg\" alt=\"\" class=\"wp-image-30204\" srcset=\"https:\/\/contextoanalisisperiodistico.com\/wp-content\/uploads\/2024\/08\/img-20240813-wa00459166313986799494592-1024x682.jpg 1024w, https:\/\/contextoanalisisperiodistico.com\/wp-content\/uploads\/2024\/08\/img-20240813-wa00459166313986799494592-300x200.jpg 300w, https:\/\/contextoanalisisperiodistico.com\/wp-content\/uploads\/2024\/08\/img-20240813-wa00459166313986799494592-768x512.jpg 768w, https:\/\/contextoanalisisperiodistico.com\/wp-content\/uploads\/2024\/08\/img-20240813-wa00459166313986799494592-1536x1023.jpg 1536w, https:\/\/contextoanalisisperiodistico.com\/wp-content\/uploads\/2024\/08\/img-20240813-wa00459166313986799494592.jpg 1600w\" sizes=\"(max-width: 1024px) 100vw, 1024px\" \/><\/figure>\n\n\n\n<figure class=\"wp-block-image\"><img loading=\"lazy\" decoding=\"async\" width=\"1024\" height=\"682\" src=\"https:\/\/contextoanalisisperiodistico.com\/wp-content\/uploads\/2024\/08\/img-20240813-wa00415176924307464209214-1024x682.jpg\" alt=\"\" class=\"wp-image-30206\" srcset=\"https:\/\/contextoanalisisperiodistico.com\/wp-content\/uploads\/2024\/08\/img-20240813-wa00415176924307464209214-1024x682.jpg 1024w, https:\/\/contextoanalisisperiodistico.com\/wp-content\/uploads\/2024\/08\/img-20240813-wa00415176924307464209214-300x200.jpg 300w, https:\/\/contextoanalisisperiodistico.com\/wp-content\/uploads\/2024\/08\/img-20240813-wa00415176924307464209214-768x512.jpg 768w, https:\/\/contextoanalisisperiodistico.com\/wp-content\/uploads\/2024\/08\/img-20240813-wa00415176924307464209214-1536x1023.jpg 1536w, https:\/\/contextoanalisisperiodistico.com\/wp-content\/uploads\/2024\/08\/img-20240813-wa00415176924307464209214.jpg 1600w\" sizes=\"(max-width: 1024px) 100vw, 1024px\" \/><\/figure>\n\n\n\n<figure class=\"wp-block-image\"><img loading=\"lazy\" decoding=\"async\" width=\"1024\" height=\"682\" src=\"https:\/\/contextoanalisisperiodistico.com\/wp-content\/uploads\/2024\/08\/img-20240813-wa00478150692784339488733-1024x682.jpg\" alt=\"\" class=\"wp-image-30209\" srcset=\"https:\/\/contextoanalisisperiodistico.com\/wp-content\/uploads\/2024\/08\/img-20240813-wa00478150692784339488733-1024x682.jpg 1024w, https:\/\/contextoanalisisperiodistico.com\/wp-content\/uploads\/2024\/08\/img-20240813-wa00478150692784339488733-300x200.jpg 300w, https:\/\/contextoanalisisperiodistico.com\/wp-content\/uploads\/2024\/08\/img-20240813-wa00478150692784339488733-768x512.jpg 768w, https:\/\/contextoanalisisperiodistico.com\/wp-content\/uploads\/2024\/08\/img-20240813-wa00478150692784339488733-1536x1023.jpg 1536w, https:\/\/contextoanalisisperiodistico.com\/wp-content\/uploads\/2024\/08\/img-20240813-wa00478150692784339488733.jpg 1600w\" sizes=\"(max-width: 1024px) 100vw, 1024px\" \/><\/figure>\n\n\n\n<p>\u2022 Se brinda certeza y seguridad jur\u00eddica patrimonial a las familias oaxaque\u00f1as<\/p>\n\n\n\n<p>Oaxaca de Ju\u00e1rez, Oax. 13 agosto de 2024.- Por segundo a\u00f1o consecutivo, el Gobernador Salom\u00f3n Jara Cruz entreg\u00f3 equipos tecnol\u00f3gicos del programa de Modernizaci\u00f3n Catastral 2024, el cual tuvo una inversi\u00f3n de 8.7 millones de pesos.<\/p>\n\n\n\n<p>Estos recursos que brindan el Gobierno de Oaxaca y la Secretar\u00eda de Desarrollo Agrario, Territorial y Urbano (Sedatu) del Gobierno de M\u00e9xico, permitir\u00e1n elevar la eficiencia de la administraci\u00f3n a trav\u00e9s del Instituto Catastral del Estado (ICEO) y sus 35 delegaciones en la entidad para brindar certeza y seguridad jur\u00eddica patrimonial a las familias oaxaque\u00f1as.<\/p>\n\n\n\n<p>En su intervenci\u00f3n, el Mandatario estatal destac\u00f3 que el Gobierno de la Primavera Oaxaque\u00f1a est\u00e1 plenamente comprometido con la modernizaci\u00f3n de las instituciones, que deben operar con las tecnolog\u00edas necesarias que permitan ser m\u00e1s eficaz en los distintos rubros de la gesti\u00f3n p\u00fablica.<\/p>\n\n\n\n<p>\u201cSe trata de un programa que contribuye al ordenamiento y a la planeaci\u00f3n territorial a trav\u00e9s de la modernizaci\u00f3n de las dependencias registrales y catastrales que cumplen un trabajo fundamental en la vida institucional de la naci\u00f3n\u201d, dijo.<\/p>\n\n\n\n<p>Con este recurso se adquirieron 243 herramientas como equipo de c\u00f3mputo, sistemas digitales, drones y otros insumos de \u00faltima generaci\u00f3n para la innovaci\u00f3n y optimizaci\u00f3n de los tr\u00e1mites en la dependencia.<\/p>\n\n\n\n<p>\u201cBajo el eje Gobierno Honesto, Cercano y Transparente al servicio de los pueblos y comunidades, hoy renovamos la infraestructura tecnol\u00f3gica de este instituto para dignificar su labor en bien del pueblo. Para la Primavera Oaxaque\u00f1a la eficiencia y la transparencia son el motor de una gesti\u00f3n p\u00fablica de excelencia\u201d, resalt\u00f3 Jara Cruz.<\/p>\n\n\n\n<p>Tanto el secretario de Finanzas, Farid Acevedo L\u00f3pez, como el titular del ICEO, Gilberto Melo Guzm\u00e1n, expusieron que los servicios que brinda la dependencia catastral pas\u00f3 del lugar 31 al 23, con un avance significativo en el primer a\u00f1o de gesti\u00f3n de la actual administraci\u00f3n estatal.<\/p>\n\n\n\n<p>-0-<\/p>\n","protected":false},"excerpt":{"rendered":"<p>\u2022 El Gobernador Salom\u00f3n Jara entreg\u00f3 243 herramientas tecnol\u00f3gicas para el ICEO \u2022 Se brinda&#8230;<\/p>\n","protected":false},"author":4,"featured_media":30203,"comment_status":"","ping_status":"open","sticky":false,"template":"","format":"standard","meta":{"footnotes":""},"categories":[9],"tags":[],"jetpack_sharing_enabled":true,"featured_image_urls":{"full":["https:\/\/contextoanalisisperiodistico.com\/wp-content\/uploads\/2024\/08\/IMG-20240813-WA0044.jpg",1600,1066,false],"thumbnail":["https:\/\/contextoanalisisperiodistico.com\/wp-content\/uploads\/2024\/08\/IMG-20240813-WA0044-150x150.jpg",150,150,true],"medium":["https:\/\/contextoanalisisperiodistico.com\/wp-content\/uploads\/2024\/08\/IMG-20240813-WA0044-300x200.jpg",300,200,true],"medium_large":["https:\/\/contextoanalisisperiodistico.com\/wp-content\/uploads\/2024\/08\/IMG-20240813-WA0044-768x512.jpg",640,427,true],"large":["https:\/\/contextoanalisisperiodistico.com\/wp-content\/uploads\/2024\/08\/IMG-20240813-WA0044-1024x682.jpg",640,426,true],"1536x1536":["https:\/\/contextoanalisisperiodistico.com\/wp-content\/uploads\/2024\/08\/IMG-20240813-WA0044-1536x1023.jpg",1536,1023,true],"2048x2048":["https:\/\/contextoanalisisperiodistico.com\/wp-content\/uploads\/2024\/08\/IMG-20240813-WA0044.jpg",1600,1066,false],"covernews-slider-full":["https:\/\/contextoanalisisperiodistico.com\/wp-content\/uploads\/2024\/08\/IMG-20240813-WA0044-1115x715.jpg",1115,715,true],"covernews-slider-center":["https:\/\/contextoanalisisperiodistico.com\/wp-content\/uploads\/2024\/08\/IMG-20240813-WA0044-800x500.jpg",800,500,true],"covernews-featured":["https:\/\/contextoanalisisperiodistico.com\/wp-content\/uploads\/2024\/08\/IMG-20240813-WA0044-1024x682.jpg",1024,682,true],"covernews-medium":["https:\/\/contextoanalisisperiodistico.com\/wp-content\/uploads\/2024\/08\/IMG-20240813-WA0044-540x340.jpg",540,340,true],"covernews-medium-square":["https:\/\/contextoanalisisperiodistico.com\/wp-content\/uploads\/2024\/08\/IMG-20240813-WA0044-400x250.jpg",400,250,true]},"author_info":{"display_name":"Mario Gir\u00f3n","author_link":"https:\/\/contextoanalisisperiodistico.com\/index.php\/author\/director\/"},"category_info":"<a href=\"https:\/\/contextoanalisisperiodistico.com\/index.php\/category\/politica\/\" rel=\"category tag\">Pol\u00edtica<\/a>","tag_info":"Pol\u00edtica","comment_count":"0","jetpack_featured_media_url":"https:\/\/contextoanalisisperiodistico.com\/wp-content\/uploads\/2024\/08\/IMG-20240813-WA0044.jpg","_links":{"self":[{"href":"https:\/\/contextoanalisisperiodistico.com\/index.php\/wp-json\/wp\/v2\/posts\/30210"}],"collection":[{"href":"https:\/\/contextoanalisisperiodistico.com\/index.php\/wp-json\/wp\/v2\/posts"}],"about":[{"href":"https:\/\/contextoanalisisperiodistico.com\/index.php\/wp-json\/wp\/v2\/types\/post"}],"author":[{"embeddable":true,"href":"https:\/\/contextoanalisisperiodistico.com\/index.php\/wp-json\/wp\/v2\/users\/4"}],"replies":[{"embeddable":true,"href":"https:\/\/contextoanalisisperiodistico.com\/index.php\/wp-json\/wp\/v2\/comments?post=30210"}],"version-history":[{"count":0,"href":"https:\/\/contextoanalisisperiodistico.com\/index.php\/wp-json\/wp\/v2\/posts\/30210\/revisions"}],"wp:featuredmedia":[{"embeddable":true,"href":"https:\/\/contextoanalisisperiodistico.com\/index.php\/wp-json\/wp\/v2\/media\/30203"}],"wp:attachment":[{"href":"https:\/\/contextoanalisisperiodistico.com\/index.php\/wp-json\/wp\/v2\/media?parent=30210"}],"wp:term":[{"taxonomy":"category","embeddable":true,"href":"https:\/\/contextoanalisisperiodistico.com\/index.php\/wp-json\/wp\/v2\/categories?post=30210"},{"taxonomy":"post_tag","embeddable":true,"href":"https:\/\/contextoanalisisperiodistico.com\/index.php\/wp-json\/wp\/v2\/tags?post=30210"}],"curies":[{"name":"wp","href":"https:\/\/api.w.org\/{rel}","templated":true}]}}