{"id":30202,"date":"2024-08-13T14:29:50","date_gmt":"2024-08-13T20:29:50","guid":{"rendered":"https:\/\/contextoanalisisperiodistico.com\/index.php\/2024\/08\/13\/avanza-parque-primavera-oaxaquena-obra-que-impulsara-el-desarrollo-integral-y-sostenible-de-la-poblacion\/"},"modified":"2024-08-13T14:29:50","modified_gmt":"2024-08-13T20:29:50","slug":"avanza-parque-primavera-oaxaquena-obra-que-impulsara-el-desarrollo-integral-y-sostenible-de-la-poblacion","status":"publish","type":"post","link":"https:\/\/contextoanalisisperiodistico.com\/index.php\/2024\/08\/13\/avanza-parque-primavera-oaxaquena-obra-que-impulsara-el-desarrollo-integral-y-sostenible-de-la-poblacion\/","title":{"rendered":"Avanza Parque Primavera Oaxaque\u00f1a, obra que impulsar\u00e1 el desarrollo integral y sostenible de la poblaci\u00f3n"},"content":{"rendered":"<div id=\"fb-root\"><\/div>\n\n<p>\u2022 Registra el 68.4 por ciento del trabajo; destacan las labores en el Museo del Ma\u00edz, Skatepark, Canal Pluvial, Cancha de F\u00fatbol 7 y Espejo de Agua<\/p>\n\n\n\n\n\n<figure class=\"wp-block-image size-large\"><img fetchpriority=\"high\" decoding=\"async\" width=\"1024\" height=\"574\" src=\"https:\/\/contextoanalisisperiodistico.com\/wp-content\/uploads\/2024\/08\/img-20240813-wa00338464330778949950305-1024x574.jpg\" alt=\"\" class=\"wp-image-30200\" srcset=\"https:\/\/contextoanalisisperiodistico.com\/wp-content\/uploads\/2024\/08\/img-20240813-wa00338464330778949950305-1024x574.jpg 1024w, https:\/\/contextoanalisisperiodistico.com\/wp-content\/uploads\/2024\/08\/img-20240813-wa00338464330778949950305-300x168.jpg 300w, https:\/\/contextoanalisisperiodistico.com\/wp-content\/uploads\/2024\/08\/img-20240813-wa00338464330778949950305-768x431.jpg 768w, https:\/\/contextoanalisisperiodistico.com\/wp-content\/uploads\/2024\/08\/img-20240813-wa00338464330778949950305.jpg 1280w\" sizes=\"(max-width: 1024px) 100vw, 1024px\" \/><\/figure>\n\n\n\n<figure class=\"wp-block-image\"><img decoding=\"async\" width=\"1024\" height=\"601\" src=\"https:\/\/contextoanalisisperiodistico.com\/wp-content\/uploads\/2024\/08\/img-20240813-wa0029980749437743138657-1024x601.jpg\" alt=\"\" class=\"wp-image-30201\" srcset=\"https:\/\/contextoanalisisperiodistico.com\/wp-content\/uploads\/2024\/08\/img-20240813-wa0029980749437743138657-1024x601.jpg 1024w, https:\/\/contextoanalisisperiodistico.com\/wp-content\/uploads\/2024\/08\/img-20240813-wa0029980749437743138657-300x176.jpg 300w, https:\/\/contextoanalisisperiodistico.com\/wp-content\/uploads\/2024\/08\/img-20240813-wa0029980749437743138657-768x451.jpg 768w, https:\/\/contextoanalisisperiodistico.com\/wp-content\/uploads\/2024\/08\/img-20240813-wa0029980749437743138657.jpg 1280w\" sizes=\"(max-width: 1024px) 100vw, 1024px\" \/><\/figure>\n\n\n\n<figure class=\"wp-block-image\"><img decoding=\"async\" width=\"1024\" height=\"574\" src=\"https:\/\/contextoanalisisperiodistico.com\/wp-content\/uploads\/2024\/08\/img-20240813-wa00321250481554816164749-1024x574.jpg\" alt=\"\" class=\"wp-image-30198\" srcset=\"https:\/\/contextoanalisisperiodistico.com\/wp-content\/uploads\/2024\/08\/img-20240813-wa00321250481554816164749-1024x574.jpg 1024w, https:\/\/contextoanalisisperiodistico.com\/wp-content\/uploads\/2024\/08\/img-20240813-wa00321250481554816164749-300x168.jpg 300w, https:\/\/contextoanalisisperiodistico.com\/wp-content\/uploads\/2024\/08\/img-20240813-wa00321250481554816164749-768x431.jpg 768w, https:\/\/contextoanalisisperiodistico.com\/wp-content\/uploads\/2024\/08\/img-20240813-wa00321250481554816164749.jpg 1280w\" sizes=\"(max-width: 1024px) 100vw, 1024px\" \/><\/figure>\n\n\n\n<figure class=\"wp-block-image\"><img loading=\"lazy\" decoding=\"async\" width=\"1024\" height=\"574\" src=\"https:\/\/contextoanalisisperiodistico.com\/wp-content\/uploads\/2024\/08\/img-20240813-wa00317077567653729500842-1024x574.jpg\" alt=\"\" class=\"wp-image-30199\" srcset=\"https:\/\/contextoanalisisperiodistico.com\/wp-content\/uploads\/2024\/08\/img-20240813-wa00317077567653729500842-1024x574.jpg 1024w, https:\/\/contextoanalisisperiodistico.com\/wp-content\/uploads\/2024\/08\/img-20240813-wa00317077567653729500842-300x168.jpg 300w, https:\/\/contextoanalisisperiodistico.com\/wp-content\/uploads\/2024\/08\/img-20240813-wa00317077567653729500842-768x431.jpg 768w, https:\/\/contextoanalisisperiodistico.com\/wp-content\/uploads\/2024\/08\/img-20240813-wa00317077567653729500842.jpg 1280w\" sizes=\"(max-width: 1024px) 100vw, 1024px\" \/><\/figure>\n\n\n\n<p>Oaxaca de Ju\u00e1rez, Oax. 13 de agosto de 2024.- Mediante un recorrido guiado, el titular de la Secretar\u00eda de las Infraestructuras y Comunicaciones, Netzahualc\u00f3yotl Salvatierra L\u00f3pez mostr\u00f3 el 68.4 por ciento de avance del Parque Primavera Oaxaque\u00f1a, obra monumental que impulsar\u00e1 el desarrollo integral y sostenible de m\u00e1s de 447 mil personas, principalmente de ni\u00f1as, ni\u00f1os y adolescentes.<\/p>\n\n\n\n<p>Ante representantes de los medios de comunicaci\u00f3n, el funcionario inform\u00f3 que este proyecto da cumplimiento a diversos ejes que impulsa el Gobierno que encabeza Salom\u00f3n Jara Cruz, como son La Reparaci\u00f3n Hist\u00f3rica de los Pueblos a trav\u00e9s de las Pol\u00edticas de Bienestar Transformador y Un Nuevo Pacto Social, ya que las actividades que se desarrollar\u00e1n ser\u00e1n de car\u00e1cter cultural, deportivo, educativo y sustentable.<\/p>\n\n\n\n<p>Destac\u00f3 que en este recinto se efectuar\u00e1n trabajos de captaci\u00f3n de agua, as\u00ed como la perforaci\u00f3n de pozos de captaci\u00f3n e infiltraci\u00f3n que permitir\u00e1n atender las necesidades h\u00eddricas del Parque y sus alrededores.<\/p>\n\n\n\n<p>Entre las \u00e1reas que se construyen en este espacio -que se ubica entre la carretera a Monte Alb\u00e1n y Riberas del R\u00edo Atoyac, en Oaxaca de Ju\u00e1rez, con una superficie total de 11.84 hect\u00e1reas- destaca el progreso del Museo del Ma\u00edz; Skatepark; Canal Pluvial; Cancha de F\u00fatbol 7; Espejo de Agua; Calzada Norte; Caseta de Vigilancia; Petanca y Cancha Multiprop\u00f3sito.<\/p>\n\n\n\n<p>Adem\u00e1s de la Cancha F\u00fatbol 5; Jard\u00edn Etnobot\u00e1nico; Recinto Ferial; Recinto Cultural; Arenero y Pista de Atletismo. Tambi\u00e9n, a lo largo del per\u00edmetro del recinto se construye un estacionamiento que albergar\u00e1 m\u00e1s de 350 veh\u00edculos.<\/p>\n\n\n\n<p>En la decoraci\u00f3n del lugar participan artistas pl\u00e1sticos como los maestros Shinzaburo Takeda y Ad\u00e1n Paredes, que encabezan la creaci\u00f3n de un mural de cer\u00e1mica que ser\u00e1 colocado en el Arenero. Este proyecto incluye a infancias y adolescencias de los pueblos originarios y afromexicanos, quienes plasman en losetas dise\u00f1os de animales, aves y flores.<\/p>\n\n\n\n<p>Cabe destacar que este predio anteriormente fue una f\u00e1brica de triplay, por lo que en la obra se procur\u00f3 rescatar ese tipo de arquitectura, a fin de preservar y ocupar en la medida de lo posible las infraestructuras que se encuentran en buenas condiciones.<\/p>\n\n\n\n<p>El Parque tendr\u00e1 una inversi\u00f3n superior a los 300 millones de pesos para la creaci\u00f3n de m\u00e1s de 30 \u00e1reas de esparcimiento. En las labores participan m\u00e1s de 400 personas de manera directa e indirecta, de las cuales el 83 por ciento son oaxaque\u00f1as.<\/p>\n\n\n\n<p>Finalmente, Salvatierra L\u00f3pez dio a conocer que de manera conjunta se llevar\u00e1 a cabo un proyecto integral, en el que se atender\u00e1n temas como movilidad, saneamiento, deporte, campo, cultura, turismo, interculturalidad, seguridad, entre otros, para garantizar el uso del recinto.<\/p>\n\n\n\n<p>-0-<\/p>\n","protected":false},"excerpt":{"rendered":"<p>\u2022 Registra el 68.4 por ciento del trabajo; destacan las labores en el Museo del&#8230;<\/p>\n","protected":false},"author":4,"featured_media":30197,"comment_status":"","ping_status":"open","sticky":false,"template":"","format":"standard","meta":{"footnotes":""},"categories":[9],"tags":[],"jetpack_sharing_enabled":true,"featured_image_urls":{"full":["https:\/\/contextoanalisisperiodistico.com\/wp-content\/uploads\/2024\/08\/IMG-20240813-WA0030.jpg",1280,718,false],"thumbnail":["https:\/\/contextoanalisisperiodistico.com\/wp-content\/uploads\/2024\/08\/IMG-20240813-WA0030-150x150.jpg",150,150,true],"medium":["https:\/\/contextoanalisisperiodistico.com\/wp-content\/uploads\/2024\/08\/IMG-20240813-WA0030-300x168.jpg",300,168,true],"medium_large":["https:\/\/contextoanalisisperiodistico.com\/wp-content\/uploads\/2024\/08\/IMG-20240813-WA0030-768x431.jpg",640,359,true],"large":["https:\/\/contextoanalisisperiodistico.com\/wp-content\/uploads\/2024\/08\/IMG-20240813-WA0030-1024x574.jpg",640,359,true],"1536x1536":["https:\/\/contextoanalisisperiodistico.com\/wp-content\/uploads\/2024\/08\/IMG-20240813-WA0030.jpg",1280,718,false],"2048x2048":["https:\/\/contextoanalisisperiodistico.com\/wp-content\/uploads\/2024\/08\/IMG-20240813-WA0030.jpg",1280,718,false],"covernews-slider-full":["https:\/\/contextoanalisisperiodistico.com\/wp-content\/uploads\/2024\/08\/IMG-20240813-WA0030-1115x715.jpg",1115,715,true],"covernews-slider-center":["https:\/\/contextoanalisisperiodistico.com\/wp-content\/uploads\/2024\/08\/IMG-20240813-WA0030-800x500.jpg",800,500,true],"covernews-featured":["https:\/\/contextoanalisisperiodistico.com\/wp-content\/uploads\/2024\/08\/IMG-20240813-WA0030-1024x574.jpg",1024,574,true],"covernews-medium":["https:\/\/contextoanalisisperiodistico.com\/wp-content\/uploads\/2024\/08\/IMG-20240813-WA0030-540x340.jpg",540,340,true],"covernews-medium-square":["https:\/\/contextoanalisisperiodistico.com\/wp-content\/uploads\/2024\/08\/IMG-20240813-WA0030-400x250.jpg",400,250,true]},"author_info":{"display_name":"Mario Gir\u00f3n","author_link":"https:\/\/contextoanalisisperiodistico.com\/index.php\/author\/director\/"},"category_info":"<a href=\"https:\/\/contextoanalisisperiodistico.com\/index.php\/category\/politica\/\" rel=\"category tag\">Pol\u00edtica<\/a>","tag_info":"Pol\u00edtica","comment_count":"0","jetpack_featured_media_url":"https:\/\/contextoanalisisperiodistico.com\/wp-content\/uploads\/2024\/08\/IMG-20240813-WA0030.jpg","_links":{"self":[{"href":"https:\/\/contextoanalisisperiodistico.com\/index.php\/wp-json\/wp\/v2\/posts\/30202"}],"collection":[{"href":"https:\/\/contextoanalisisperiodistico.com\/index.php\/wp-json\/wp\/v2\/posts"}],"about":[{"href":"https:\/\/contextoanalisisperiodistico.com\/index.php\/wp-json\/wp\/v2\/types\/post"}],"author":[{"embeddable":true,"href":"https:\/\/contextoanalisisperiodistico.com\/index.php\/wp-json\/wp\/v2\/users\/4"}],"replies":[{"embeddable":true,"href":"https:\/\/contextoanalisisperiodistico.com\/index.php\/wp-json\/wp\/v2\/comments?post=30202"}],"version-history":[{"count":0,"href":"https:\/\/contextoanalisisperiodistico.com\/index.php\/wp-json\/wp\/v2\/posts\/30202\/revisions"}],"wp:featuredmedia":[{"embeddable":true,"href":"https:\/\/contextoanalisisperiodistico.com\/index.php\/wp-json\/wp\/v2\/media\/30197"}],"wp:attachment":[{"href":"https:\/\/contextoanalisisperiodistico.com\/index.php\/wp-json\/wp\/v2\/media?parent=30202"}],"wp:term":[{"taxonomy":"category","embeddable":true,"href":"https:\/\/contextoanalisisperiodistico.com\/index.php\/wp-json\/wp\/v2\/categories?post=30202"},{"taxonomy":"post_tag","embeddable":true,"href":"https:\/\/contextoanalisisperiodistico.com\/index.php\/wp-json\/wp\/v2\/tags?post=30202"}],"curies":[{"name":"wp","href":"https:\/\/api.w.org\/{rel}","templated":true}]}}