{"id":30196,"date":"2024-08-13T14:25:33","date_gmt":"2024-08-13T20:25:33","guid":{"rendered":"https:\/\/contextoanalisisperiodistico.com\/index.php\/2024\/08\/13\/entre-las-montanas-de-la-sierra-sur-se-celebrara-la-guelaguetza-ni-wan-doo\/"},"modified":"2024-08-13T14:25:33","modified_gmt":"2024-08-13T20:25:33","slug":"entre-las-montanas-de-la-sierra-sur-se-celebrara-la-guelaguetza-ni-wan-doo","status":"publish","type":"post","link":"https:\/\/contextoanalisisperiodistico.com\/index.php\/2024\/08\/13\/entre-las-montanas-de-la-sierra-sur-se-celebrara-la-guelaguetza-ni-wan-doo\/","title":{"rendered":"Entre las monta\u00f1as de la Sierra Sur, se celebrar\u00e1 la Guelaguetza Ni Wan do\u2019o"},"content":{"rendered":"<div id=\"fb-root\"><\/div>\n\n<p>\u2022 La Sectur Oaxaca y autoridades de San Mateo R\u00edo Hondo anunciaron la Guelaguetza regional que se llevar\u00e1 a cabo el 24 y 25 de agosto<\/p>\n\n\n\n<figure class=\"wp-block-video\"><video controls src=\"https:\/\/contextoanalisisperiodistico.com\/wp-content\/uploads\/2024\/08\/VID-20240813-WA0038.mp4\"><\/video><\/figure>\n\n\n\n<figure class=\"wp-block-image size-large\"><img fetchpriority=\"high\" decoding=\"async\" width=\"1024\" height=\"682\" src=\"https:\/\/contextoanalisisperiodistico.com\/wp-content\/uploads\/2024\/08\/img-20240813-wa00365210648534402126363-1024x682.jpg\" alt=\"\" class=\"wp-image-30193\" srcset=\"https:\/\/contextoanalisisperiodistico.com\/wp-content\/uploads\/2024\/08\/img-20240813-wa00365210648534402126363-1024x682.jpg 1024w, https:\/\/contextoanalisisperiodistico.com\/wp-content\/uploads\/2024\/08\/img-20240813-wa00365210648534402126363-300x200.jpg 300w, https:\/\/contextoanalisisperiodistico.com\/wp-content\/uploads\/2024\/08\/img-20240813-wa00365210648534402126363-768x512.jpg 768w, https:\/\/contextoanalisisperiodistico.com\/wp-content\/uploads\/2024\/08\/img-20240813-wa00365210648534402126363-1536x1023.jpg 1536w, https:\/\/contextoanalisisperiodistico.com\/wp-content\/uploads\/2024\/08\/img-20240813-wa00365210648534402126363.jpg 1600w\" sizes=\"(max-width: 1024px) 100vw, 1024px\" \/><\/figure>\n\n\n\n<figure class=\"wp-block-image\"><img decoding=\"async\" width=\"1024\" height=\"682\" src=\"https:\/\/contextoanalisisperiodistico.com\/wp-content\/uploads\/2024\/08\/img-20240813-wa00372920012306613456980-1024x682.jpg\" alt=\"\" class=\"wp-image-30194\" srcset=\"https:\/\/contextoanalisisperiodistico.com\/wp-content\/uploads\/2024\/08\/img-20240813-wa00372920012306613456980-1024x682.jpg 1024w, https:\/\/contextoanalisisperiodistico.com\/wp-content\/uploads\/2024\/08\/img-20240813-wa00372920012306613456980-300x200.jpg 300w, https:\/\/contextoanalisisperiodistico.com\/wp-content\/uploads\/2024\/08\/img-20240813-wa00372920012306613456980-768x512.jpg 768w, https:\/\/contextoanalisisperiodistico.com\/wp-content\/uploads\/2024\/08\/img-20240813-wa00372920012306613456980-1536x1023.jpg 1536w, https:\/\/contextoanalisisperiodistico.com\/wp-content\/uploads\/2024\/08\/img-20240813-wa00372920012306613456980.jpg 1600w\" sizes=\"(max-width: 1024px) 100vw, 1024px\" \/><\/figure>\n\n\n\n<figure class=\"wp-block-image\"><img decoding=\"async\" width=\"1024\" height=\"682\" src=\"https:\/\/contextoanalisisperiodistico.com\/wp-content\/uploads\/2024\/08\/img-20240813-wa00356067848386255598773-1024x682.jpg\" alt=\"\" class=\"wp-image-30195\" srcset=\"https:\/\/contextoanalisisperiodistico.com\/wp-content\/uploads\/2024\/08\/img-20240813-wa00356067848386255598773-1024x682.jpg 1024w, https:\/\/contextoanalisisperiodistico.com\/wp-content\/uploads\/2024\/08\/img-20240813-wa00356067848386255598773-300x200.jpg 300w, https:\/\/contextoanalisisperiodistico.com\/wp-content\/uploads\/2024\/08\/img-20240813-wa00356067848386255598773-768x512.jpg 768w, https:\/\/contextoanalisisperiodistico.com\/wp-content\/uploads\/2024\/08\/img-20240813-wa00356067848386255598773-1536x1023.jpg 1536w, https:\/\/contextoanalisisperiodistico.com\/wp-content\/uploads\/2024\/08\/img-20240813-wa00356067848386255598773.jpg 1600w\" sizes=\"(max-width: 1024px) 100vw, 1024px\" \/><\/figure>\n\n\n\n<p>Oaxaca de Ju\u00e1rez, Oax., 13 de agosto de 2024.- En la Sierra Sur se compartir\u00e1n las tradiciones y hermandad de los pueblos oaxaque\u00f1os con la Guelaguetza N\u00ed Wan do&#8217;o, que se celebrar\u00e1 el pr\u00f3ximo 24 y 25 de agosto en San Mateo R\u00edo Hondo.<\/p>\n\n\n\n<p>La secretaria de Turismo Saymi Pineda Velasco resalt\u00f3 que, para la administraci\u00f3n que encabeza el Gobernador del Estado Salom\u00f3n Jara Cruz, es prioridad promover la identidad y herencia cultural de la entidad para impulsar el desarrollo integral y sustentable y la reparaci\u00f3n hist\u00f3rica de los pueblos de Oaxaca.<\/p>\n\n\n\n<p>Dijo que esta es una de las Guelaguetzas regionales, tal como las que se han realizado en la Sierra de Ju\u00e1rez, la Mixteca y de la Costa, en las que se trabaja para convertir al turismo en una herramienta de reconciliaci\u00f3n social.<\/p>\n\n\n\n<p>Detall\u00f3 que, enclavada en las monta\u00f1as de la regi\u00f3n de la Sierra Sur y la \u201cRuta del Caf\u00e9 Pluma, Aromas de la Sierra Sur\u201d, la poblaci\u00f3n de San Mateo R\u00edo Hondo ser\u00e1 la sede de una fiesta de hermandad que reunir\u00e1 a nueve delegaciones en un convite que se llevar\u00e1 a cabo el 25 de agosto a partir de las 11:00 horas.<\/p>\n\n\n\n<p>Posteriormente, dijo, en la Plaza Central La Colmena, compartir\u00e1n su algarab\u00eda y colorido; Villa Sola de Vega, San Pedro Amuzgos, Putla Villa de Guerrero, San Carlos Yautepec, Miahuatl\u00e1n de Porfirio D\u00edaz, Santa Mar\u00eda Zacatepec, Santa Catarina Juquila, San Agust\u00edn Loxicha y San Pedro Pochutla.<\/p>\n\n\n\n<p>En esta celebraci\u00f3n tambi\u00e9n se presentar\u00e1n participantes del Primer Concurso de Composici\u00f3n de la Canci\u00f3n Oaxaque\u00f1a 2024 \u201cCanto de mi tierra\u201d; la agrupaci\u00f3n Voces de Le\u00f3n, la Banda Filarm\u00f3nica Infantil y Juvenil de Santiago Xanica y el compositor Chava Eda\u00edn con la Banda Juvenil Alma del Sur.<\/p>\n\n\n\n<p>Asimismo, anunci\u00f3 que en el marco de la Guelaguetza regional se llevar\u00e1 a cabo la Expo Feria Artesanal, Gastron\u00f3mica y Tur\u00edstica en la que se ofertar\u00e1n productos de localidades de la Sierra Sur.<\/p>\n\n\n\n<p>Agreg\u00f3 que a 3 horas y media de la Ciudad de Oaxaca y a tres horas de Bah\u00edas de Huatulco se encuentra San Mateo R\u00edo Hondo, municipio al que pertenece la poblaci\u00f3n de San Jos\u00e9 del Pacifico, donde tambi\u00e9n se festejar\u00e1 del 6 al 8 de agosto el Festival Cultural del Hongo.<\/p>\n\n\n\n<p>En este anuncio tambi\u00e9n se cont\u00f3 con la presencia del Comisionado Municipal de San Mateo R\u00edo Hondo, Jos\u00e9 Ra\u00fal Arias Toral; el presidente del Comit\u00e9 de Turismo de San Jos\u00e9 del Pacifico, Eusebio Lorenzo Ram\u00edrez Garc\u00eda, as\u00ed como prestadoras y prestadores de servicios tur\u00edsticos de San Mateo R\u00edo Hondo.<\/p>\n\n\n\n<p>-0-<\/p>\n","protected":false},"excerpt":{"rendered":"<p>\u2022 La Sectur Oaxaca y autoridades de San Mateo R\u00edo Hondo anunciaron la Guelaguetza regional&#8230;<\/p>\n","protected":false},"author":4,"featured_media":30191,"comment_status":"","ping_status":"open","sticky":false,"template":"","format":"standard","meta":{"footnotes":""},"categories":[9],"tags":[],"jetpack_sharing_enabled":true,"featured_image_urls":{"full":["https:\/\/contextoanalisisperiodistico.com\/wp-content\/uploads\/2024\/08\/IMG-20240813-WA0034.jpg",1600,1066,false],"thumbnail":["https:\/\/contextoanalisisperiodistico.com\/wp-content\/uploads\/2024\/08\/IMG-20240813-WA0034-150x150.jpg",150,150,true],"medium":["https:\/\/contextoanalisisperiodistico.com\/wp-content\/uploads\/2024\/08\/IMG-20240813-WA0034-300x200.jpg",300,200,true],"medium_large":["https:\/\/contextoanalisisperiodistico.com\/wp-content\/uploads\/2024\/08\/IMG-20240813-WA0034-768x512.jpg",640,427,true],"large":["https:\/\/contextoanalisisperiodistico.com\/wp-content\/uploads\/2024\/08\/IMG-20240813-WA0034-1024x682.jpg",640,426,true],"1536x1536":["https:\/\/contextoanalisisperiodistico.com\/wp-content\/uploads\/2024\/08\/IMG-20240813-WA0034-1536x1023.jpg",1536,1023,true],"2048x2048":["https:\/\/contextoanalisisperiodistico.com\/wp-content\/uploads\/2024\/08\/IMG-20240813-WA0034.jpg",1600,1066,false],"covernews-slider-full":["https:\/\/contextoanalisisperiodistico.com\/wp-content\/uploads\/2024\/08\/IMG-20240813-WA0034-1115x715.jpg",1115,715,true],"covernews-slider-center":["https:\/\/contextoanalisisperiodistico.com\/wp-content\/uploads\/2024\/08\/IMG-20240813-WA0034-800x500.jpg",800,500,true],"covernews-featured":["https:\/\/contextoanalisisperiodistico.com\/wp-content\/uploads\/2024\/08\/IMG-20240813-WA0034-1024x682.jpg",1024,682,true],"covernews-medium":["https:\/\/contextoanalisisperiodistico.com\/wp-content\/uploads\/2024\/08\/IMG-20240813-WA0034-540x340.jpg",540,340,true],"covernews-medium-square":["https:\/\/contextoanalisisperiodistico.com\/wp-content\/uploads\/2024\/08\/IMG-20240813-WA0034-400x250.jpg",400,250,true]},"author_info":{"display_name":"Mario Gir\u00f3n","author_link":"https:\/\/contextoanalisisperiodistico.com\/index.php\/author\/director\/"},"category_info":"<a href=\"https:\/\/contextoanalisisperiodistico.com\/index.php\/category\/politica\/\" rel=\"category tag\">Pol\u00edtica<\/a>","tag_info":"Pol\u00edtica","comment_count":"0","jetpack_featured_media_url":"https:\/\/contextoanalisisperiodistico.com\/wp-content\/uploads\/2024\/08\/IMG-20240813-WA0034.jpg","_links":{"self":[{"href":"https:\/\/contextoanalisisperiodistico.com\/index.php\/wp-json\/wp\/v2\/posts\/30196"}],"collection":[{"href":"https:\/\/contextoanalisisperiodistico.com\/index.php\/wp-json\/wp\/v2\/posts"}],"about":[{"href":"https:\/\/contextoanalisisperiodistico.com\/index.php\/wp-json\/wp\/v2\/types\/post"}],"author":[{"embeddable":true,"href":"https:\/\/contextoanalisisperiodistico.com\/index.php\/wp-json\/wp\/v2\/users\/4"}],"replies":[{"embeddable":true,"href":"https:\/\/contextoanalisisperiodistico.com\/index.php\/wp-json\/wp\/v2\/comments?post=30196"}],"version-history":[{"count":0,"href":"https:\/\/contextoanalisisperiodistico.com\/index.php\/wp-json\/wp\/v2\/posts\/30196\/revisions"}],"wp:featuredmedia":[{"embeddable":true,"href":"https:\/\/contextoanalisisperiodistico.com\/index.php\/wp-json\/wp\/v2\/media\/30191"}],"wp:attachment":[{"href":"https:\/\/contextoanalisisperiodistico.com\/index.php\/wp-json\/wp\/v2\/media?parent=30196"}],"wp:term":[{"taxonomy":"category","embeddable":true,"href":"https:\/\/contextoanalisisperiodistico.com\/index.php\/wp-json\/wp\/v2\/categories?post=30196"},{"taxonomy":"post_tag","embeddable":true,"href":"https:\/\/contextoanalisisperiodistico.com\/index.php\/wp-json\/wp\/v2\/tags?post=30196"}],"curies":[{"name":"wp","href":"https:\/\/api.w.org\/{rel}","templated":true}]}}