{"id":30183,"date":"2024-08-13T14:16:29","date_gmt":"2024-08-13T20:16:29","guid":{"rendered":"https:\/\/contextoanalisisperiodistico.com\/index.php\/2024\/08\/13\/refrenda-gobierno-de-oaxaca-fortalecer-el-compromiso-del-dialogo-intercultural-con-los-pueblos-originarios\/"},"modified":"2024-08-13T14:16:29","modified_gmt":"2024-08-13T20:16:29","slug":"refrenda-gobierno-de-oaxaca-fortalecer-el-compromiso-del-dialogo-intercultural-con-los-pueblos-originarios","status":"publish","type":"post","link":"https:\/\/contextoanalisisperiodistico.com\/index.php\/2024\/08\/13\/refrenda-gobierno-de-oaxaca-fortalecer-el-compromiso-del-dialogo-intercultural-con-los-pueblos-originarios\/","title":{"rendered":"Refrenda Gobierno de Oaxaca fortalecer el&nbsp; compromiso del di\u00e1logo intercultural con los pueblos originarios"},"content":{"rendered":"<div id=\"fb-root\"><\/div>\n\n<p>\u2022 El Gobernador Salom\u00f3n Jara Cruz inaugur\u00f3 la ponencia Retos y Perspectivas Ind\u00edgenas, actividad efectuada en el marco del D\u00eda Internacional de los Pueblos Ind\u00edgenas<\/p>\n\n\n\n<p>San Pedro Ixtlahuaca, Oax. 13 de agosto de 2024.- \u201cEs tiempo de justicia y de la defensa de los derechos sociales, pol\u00edticos y culturales de las comunidades de Oaxaca\u201d, se\u00f1al\u00f3 el Gobernador Salom\u00f3n Jara Cruz al inaugurar la ponencia Retos y Perspectivas Ind\u00edgenas realizada en San Pedro Ixtlahuaca.<\/p>\n\n\n\n<p>Durante la actividad efectuada en el marco del D\u00eda Internacional de los Pueblos Ind\u00edgenas, el Mandatario estatal refrend\u00f3 el compromiso de la Primavera Oaxaque\u00f1a para fortalecer el di\u00e1logo intercultural que ponga en relieve el legado de quienes son presencia viva y profunda de las ra\u00edces milenarias.<\/p>\n\n\n\n<p>\u201cNuestro Gobierno avanza con el trabajo territorial en el que todos y todas son escuchados para que nadie se quede atr\u00e1s y nadie se quede afuera; abramos juntos una nueva puerta de esperanza\u201d, asever\u00f3.<\/p>\n\n\n\n<p>En este marco, Jara Cruz reconoci\u00f3 la gran diversidad cultural que alberga Oaxaca a trav\u00e9s de sus 16 etnias y el pueblo afromexicano, en las que -dijo- se preserva la esencia de sus lenguas, indumentaria, colores, sabores, gozona y guelaguetza.<\/p>\n\n\n\n<p>La representante de la Diosa Cent\u00e9otl 2024, Juana Hern\u00e1ndez L\u00f3pez destac\u00f3 la importancia de transmitir esta herencia en ni\u00f1as, ni\u00f1os y adolescentes, misma que se ha compartido durante varias generaciones y demuestra el valor de cada cultura.<\/p>\n\n\n\n<p>En tanto, la secretaria de Interculturalidad, Pueblos y Comunidades Ind\u00edgenas y Afromexicanas, Berta Ruth Arreola Ru\u00edz subray\u00f3 la relevancia de crear espacios de di\u00e1logo y reflexi\u00f3n para abordar los desaf\u00edos que enfrentan los pueblos ind\u00edgenas en la actualidad, a fin de implementar pol\u00edticas p\u00fablicas que promuevan su respeto e inclusi\u00f3n.<\/p>\n\n\n\n<p>Por su parte, la autoridad municipal de San Pedro Ixtlahuaca ratific\u00f3 el compromiso de su administraci\u00f3n con la protecci\u00f3n y promoci\u00f3n de las tradiciones ind\u00edgenas. Agradeci\u00f3 la creaci\u00f3n de estos encuentros que son cruciales para sensibilizar a la sociedad sobre la riqueza de las comunidades originarias.<\/p>\n\n\n\n<p>En la actividad participaron representantes de la diversidad cultural de Oaxaca como Benita L\u00f3pez Diego, artesana de palma de San Miguel Huautla; Emerenciana Aquino Mart\u00ednez, artesana de barro de San Marcos Tlapazola e Idalia Elvia Garc\u00eda, hablante de la lengua zapoteca de Santa Mar\u00eda Lachix\u00edo.<\/p>\n\n\n\n<p>-0-<\/p>\n\n\n\n<figure class=\"wp-block-image size-large\"><img fetchpriority=\"high\" decoding=\"async\" width=\"900\" height=\"599\" src=\"https:\/\/contextoanalisisperiodistico.com\/wp-content\/uploads\/2024\/08\/img-20240813-wa00263181764760177582582.jpg\" alt=\"\" class=\"wp-image-30180\" srcset=\"https:\/\/contextoanalisisperiodistico.com\/wp-content\/uploads\/2024\/08\/img-20240813-wa00263181764760177582582.jpg 900w, https:\/\/contextoanalisisperiodistico.com\/wp-content\/uploads\/2024\/08\/img-20240813-wa00263181764760177582582-300x200.jpg 300w, https:\/\/contextoanalisisperiodistico.com\/wp-content\/uploads\/2024\/08\/img-20240813-wa00263181764760177582582-768x511.jpg 768w\" sizes=\"(max-width: 900px) 100vw, 900px\" \/><\/figure>\n\n\n\n<figure class=\"wp-block-image\"><img decoding=\"async\" width=\"300\" height=\"200\" src=\"https:\/\/contextoanalisisperiodistico.com\/wp-content\/uploads\/2024\/08\/img-20240813-wa0024647772157778608552-300x200.jpg\" alt=\"\" class=\"wp-image-30178\" srcset=\"https:\/\/contextoanalisisperiodistico.com\/wp-content\/uploads\/2024\/08\/img-20240813-wa0024647772157778608552-300x200.jpg 300w, https:\/\/contextoanalisisperiodistico.com\/wp-content\/uploads\/2024\/08\/img-20240813-wa0024647772157778608552-768x512.jpg 768w, https:\/\/contextoanalisisperiodistico.com\/wp-content\/uploads\/2024\/08\/img-20240813-wa0024647772157778608552.jpg 900w\" sizes=\"(max-width: 300px) 100vw, 300px\" \/><\/figure>\n\n\n\n<figure class=\"wp-block-image\"><img decoding=\"async\" width=\"1024\" height=\"683\" src=\"https:\/\/contextoanalisisperiodistico.com\/wp-content\/uploads\/2024\/08\/img-20240813-wa00257182144786587487141-1024x683.jpg\" alt=\"\" class=\"wp-image-30179\" srcset=\"https:\/\/contextoanalisisperiodistico.com\/wp-content\/uploads\/2024\/08\/img-20240813-wa00257182144786587487141-1024x683.jpg 1024w, https:\/\/contextoanalisisperiodistico.com\/wp-content\/uploads\/2024\/08\/img-20240813-wa00257182144786587487141-300x200.jpg 300w, https:\/\/contextoanalisisperiodistico.com\/wp-content\/uploads\/2024\/08\/img-20240813-wa00257182144786587487141-768x512.jpg 768w, https:\/\/contextoanalisisperiodistico.com\/wp-content\/uploads\/2024\/08\/img-20240813-wa00257182144786587487141-1536x1024.jpg 1536w, https:\/\/contextoanalisisperiodistico.com\/wp-content\/uploads\/2024\/08\/img-20240813-wa00257182144786587487141.jpg 1600w\" sizes=\"(max-width: 1024px) 100vw, 1024px\" \/><\/figure>\n\n\n\n<figure class=\"wp-block-image\"><img loading=\"lazy\" decoding=\"async\" width=\"855\" height=\"1024\" src=\"https:\/\/contextoanalisisperiodistico.com\/wp-content\/uploads\/2024\/08\/img-20240813-wa00233870817497889144718-855x1024.jpg\" alt=\"\" class=\"wp-image-30181\" srcset=\"https:\/\/contextoanalisisperiodistico.com\/wp-content\/uploads\/2024\/08\/img-20240813-wa00233870817497889144718-855x1024.jpg 855w, https:\/\/contextoanalisisperiodistico.com\/wp-content\/uploads\/2024\/08\/img-20240813-wa00233870817497889144718-250x300.jpg 250w, https:\/\/contextoanalisisperiodistico.com\/wp-content\/uploads\/2024\/08\/img-20240813-wa00233870817497889144718-768x920.jpg 768w, https:\/\/contextoanalisisperiodistico.com\/wp-content\/uploads\/2024\/08\/img-20240813-wa00233870817497889144718.jpg 900w\" sizes=\"(max-width: 855px) 100vw, 855px\" \/><\/figure>\n\n\n\n<figure class=\"wp-block-image\"><img loading=\"lazy\" decoding=\"async\" width=\"1024\" height=\"683\" src=\"https:\/\/contextoanalisisperiodistico.com\/wp-content\/uploads\/2024\/08\/img-20240813-wa00223407767351756837573-1024x683.jpg\" alt=\"\" class=\"wp-image-30182\" srcset=\"https:\/\/contextoanalisisperiodistico.com\/wp-content\/uploads\/2024\/08\/img-20240813-wa00223407767351756837573-1024x683.jpg 1024w, https:\/\/contextoanalisisperiodistico.com\/wp-content\/uploads\/2024\/08\/img-20240813-wa00223407767351756837573-300x200.jpg 300w, https:\/\/contextoanalisisperiodistico.com\/wp-content\/uploads\/2024\/08\/img-20240813-wa00223407767351756837573-768x512.jpg 768w, https:\/\/contextoanalisisperiodistico.com\/wp-content\/uploads\/2024\/08\/img-20240813-wa00223407767351756837573-1536x1024.jpg 1536w, https:\/\/contextoanalisisperiodistico.com\/wp-content\/uploads\/2024\/08\/img-20240813-wa00223407767351756837573.jpg 1600w\" sizes=\"(max-width: 1024px) 100vw, 1024px\" \/><\/figure>\n","protected":false},"excerpt":{"rendered":"<p>\u2022 El Gobernador Salom\u00f3n Jara Cruz inaugur\u00f3 la ponencia Retos y Perspectivas Ind\u00edgenas, actividad efectuada&#8230;<\/p>\n","protected":false},"author":4,"featured_media":30177,"comment_status":"","ping_status":"open","sticky":false,"template":"","format":"standard","meta":{"footnotes":""},"categories":[9],"tags":[],"jetpack_sharing_enabled":true,"featured_image_urls":{"full":["https:\/\/contextoanalisisperiodistico.com\/wp-content\/uploads\/2024\/08\/IMG-20240813-WA0028.jpg",1600,1067,false],"thumbnail":["https:\/\/contextoanalisisperiodistico.com\/wp-content\/uploads\/2024\/08\/IMG-20240813-WA0028-150x150.jpg",150,150,true],"medium":["https:\/\/contextoanalisisperiodistico.com\/wp-content\/uploads\/2024\/08\/IMG-20240813-WA0028-300x200.jpg",300,200,true],"medium_large":["https:\/\/contextoanalisisperiodistico.com\/wp-content\/uploads\/2024\/08\/IMG-20240813-WA0028-768x512.jpg",640,427,true],"large":["https:\/\/contextoanalisisperiodistico.com\/wp-content\/uploads\/2024\/08\/IMG-20240813-WA0028-1024x683.jpg",640,427,true],"1536x1536":["https:\/\/contextoanalisisperiodistico.com\/wp-content\/uploads\/2024\/08\/IMG-20240813-WA0028-1536x1024.jpg",1536,1024,true],"2048x2048":["https:\/\/contextoanalisisperiodistico.com\/wp-content\/uploads\/2024\/08\/IMG-20240813-WA0028.jpg",1600,1067,false],"covernews-slider-full":["https:\/\/contextoanalisisperiodistico.com\/wp-content\/uploads\/2024\/08\/IMG-20240813-WA0028-1115x715.jpg",1115,715,true],"covernews-slider-center":["https:\/\/contextoanalisisperiodistico.com\/wp-content\/uploads\/2024\/08\/IMG-20240813-WA0028-800x500.jpg",800,500,true],"covernews-featured":["https:\/\/contextoanalisisperiodistico.com\/wp-content\/uploads\/2024\/08\/IMG-20240813-WA0028-1024x683.jpg",1024,683,true],"covernews-medium":["https:\/\/contextoanalisisperiodistico.com\/wp-content\/uploads\/2024\/08\/IMG-20240813-WA0028-540x340.jpg",540,340,true],"covernews-medium-square":["https:\/\/contextoanalisisperiodistico.com\/wp-content\/uploads\/2024\/08\/IMG-20240813-WA0028-400x250.jpg",400,250,true]},"author_info":{"display_name":"Mario Gir\u00f3n","author_link":"https:\/\/contextoanalisisperiodistico.com\/index.php\/author\/director\/"},"category_info":"<a href=\"https:\/\/contextoanalisisperiodistico.com\/index.php\/category\/politica\/\" rel=\"category tag\">Pol\u00edtica<\/a>","tag_info":"Pol\u00edtica","comment_count":"0","jetpack_featured_media_url":"https:\/\/contextoanalisisperiodistico.com\/wp-content\/uploads\/2024\/08\/IMG-20240813-WA0028.jpg","_links":{"self":[{"href":"https:\/\/contextoanalisisperiodistico.com\/index.php\/wp-json\/wp\/v2\/posts\/30183"}],"collection":[{"href":"https:\/\/contextoanalisisperiodistico.com\/index.php\/wp-json\/wp\/v2\/posts"}],"about":[{"href":"https:\/\/contextoanalisisperiodistico.com\/index.php\/wp-json\/wp\/v2\/types\/post"}],"author":[{"embeddable":true,"href":"https:\/\/contextoanalisisperiodistico.com\/index.php\/wp-json\/wp\/v2\/users\/4"}],"replies":[{"embeddable":true,"href":"https:\/\/contextoanalisisperiodistico.com\/index.php\/wp-json\/wp\/v2\/comments?post=30183"}],"version-history":[{"count":0,"href":"https:\/\/contextoanalisisperiodistico.com\/index.php\/wp-json\/wp\/v2\/posts\/30183\/revisions"}],"wp:featuredmedia":[{"embeddable":true,"href":"https:\/\/contextoanalisisperiodistico.com\/index.php\/wp-json\/wp\/v2\/media\/30177"}],"wp:attachment":[{"href":"https:\/\/contextoanalisisperiodistico.com\/index.php\/wp-json\/wp\/v2\/media?parent=30183"}],"wp:term":[{"taxonomy":"category","embeddable":true,"href":"https:\/\/contextoanalisisperiodistico.com\/index.php\/wp-json\/wp\/v2\/categories?post=30183"},{"taxonomy":"post_tag","embeddable":true,"href":"https:\/\/contextoanalisisperiodistico.com\/index.php\/wp-json\/wp\/v2\/tags?post=30183"}],"curies":[{"name":"wp","href":"https:\/\/api.w.org\/{rel}","templated":true}]}}