{"id":30120,"date":"2024-08-11T14:01:18","date_gmt":"2024-08-11T20:01:18","guid":{"rendered":"https:\/\/contextoanalisisperiodistico.com\/index.php\/2024\/08\/11\/capacitan-a-brigadas-territoriales-por-la-salud-para-mejorar-atenciones-en-casos-de-dengue\/"},"modified":"2024-08-11T14:01:18","modified_gmt":"2024-08-11T20:01:18","slug":"capacitan-a-brigadas-territoriales-por-la-salud-para-mejorar-atenciones-en-casos-de-dengue","status":"publish","type":"post","link":"https:\/\/contextoanalisisperiodistico.com\/index.php\/2024\/08\/11\/capacitan-a-brigadas-territoriales-por-la-salud-para-mejorar-atenciones-en-casos-de-dengue\/","title":{"rendered":"Capacitan a Brigadas Territoriales por la Salud para mejorar atenciones en casos de dengue"},"content":{"rendered":"<div id=\"fb-root\"><\/div>\n\n<p>\u2022 Dotan de termos para el transporte adecuado y seguro de vacunas en las zonas m\u00e1s alejadas de la Jurisdicci\u00f3n Sanitaria 1 Valles Centrales<\/p>\n\n\n\n<figure class=\"wp-block-image size-large\"><img fetchpriority=\"high\" decoding=\"async\" width=\"1024\" height=\"576\" src=\"https:\/\/contextoanalisisperiodistico.com\/wp-content\/uploads\/2024\/08\/img-20240811-wa00261790928175150841690-1024x576.jpg\" alt=\"\" class=\"wp-image-30118\" srcset=\"https:\/\/contextoanalisisperiodistico.com\/wp-content\/uploads\/2024\/08\/img-20240811-wa00261790928175150841690-1024x576.jpg 1024w, https:\/\/contextoanalisisperiodistico.com\/wp-content\/uploads\/2024\/08\/img-20240811-wa00261790928175150841690-300x169.jpg 300w, https:\/\/contextoanalisisperiodistico.com\/wp-content\/uploads\/2024\/08\/img-20240811-wa00261790928175150841690-768x432.jpg 768w, https:\/\/contextoanalisisperiodistico.com\/wp-content\/uploads\/2024\/08\/img-20240811-wa00261790928175150841690-1536x864.jpg 1536w, https:\/\/contextoanalisisperiodistico.com\/wp-content\/uploads\/2024\/08\/img-20240811-wa00261790928175150841690.jpg 1600w\" sizes=\"(max-width: 1024px) 100vw, 1024px\" \/><\/figure>\n\n\n\n<figure class=\"wp-block-image\"><img decoding=\"async\" width=\"1024\" height=\"710\" src=\"https:\/\/contextoanalisisperiodistico.com\/wp-content\/uploads\/2024\/08\/img-20240811-wa0027342989866588646897-1024x710.jpg\" alt=\"\" class=\"wp-image-30119\" srcset=\"https:\/\/contextoanalisisperiodistico.com\/wp-content\/uploads\/2024\/08\/img-20240811-wa0027342989866588646897-1024x710.jpg 1024w, https:\/\/contextoanalisisperiodistico.com\/wp-content\/uploads\/2024\/08\/img-20240811-wa0027342989866588646897-300x208.jpg 300w, https:\/\/contextoanalisisperiodistico.com\/wp-content\/uploads\/2024\/08\/img-20240811-wa0027342989866588646897-768x533.jpg 768w, https:\/\/contextoanalisisperiodistico.com\/wp-content\/uploads\/2024\/08\/img-20240811-wa0027342989866588646897-1536x1066.jpg 1536w, https:\/\/contextoanalisisperiodistico.com\/wp-content\/uploads\/2024\/08\/img-20240811-wa0027342989866588646897.jpg 1600w\" sizes=\"(max-width: 1024px) 100vw, 1024px\" \/><\/figure>\n\n\n\n<p>Oaxaca de Ju\u00e1rez, Oax. 11 de agosto de 2024.- Para fortalecer las capacidades en el diagn\u00f3stico y tratamiento cl\u00ednico de pacientes con el virus transmitido por el zancudo Aedes aegypti, Servicios de Salud de Oaxaca (SSO) a trav\u00e9s de la Jurisdicci\u00f3n Sanitaria 1 Valles Centrales, capacit\u00f3 al personal de las Brigadas Territoriales por la Salud (BTS) y M\u00f3dulos encargados de dengue en esta zona.<\/p>\n\n\n\n<p>La jornada acad\u00e9mica cont\u00f3 con la participaci\u00f3n de 125 personas asistentes, entre ellas, 15 especialistas en medicina, 17 promotoras y 73 del perfil de enfermer\u00eda, inform\u00f3 la jefa jurisdiccional, Aurelia Guerra Mart\u00ednez.<\/p>\n\n\n\n<p>Durante la actividad se brind\u00f3 un programa intensivo de intervenciones para el fortalecimiento de capacidades en la atenci\u00f3n del cuadro cl\u00ednico y manejo de los casos, el grado de letalidad y abordaje m\u00e9dico, dando pie al fortalecimiento de una cadena de facilitadores que se encargan de multiplicar las acciones en la demarcaci\u00f3n.<\/p>\n\n\n\n<p>Como parte del reforzamiento a este programa que recorre las localidades m\u00e1s alejadas del territorio oaxaque\u00f1o y por instrucciones de la secretaria de Salud, Alma Lilia Velasco Hern\u00e1ndez, se entregaron 93 termos de 9 litros y 18 termos de 45 litros a las BTS, para el traslado y conservaci\u00f3n adecuado de vacunas.<\/p>\n\n\n\n<p>Guerra Mart\u00ednez precis\u00f3 que en este marco se dio a conocer la situaci\u00f3n epidemiol\u00f3gica del dengue en la entidad, haciendo hincapi\u00e9 en las zonas de mayor riesgo y las acciones para establecer un cerco epidemiol\u00f3gico.<\/p>\n\n\n\n<p>Resalt\u00f3 la valiosa participaci\u00f3n de la ciudadan\u00eda para sumarse a la estrategia Lava, Tapa, Voltea y Limpia, lo cual permitir\u00e1 reducir el n\u00famero de casos de la patolog\u00eda, as\u00ed como a incentivar a las familias a vacunar a sus hijas e hijos.<\/p>\n\n\n\n<p>-0-<\/p>\n","protected":false},"excerpt":{"rendered":"<p>\u2022 Dotan de termos para el transporte adecuado y seguro de vacunas en las zonas&#8230;<\/p>\n","protected":false},"author":4,"featured_media":30117,"comment_status":"","ping_status":"open","sticky":false,"template":"","format":"standard","meta":{"footnotes":""},"categories":[92],"tags":[],"jetpack_sharing_enabled":true,"featured_image_urls":{"full":["https:\/\/contextoanalisisperiodistico.com\/wp-content\/uploads\/2024\/08\/IMG-20240811-WA0025.jpg",1600,1028,false],"thumbnail":["https:\/\/contextoanalisisperiodistico.com\/wp-content\/uploads\/2024\/08\/IMG-20240811-WA0025-150x150.jpg",150,150,true],"medium":["https:\/\/contextoanalisisperiodistico.com\/wp-content\/uploads\/2024\/08\/IMG-20240811-WA0025-300x193.jpg",300,193,true],"medium_large":["https:\/\/contextoanalisisperiodistico.com\/wp-content\/uploads\/2024\/08\/IMG-20240811-WA0025-768x493.jpg",640,411,true],"large":["https:\/\/contextoanalisisperiodistico.com\/wp-content\/uploads\/2024\/08\/IMG-20240811-WA0025-1024x658.jpg",640,411,true],"1536x1536":["https:\/\/contextoanalisisperiodistico.com\/wp-content\/uploads\/2024\/08\/IMG-20240811-WA0025-1536x987.jpg",1536,987,true],"2048x2048":["https:\/\/contextoanalisisperiodistico.com\/wp-content\/uploads\/2024\/08\/IMG-20240811-WA0025.jpg",1600,1028,false],"covernews-slider-full":["https:\/\/contextoanalisisperiodistico.com\/wp-content\/uploads\/2024\/08\/IMG-20240811-WA0025-1115x715.jpg",1115,715,true],"covernews-slider-center":["https:\/\/contextoanalisisperiodistico.com\/wp-content\/uploads\/2024\/08\/IMG-20240811-WA0025-800x500.jpg",800,500,true],"covernews-featured":["https:\/\/contextoanalisisperiodistico.com\/wp-content\/uploads\/2024\/08\/IMG-20240811-WA0025-1024x658.jpg",1024,658,true],"covernews-medium":["https:\/\/contextoanalisisperiodistico.com\/wp-content\/uploads\/2024\/08\/IMG-20240811-WA0025-540x340.jpg",540,340,true],"covernews-medium-square":["https:\/\/contextoanalisisperiodistico.com\/wp-content\/uploads\/2024\/08\/IMG-20240811-WA0025-400x250.jpg",400,250,true]},"author_info":{"display_name":"Mario Gir\u00f3n","author_link":"https:\/\/contextoanalisisperiodistico.com\/index.php\/author\/director\/"},"category_info":"<a href=\"https:\/\/contextoanalisisperiodistico.com\/index.php\/category\/salud\/\" rel=\"category tag\">Salud<\/a>","tag_info":"Salud","comment_count":"0","jetpack_featured_media_url":"https:\/\/contextoanalisisperiodistico.com\/wp-content\/uploads\/2024\/08\/IMG-20240811-WA0025.jpg","_links":{"self":[{"href":"https:\/\/contextoanalisisperiodistico.com\/index.php\/wp-json\/wp\/v2\/posts\/30120"}],"collection":[{"href":"https:\/\/contextoanalisisperiodistico.com\/index.php\/wp-json\/wp\/v2\/posts"}],"about":[{"href":"https:\/\/contextoanalisisperiodistico.com\/index.php\/wp-json\/wp\/v2\/types\/post"}],"author":[{"embeddable":true,"href":"https:\/\/contextoanalisisperiodistico.com\/index.php\/wp-json\/wp\/v2\/users\/4"}],"replies":[{"embeddable":true,"href":"https:\/\/contextoanalisisperiodistico.com\/index.php\/wp-json\/wp\/v2\/comments?post=30120"}],"version-history":[{"count":0,"href":"https:\/\/contextoanalisisperiodistico.com\/index.php\/wp-json\/wp\/v2\/posts\/30120\/revisions"}],"wp:featuredmedia":[{"embeddable":true,"href":"https:\/\/contextoanalisisperiodistico.com\/index.php\/wp-json\/wp\/v2\/media\/30117"}],"wp:attachment":[{"href":"https:\/\/contextoanalisisperiodistico.com\/index.php\/wp-json\/wp\/v2\/media?parent=30120"}],"wp:term":[{"taxonomy":"category","embeddable":true,"href":"https:\/\/contextoanalisisperiodistico.com\/index.php\/wp-json\/wp\/v2\/categories?post=30120"},{"taxonomy":"post_tag","embeddable":true,"href":"https:\/\/contextoanalisisperiodistico.com\/index.php\/wp-json\/wp\/v2\/tags?post=30120"}],"curies":[{"name":"wp","href":"https:\/\/api.w.org\/{rel}","templated":true}]}}