{"id":30100,"date":"2024-08-10T18:21:09","date_gmt":"2024-08-11T00:21:09","guid":{"rendered":"https:\/\/contextoanalisisperiodistico.com\/index.php\/2024\/08\/10\/garantizan-sano-esparcimiento-de-ninas-ninos-y-adolescentes-con-inauguracion-de-espacios-deportivos-en-el-istmo\/"},"modified":"2024-08-10T18:25:45","modified_gmt":"2024-08-11T00:25:45","slug":"garantizan-sano-esparcimiento-de-ninas-ninos-y-adolescentes-con-inauguracion-de-espacios-deportivos-en-el-istmo","status":"publish","type":"post","link":"https:\/\/contextoanalisisperiodistico.com\/index.php\/2024\/08\/10\/garantizan-sano-esparcimiento-de-ninas-ninos-y-adolescentes-con-inauguracion-de-espacios-deportivos-en-el-istmo\/","title":{"rendered":"Garantizan sano esparcimiento de ni\u00f1as, ni\u00f1os y adolescentes con inauguraci\u00f3n de espacios deportivos en el Istmo\u00a0"},"content":{"rendered":"<div id=\"fb-root\"><\/div>\n\n<ul class=\"wp-block-list\">\n<li>El titular de la Sedatu y el Gobernador de Oaxaca constataron los trabajos efectuados en la Unidad Deportiva Brena Torres de Ciudad Ixtepec<br \/>&nbsp;<br \/>Ciudad Ixtepec, Oax. 10 de agosto de 2024.- Durante su gira de trabajo por la regi\u00f3n del Istmo de Tehuantepec, el secretario de Desarrollo Agrario, Territorial y Urbano, Rom\u00e1n Meyer Falc\u00f3n y el Gobernador de Oaxaca Salom\u00f3n Jara Cruz inauguraron el \u00e1rea administrativa y la remodelaci\u00f3n de la Unidad Deportiva Brena Torres, ubicada en esta localidad.<br \/>&nbsp;<br \/>Ante la poblaci\u00f3n del municipio de Ciudad Ixtepec, el titular del Poder Ejecutivo se\u00f1al\u00f3 que estas instalaciones garantizan el sano esparcimiento de las ni\u00f1as, ni\u00f1os y adolescentes mediante el deporte, un tema de gran importancia para el Gobierno de la Primavera Oaxaque\u00f1a.<br \/>&nbsp;<br \/>\u201cAgradezco al Presidente de M\u00e9xico Andr\u00e9s Manuel L\u00f3pez Obrador su apoyo para mejorar la calidad de vida de esta municipalidad emblem\u00e1tica del Istmo de Tehuantepec\u201d, expres\u00f3.<br \/>&nbsp;<br \/>En tanto, Meyer Flac\u00f3n explic\u00f3 que la Unidad es una de las tres obras que se efectuaron en la demarcaci\u00f3n para dar seguimiento al proyecto del Corredor Interoce\u00e1nico del Istmo de Tehuantepec (CIIT), el cual es una oportunidad para el crecimiento econ\u00f3mico de esta regi\u00f3n.<br \/>&nbsp;<br \/>\u201cEsta infraestructura permitir\u00e1 que todas y todos se desenvuelvan en diversas disciplinas como f\u00fatbol, atletismo, taekwondo, entre otras, y con ello nutran sus habilidades\u201d, dijo. &nbsp;<br \/>&nbsp;<br \/>Finalmente, la autoridad municipal agradeci\u00f3 los proyectos que los tres \u00f3rdenes de gobierno realizaron con el objetivo de impulsar el desarrollo y bienestar de las infancias y adolescencias.<br \/>&nbsp;<br \/>Cabe destacar que estos trabajos forman parte del Programa de Mejoramiento Urbano que realiza la Secretar\u00eda de Desarrollo Agrario, Territorial y Urbano (Sedatu) en diversos municipios de la Rep\u00fablica Mexicana para contribuir en la mejora de condiciones de habitabilidad, mediante el acceso a bienes y servicios.<br \/>&nbsp;<br \/>-0-<\/li>\n<\/ul>\n\n\n\n<figure class=\"wp-block-image size-large\"><img fetchpriority=\"high\" decoding=\"async\" width=\"900\" height=\"600\" src=\"https:\/\/contextoanalisisperiodistico.com\/wp-content\/uploads\/2024\/08\/img-20240810-wa0064166441551964140248.jpg\" alt=\"\" class=\"wp-image-30102\" srcset=\"https:\/\/contextoanalisisperiodistico.com\/wp-content\/uploads\/2024\/08\/img-20240810-wa0064166441551964140248.jpg 900w, https:\/\/contextoanalisisperiodistico.com\/wp-content\/uploads\/2024\/08\/img-20240810-wa0064166441551964140248-300x200.jpg 300w, https:\/\/contextoanalisisperiodistico.com\/wp-content\/uploads\/2024\/08\/img-20240810-wa0064166441551964140248-768x512.jpg 768w\" sizes=\"(max-width: 900px) 100vw, 900px\" \/><\/figure>\n\n\n\n<figure class=\"wp-block-image\"><img decoding=\"async\" width=\"300\" height=\"200\" src=\"https:\/\/contextoanalisisperiodistico.com\/wp-content\/uploads\/2024\/08\/img-20240810-wa00697028371254516357830-300x200.jpg\" alt=\"\" class=\"wp-image-30101\" srcset=\"https:\/\/contextoanalisisperiodistico.com\/wp-content\/uploads\/2024\/08\/img-20240810-wa00697028371254516357830-300x200.jpg 300w, https:\/\/contextoanalisisperiodistico.com\/wp-content\/uploads\/2024\/08\/img-20240810-wa00697028371254516357830-768x512.jpg 768w, https:\/\/contextoanalisisperiodistico.com\/wp-content\/uploads\/2024\/08\/img-20240810-wa00697028371254516357830.jpg 900w\" sizes=\"(max-width: 300px) 100vw, 300px\" \/><\/figure>\n\n\n\n<figure class=\"wp-block-image\"><img decoding=\"async\" width=\"300\" height=\"200\" src=\"https:\/\/contextoanalisisperiodistico.com\/wp-content\/uploads\/2024\/08\/img-20240810-wa00693753987323001766206-300x200.jpg\" alt=\"\" class=\"wp-image-30098\" srcset=\"https:\/\/contextoanalisisperiodistico.com\/wp-content\/uploads\/2024\/08\/img-20240810-wa00693753987323001766206-300x200.jpg 300w, https:\/\/contextoanalisisperiodistico.com\/wp-content\/uploads\/2024\/08\/img-20240810-wa00693753987323001766206-768x512.jpg 768w, https:\/\/contextoanalisisperiodistico.com\/wp-content\/uploads\/2024\/08\/img-20240810-wa00693753987323001766206.jpg 900w\" sizes=\"(max-width: 300px) 100vw, 300px\" \/><\/figure>\n","protected":false},"excerpt":{"rendered":"","protected":false},"author":4,"featured_media":30097,"comment_status":"closed","ping_status":"open","sticky":false,"template":"","format":"standard","meta":{"footnotes":""},"categories":[9],"tags":[],"jetpack_sharing_enabled":true,"featured_image_urls":{"full":["https:\/\/contextoanalisisperiodistico.com\/wp-content\/uploads\/2024\/08\/IMG-20240810-WA0070.jpg",900,600,false],"thumbnail":["https:\/\/contextoanalisisperiodistico.com\/wp-content\/uploads\/2024\/08\/IMG-20240810-WA0070-150x150.jpg",150,150,true],"medium":["https:\/\/contextoanalisisperiodistico.com\/wp-content\/uploads\/2024\/08\/IMG-20240810-WA0070-300x200.jpg",300,200,true],"medium_large":["https:\/\/contextoanalisisperiodistico.com\/wp-content\/uploads\/2024\/08\/IMG-20240810-WA0070-768x512.jpg",640,427,true],"large":["https:\/\/contextoanalisisperiodistico.com\/wp-content\/uploads\/2024\/08\/IMG-20240810-WA0070.jpg",640,427,false],"1536x1536":["https:\/\/contextoanalisisperiodistico.com\/wp-content\/uploads\/2024\/08\/IMG-20240810-WA0070.jpg",900,600,false],"2048x2048":["https:\/\/contextoanalisisperiodistico.com\/wp-content\/uploads\/2024\/08\/IMG-20240810-WA0070.jpg",900,600,false],"covernews-slider-full":["https:\/\/contextoanalisisperiodistico.com\/wp-content\/uploads\/2024\/08\/IMG-20240810-WA0070.jpg",900,600,false],"covernews-slider-center":["https:\/\/contextoanalisisperiodistico.com\/wp-content\/uploads\/2024\/08\/IMG-20240810-WA0070-800x500.jpg",800,500,true],"covernews-featured":["https:\/\/contextoanalisisperiodistico.com\/wp-content\/uploads\/2024\/08\/IMG-20240810-WA0070.jpg",900,600,false],"covernews-medium":["https:\/\/contextoanalisisperiodistico.com\/wp-content\/uploads\/2024\/08\/IMG-20240810-WA0070-540x340.jpg",540,340,true],"covernews-medium-square":["https:\/\/contextoanalisisperiodistico.com\/wp-content\/uploads\/2024\/08\/IMG-20240810-WA0070-400x250.jpg",400,250,true]},"author_info":{"display_name":"Mario Gir\u00f3n","author_link":"https:\/\/contextoanalisisperiodistico.com\/index.php\/author\/director\/"},"category_info":"<a href=\"https:\/\/contextoanalisisperiodistico.com\/index.php\/category\/politica\/\" rel=\"category tag\">Pol\u00edtica<\/a>","tag_info":"Pol\u00edtica","comment_count":"0","jetpack_featured_media_url":"https:\/\/contextoanalisisperiodistico.com\/wp-content\/uploads\/2024\/08\/IMG-20240810-WA0070.jpg","_links":{"self":[{"href":"https:\/\/contextoanalisisperiodistico.com\/index.php\/wp-json\/wp\/v2\/posts\/30100"}],"collection":[{"href":"https:\/\/contextoanalisisperiodistico.com\/index.php\/wp-json\/wp\/v2\/posts"}],"about":[{"href":"https:\/\/contextoanalisisperiodistico.com\/index.php\/wp-json\/wp\/v2\/types\/post"}],"author":[{"embeddable":true,"href":"https:\/\/contextoanalisisperiodistico.com\/index.php\/wp-json\/wp\/v2\/users\/4"}],"replies":[{"embeddable":true,"href":"https:\/\/contextoanalisisperiodistico.com\/index.php\/wp-json\/wp\/v2\/comments?post=30100"}],"version-history":[{"count":1,"href":"https:\/\/contextoanalisisperiodistico.com\/index.php\/wp-json\/wp\/v2\/posts\/30100\/revisions"}],"predecessor-version":[{"id":30103,"href":"https:\/\/contextoanalisisperiodistico.com\/index.php\/wp-json\/wp\/v2\/posts\/30100\/revisions\/30103"}],"wp:featuredmedia":[{"embeddable":true,"href":"https:\/\/contextoanalisisperiodistico.com\/index.php\/wp-json\/wp\/v2\/media\/30097"}],"wp:attachment":[{"href":"https:\/\/contextoanalisisperiodistico.com\/index.php\/wp-json\/wp\/v2\/media?parent=30100"}],"wp:term":[{"taxonomy":"category","embeddable":true,"href":"https:\/\/contextoanalisisperiodistico.com\/index.php\/wp-json\/wp\/v2\/categories?post=30100"},{"taxonomy":"post_tag","embeddable":true,"href":"https:\/\/contextoanalisisperiodistico.com\/index.php\/wp-json\/wp\/v2\/tags?post=30100"}],"curies":[{"name":"wp","href":"https:\/\/api.w.org\/{rel}","templated":true}]}}