{"id":30095,"date":"2024-08-10T18:12:39","date_gmt":"2024-08-11T00:12:39","guid":{"rendered":"https:\/\/contextoanalisisperiodistico.com\/index.php\/2024\/08\/10\/alerta-ieepo-por-fraudes-en-el-istmo-por-venta-de-plazas-y-entrega-de-material-educativo-a-cambio-de-depositos\/"},"modified":"2024-08-10T18:14:20","modified_gmt":"2024-08-11T00:14:20","slug":"alerta-ieepo-por-fraudes-en-el-istmo-por-venta-de-plazas-y-entrega-de-material-educativo-a-cambio-de-depositos","status":"publish","type":"post","link":"https:\/\/contextoanalisisperiodistico.com\/index.php\/2024\/08\/10\/alerta-ieepo-por-fraudes-en-el-istmo-por-venta-de-plazas-y-entrega-de-material-educativo-a-cambio-de-depositos\/","title":{"rendered":"Alerta IEEPO fraudes en el Istmo por venta de plazas y entrega de material educativo a cambio de dep\u00f3sitos"},"content":{"rendered":"<div id=\"fb-root\"><\/div>\n\n<ul class=\"wp-block-list\">\n<li>Ante cualquier irregularidad, las personas pueden comunicarse a la Direcci\u00f3n de Servicios Jur\u00eddicos al tel\u00e9fono 951 291 27 51<br \/>&nbsp;<br \/>Oaxaca de Ju\u00e1rez, Oax. 10 de agosto de 2024.- El Instituto Estatal de Educaci\u00f3n P\u00fablica de Oaxaca (IEEPO) hace un llamado a la poblaci\u00f3n en general y a las autoridades municipales a no caer en enga\u00f1os a trav\u00e9s de falsas llamadas telef\u00f3nicas en las que ofrecen la entrega de computadoras, mobiliario y equipo a escuelas de nivel b\u00e1sico, as\u00ed como de plazas administrativas a cambio de cantidades econ\u00f3micas.<\/li>\n<\/ul>\n\n\n\n<p>El modo de operar es contactar v\u00eda telef\u00f3nica a las personas y a nombre del Director General, Emilio Montero P\u00e9rez, solicitan dinero.<\/p>\n\n\n\n<p>Esta situaci\u00f3n se report\u00f3 recientemente en la regi\u00f3n del Istmo de Tehuantepec donde a una Regidora de Educaci\u00f3n se le requiri\u00f3 un dep\u00f3sito a una cuenta de BanCoppel a nombre de Leti Yuliana Hern\u00e1ndez Moreno, lo cual es un fraude.<\/p>\n\n\n\n<p>Al respecto, el Director General del IEEPO enfatiz\u00f3 a la ciudadan\u00eda y sobre todo a quienes realizan estos tr\u00e1mites, que la dependencia no utiliza estos medios para contactarlos e informarles de sus procedimientos y pide estar alertas para que no sean v\u00edctimas de enga\u00f1os o extorsi\u00f3n.<\/p>\n\n\n\n<p>En caso de requerir informaci\u00f3n u orientaci\u00f3n ante cualquier irregularidad, las personas pueden comunicarse a la Direcci\u00f3n de Servicios Jur\u00eddicos del IEEPO, al tel\u00e9fono 951 291 27 51 o al correo electr\u00f3nico: legal.dsj@ieepo.gob.mx.<\/p>\n\n\n\n<p>En el Instituto Estatal de Educaci\u00f3n P\u00fablica de Oaxaca todos los servicios y tr\u00e1mites que se realizan se efect\u00faan de forma gratuita, directa y sin intermediarios, con estricto apego a la normatividad y a los procedimientos administrativos correspondientes.<br \/>&nbsp;<br \/>-0-<\/p>\n","protected":false},"excerpt":{"rendered":"<p>El modo de operar es contactar v\u00eda telef\u00f3nica a las personas y a nombre del&#8230;<\/p>\n","protected":false},"author":4,"featured_media":30094,"comment_status":"closed","ping_status":"open","sticky":false,"template":"","format":"standard","meta":{"footnotes":""},"categories":[9],"tags":[],"jetpack_sharing_enabled":true,"featured_image_urls":{"full":["https:\/\/contextoanalisisperiodistico.com\/wp-content\/uploads\/2024\/08\/IMG-20240810-WA0045.jpg",1600,1600,false],"thumbnail":["https:\/\/contextoanalisisperiodistico.com\/wp-content\/uploads\/2024\/08\/IMG-20240810-WA0045-150x150.jpg",150,150,true],"medium":["https:\/\/contextoanalisisperiodistico.com\/wp-content\/uploads\/2024\/08\/IMG-20240810-WA0045-300x300.jpg",300,300,true],"medium_large":["https:\/\/contextoanalisisperiodistico.com\/wp-content\/uploads\/2024\/08\/IMG-20240810-WA0045-768x768.jpg",640,640,true],"large":["https:\/\/contextoanalisisperiodistico.com\/wp-content\/uploads\/2024\/08\/IMG-20240810-WA0045-1024x1024.jpg",640,640,true],"1536x1536":["https:\/\/contextoanalisisperiodistico.com\/wp-content\/uploads\/2024\/08\/IMG-20240810-WA0045-1536x1536.jpg",1536,1536,true],"2048x2048":["https:\/\/contextoanalisisperiodistico.com\/wp-content\/uploads\/2024\/08\/IMG-20240810-WA0045.jpg",1600,1600,false],"covernews-slider-full":["https:\/\/contextoanalisisperiodistico.com\/wp-content\/uploads\/2024\/08\/IMG-20240810-WA0045-1115x715.jpg",1115,715,true],"covernews-slider-center":["https:\/\/contextoanalisisperiodistico.com\/wp-content\/uploads\/2024\/08\/IMG-20240810-WA0045-800x500.jpg",800,500,true],"covernews-featured":["https:\/\/contextoanalisisperiodistico.com\/wp-content\/uploads\/2024\/08\/IMG-20240810-WA0045-1024x1024.jpg",1024,1024,true],"covernews-medium":["https:\/\/contextoanalisisperiodistico.com\/wp-content\/uploads\/2024\/08\/IMG-20240810-WA0045-540x340.jpg",540,340,true],"covernews-medium-square":["https:\/\/contextoanalisisperiodistico.com\/wp-content\/uploads\/2024\/08\/IMG-20240810-WA0045-400x250.jpg",400,250,true]},"author_info":{"display_name":"Mario Gir\u00f3n","author_link":"https:\/\/contextoanalisisperiodistico.com\/index.php\/author\/director\/"},"category_info":"<a href=\"https:\/\/contextoanalisisperiodistico.com\/index.php\/category\/politica\/\" rel=\"category tag\">Pol\u00edtica<\/a>","tag_info":"Pol\u00edtica","comment_count":"0","jetpack_featured_media_url":"https:\/\/contextoanalisisperiodistico.com\/wp-content\/uploads\/2024\/08\/IMG-20240810-WA0045.jpg","_links":{"self":[{"href":"https:\/\/contextoanalisisperiodistico.com\/index.php\/wp-json\/wp\/v2\/posts\/30095"}],"collection":[{"href":"https:\/\/contextoanalisisperiodistico.com\/index.php\/wp-json\/wp\/v2\/posts"}],"about":[{"href":"https:\/\/contextoanalisisperiodistico.com\/index.php\/wp-json\/wp\/v2\/types\/post"}],"author":[{"embeddable":true,"href":"https:\/\/contextoanalisisperiodistico.com\/index.php\/wp-json\/wp\/v2\/users\/4"}],"replies":[{"embeddable":true,"href":"https:\/\/contextoanalisisperiodistico.com\/index.php\/wp-json\/wp\/v2\/comments?post=30095"}],"version-history":[{"count":1,"href":"https:\/\/contextoanalisisperiodistico.com\/index.php\/wp-json\/wp\/v2\/posts\/30095\/revisions"}],"predecessor-version":[{"id":30096,"href":"https:\/\/contextoanalisisperiodistico.com\/index.php\/wp-json\/wp\/v2\/posts\/30095\/revisions\/30096"}],"wp:featuredmedia":[{"embeddable":true,"href":"https:\/\/contextoanalisisperiodistico.com\/index.php\/wp-json\/wp\/v2\/media\/30094"}],"wp:attachment":[{"href":"https:\/\/contextoanalisisperiodistico.com\/index.php\/wp-json\/wp\/v2\/media?parent=30095"}],"wp:term":[{"taxonomy":"category","embeddable":true,"href":"https:\/\/contextoanalisisperiodistico.com\/index.php\/wp-json\/wp\/v2\/categories?post=30095"},{"taxonomy":"post_tag","embeddable":true,"href":"https:\/\/contextoanalisisperiodistico.com\/index.php\/wp-json\/wp\/v2\/tags?post=30095"}],"curies":[{"name":"wp","href":"https:\/\/api.w.org\/{rel}","templated":true}]}}