{"id":30093,"date":"2024-08-10T11:01:44","date_gmt":"2024-08-10T17:01:44","guid":{"rendered":"https:\/\/contextoanalisisperiodistico.com\/index.php\/2024\/08\/10\/inauguran-espacios-publicos-para-el-desarrollo-deportivo-y-comunitario-del-istmo-de-tehuantepec\/"},"modified":"2024-08-10T11:01:44","modified_gmt":"2024-08-10T17:01:44","slug":"inauguran-espacios-publicos-para-el-desarrollo-deportivo-y-comunitario-del-istmo-de-tehuantepec","status":"publish","type":"post","link":"https:\/\/contextoanalisisperiodistico.com\/index.php\/2024\/08\/10\/inauguran-espacios-publicos-para-el-desarrollo-deportivo-y-comunitario-del-istmo-de-tehuantepec\/","title":{"rendered":"Inauguran espacios p\u00fablicos para el desarrollo deportivo y comunitario del Istmo de Tehuantepec\u00a0"},"content":{"rendered":"<div id=\"fb-root\"><\/div>\n\n<ul class=\"wp-block-list\">\n<li>El Gobernador de Oaxaca y el titular de la Sedatu encabezaron estas actividades realizadas en Santo Domingo Tehuantepec y Asunci\u00f3n Ixtaltepec<br>\u00a0<br>Regi\u00f3n Istmo de Tehuantepec, Oax. 10 de agosto de 2024.- Como parte del programa de Mejoramiento Urbano que impulsa el Gobierno Federal, el titular de la Secretar\u00eda de Desarrollo Agrario, Territorial y Urbano (Sedatu), Rom\u00e1n Meyer Falc\u00f3n y el Gobernador de Oaxaca Salom\u00f3n Jara Cruz inauguraron dos espacios p\u00fablicos que permitir\u00e1n el desarrollo deportivo y comunitario de esta demarcaci\u00f3n.<br>\u00a0<br>Se trata de la rehabilitaci\u00f3n del emblem\u00e1tico Estadio de B\u00e9isbol Arcadio Palacios Campo Rojo ubicado en Santo Domingo Tehuantepec y de la Unidad Deportiva Cheguigo de Asunci\u00f3n Ixtaltepec.<br>\u00a0<br>Durante esta actividad, el Mandatario oaxaque\u00f1o asever\u00f3 que estas acciones contribuyen al mejoramiento de la calidad de vida y a la cultura de paz de la ciudadan\u00eda a fin de sentar las bases para un mejor Oaxaca, principalmente para esta regi\u00f3n que es beneficiada con proyectos trascendentales como el Corredor Interoce\u00e1nico del Istmo de Tehuantepec (CIIT).<br>\u00a0<br>\u201cNos sentimos privilegiados por la generosidad que el Presidente de la Rep\u00fablica Mexicana Andr\u00e9s Manuel L\u00f3pez Obrados tiene por Oaxaca, Tehuantepec y todas las comunidades. Gracias a ese cari\u00f1o se han concretado diversas obras en la entidad con inversiones hist\u00f3ricas\u201d, manifest\u00f3.<br>\u00a0<br>En este marco, el titular de Sedatu destac\u00f3 que estos recintos se suman a un conjunto de infraestructuras deportivas que los tres \u00f3rdenes de gobierno efectuaron para el disfrute y goce de las infancias, adolescencias y familias, quienes podr\u00e1n realizar actividades recreativas, las que, dijo, son elementos fundamentales para la salud de todas y todos.<br>\u00a0<br>\u201cEste lugar cuenta con un campo de b\u00e9isbol y otro de f\u00fatbol, as\u00ed como una alberca semi ol\u00edmpica y una fosa de clavados profesionales, lo que impulsar\u00e1 a las generaciones a desarrollar nuevas vocaciones en los pr\u00f3ximos a\u00f1os\u201d, expres\u00f3.<br>\u00a0<br>Por su parte, las autoridades municipales de Asuncion Ixtaltepec y de Santo Domingo Tehuantepec, coincidieron que esta acci\u00f3n representa un momento hist\u00f3rico para la poblaci\u00f3n, principalmente para quienes se dedican a estos deportes. Agradecieron el apoyo de los gobiernos Federal y Estatal para consolidar estos proyectos, que fueron pensados para el sano esparcimiento de ni\u00f1as, ni\u00f1os y adolescentes.<br>\u00a0<br>Con estas acciones, la Primavera Oaxaque\u00f1a reafirma su compromiso por impulsar el desarrollo integral y sustentable de las ocho regiones del estado en beneficio de la poblaci\u00f3n.<br>\u00a0<br>-0-<\/li>\n<\/ul>\n\n\n\n<figure class=\"wp-block-image size-large\"><img fetchpriority=\"high\" decoding=\"async\" width=\"1024\" height=\"683\" src=\"https:\/\/contextoanalisisperiodistico.com\/wp-content\/uploads\/2024\/08\/img-20240810-wa00192531683619732149640-1024x683.jpg\" alt=\"\" class=\"wp-image-30090\" srcset=\"https:\/\/contextoanalisisperiodistico.com\/wp-content\/uploads\/2024\/08\/img-20240810-wa00192531683619732149640-1024x683.jpg 1024w, https:\/\/contextoanalisisperiodistico.com\/wp-content\/uploads\/2024\/08\/img-20240810-wa00192531683619732149640-300x200.jpg 300w, https:\/\/contextoanalisisperiodistico.com\/wp-content\/uploads\/2024\/08\/img-20240810-wa00192531683619732149640-768x512.jpg 768w, https:\/\/contextoanalisisperiodistico.com\/wp-content\/uploads\/2024\/08\/img-20240810-wa00192531683619732149640-1536x1024.jpg 1536w, https:\/\/contextoanalisisperiodistico.com\/wp-content\/uploads\/2024\/08\/img-20240810-wa00192531683619732149640.jpg 1600w\" sizes=\"(max-width: 1024px) 100vw, 1024px\" \/><\/figure>\n\n\n\n<figure class=\"wp-block-image\"><img decoding=\"async\" width=\"1024\" height=\"683\" src=\"https:\/\/contextoanalisisperiodistico.com\/wp-content\/uploads\/2024\/08\/img-20240810-wa00166557534558916007323-1024x683.jpg\" alt=\"\" class=\"wp-image-30092\" srcset=\"https:\/\/contextoanalisisperiodistico.com\/wp-content\/uploads\/2024\/08\/img-20240810-wa00166557534558916007323-1024x683.jpg 1024w, https:\/\/contextoanalisisperiodistico.com\/wp-content\/uploads\/2024\/08\/img-20240810-wa00166557534558916007323-300x200.jpg 300w, https:\/\/contextoanalisisperiodistico.com\/wp-content\/uploads\/2024\/08\/img-20240810-wa00166557534558916007323-768x512.jpg 768w, https:\/\/contextoanalisisperiodistico.com\/wp-content\/uploads\/2024\/08\/img-20240810-wa00166557534558916007323-1536x1024.jpg 1536w, https:\/\/contextoanalisisperiodistico.com\/wp-content\/uploads\/2024\/08\/img-20240810-wa00166557534558916007323.jpg 1600w\" sizes=\"(max-width: 1024px) 100vw, 1024px\" \/><\/figure>\n\n\n\n<figure class=\"wp-block-image\"><img decoding=\"async\" width=\"1024\" height=\"576\" src=\"https:\/\/contextoanalisisperiodistico.com\/wp-content\/uploads\/2024\/08\/img-20240810-wa00184594080463382011768-1024x576.jpg\" alt=\"\" class=\"wp-image-30089\" srcset=\"https:\/\/contextoanalisisperiodistico.com\/wp-content\/uploads\/2024\/08\/img-20240810-wa00184594080463382011768-1024x576.jpg 1024w, https:\/\/contextoanalisisperiodistico.com\/wp-content\/uploads\/2024\/08\/img-20240810-wa00184594080463382011768-300x169.jpg 300w, https:\/\/contextoanalisisperiodistico.com\/wp-content\/uploads\/2024\/08\/img-20240810-wa00184594080463382011768-768x432.jpg 768w, https:\/\/contextoanalisisperiodistico.com\/wp-content\/uploads\/2024\/08\/img-20240810-wa00184594080463382011768-1536x864.jpg 1536w, https:\/\/contextoanalisisperiodistico.com\/wp-content\/uploads\/2024\/08\/img-20240810-wa00184594080463382011768.jpg 1600w\" sizes=\"(max-width: 1024px) 100vw, 1024px\" \/><\/figure>\n\n\n\n<figure class=\"wp-block-image\"><img loading=\"lazy\" decoding=\"async\" width=\"1024\" height=\"683\" src=\"https:\/\/contextoanalisisperiodistico.com\/wp-content\/uploads\/2024\/08\/img-20240810-wa0020111623189205004861-1024x683.jpg\" alt=\"\" class=\"wp-image-30091\" srcset=\"https:\/\/contextoanalisisperiodistico.com\/wp-content\/uploads\/2024\/08\/img-20240810-wa0020111623189205004861-1024x683.jpg 1024w, https:\/\/contextoanalisisperiodistico.com\/wp-content\/uploads\/2024\/08\/img-20240810-wa0020111623189205004861-300x200.jpg 300w, https:\/\/contextoanalisisperiodistico.com\/wp-content\/uploads\/2024\/08\/img-20240810-wa0020111623189205004861-768x512.jpg 768w, https:\/\/contextoanalisisperiodistico.com\/wp-content\/uploads\/2024\/08\/img-20240810-wa0020111623189205004861-1536x1024.jpg 1536w, https:\/\/contextoanalisisperiodistico.com\/wp-content\/uploads\/2024\/08\/img-20240810-wa0020111623189205004861.jpg 1600w\" sizes=\"(max-width: 1024px) 100vw, 1024px\" \/><\/figure>\n","protected":false},"excerpt":{"rendered":"","protected":false},"author":4,"featured_media":30088,"comment_status":"","ping_status":"open","sticky":false,"template":"","format":"standard","meta":{"footnotes":""},"categories":[9],"tags":[],"jetpack_sharing_enabled":true,"featured_image_urls":{"full":["https:\/\/contextoanalisisperiodistico.com\/wp-content\/uploads\/2024\/08\/IMG-20240810-WA0021.jpg",1600,1067,false],"thumbnail":["https:\/\/contextoanalisisperiodistico.com\/wp-content\/uploads\/2024\/08\/IMG-20240810-WA0021-150x150.jpg",150,150,true],"medium":["https:\/\/contextoanalisisperiodistico.com\/wp-content\/uploads\/2024\/08\/IMG-20240810-WA0021-300x200.jpg",300,200,true],"medium_large":["https:\/\/contextoanalisisperiodistico.com\/wp-content\/uploads\/2024\/08\/IMG-20240810-WA0021-768x512.jpg",640,427,true],"large":["https:\/\/contextoanalisisperiodistico.com\/wp-content\/uploads\/2024\/08\/IMG-20240810-WA0021-1024x683.jpg",640,427,true],"1536x1536":["https:\/\/contextoanalisisperiodistico.com\/wp-content\/uploads\/2024\/08\/IMG-20240810-WA0021-1536x1024.jpg",1536,1024,true],"2048x2048":["https:\/\/contextoanalisisperiodistico.com\/wp-content\/uploads\/2024\/08\/IMG-20240810-WA0021.jpg",1600,1067,false],"covernews-slider-full":["https:\/\/contextoanalisisperiodistico.com\/wp-content\/uploads\/2024\/08\/IMG-20240810-WA0021-1115x715.jpg",1115,715,true],"covernews-slider-center":["https:\/\/contextoanalisisperiodistico.com\/wp-content\/uploads\/2024\/08\/IMG-20240810-WA0021-800x500.jpg",800,500,true],"covernews-featured":["https:\/\/contextoanalisisperiodistico.com\/wp-content\/uploads\/2024\/08\/IMG-20240810-WA0021-1024x683.jpg",1024,683,true],"covernews-medium":["https:\/\/contextoanalisisperiodistico.com\/wp-content\/uploads\/2024\/08\/IMG-20240810-WA0021-540x340.jpg",540,340,true],"covernews-medium-square":["https:\/\/contextoanalisisperiodistico.com\/wp-content\/uploads\/2024\/08\/IMG-20240810-WA0021-400x250.jpg",400,250,true]},"author_info":{"display_name":"Mario Gir\u00f3n","author_link":"https:\/\/contextoanalisisperiodistico.com\/index.php\/author\/director\/"},"category_info":"<a href=\"https:\/\/contextoanalisisperiodistico.com\/index.php\/category\/politica\/\" rel=\"category tag\">Pol\u00edtica<\/a>","tag_info":"Pol\u00edtica","comment_count":"0","jetpack_featured_media_url":"https:\/\/contextoanalisisperiodistico.com\/wp-content\/uploads\/2024\/08\/IMG-20240810-WA0021.jpg","_links":{"self":[{"href":"https:\/\/contextoanalisisperiodistico.com\/index.php\/wp-json\/wp\/v2\/posts\/30093"}],"collection":[{"href":"https:\/\/contextoanalisisperiodistico.com\/index.php\/wp-json\/wp\/v2\/posts"}],"about":[{"href":"https:\/\/contextoanalisisperiodistico.com\/index.php\/wp-json\/wp\/v2\/types\/post"}],"author":[{"embeddable":true,"href":"https:\/\/contextoanalisisperiodistico.com\/index.php\/wp-json\/wp\/v2\/users\/4"}],"replies":[{"embeddable":true,"href":"https:\/\/contextoanalisisperiodistico.com\/index.php\/wp-json\/wp\/v2\/comments?post=30093"}],"version-history":[{"count":0,"href":"https:\/\/contextoanalisisperiodistico.com\/index.php\/wp-json\/wp\/v2\/posts\/30093\/revisions"}],"wp:featuredmedia":[{"embeddable":true,"href":"https:\/\/contextoanalisisperiodistico.com\/index.php\/wp-json\/wp\/v2\/media\/30088"}],"wp:attachment":[{"href":"https:\/\/contextoanalisisperiodistico.com\/index.php\/wp-json\/wp\/v2\/media?parent=30093"}],"wp:term":[{"taxonomy":"category","embeddable":true,"href":"https:\/\/contextoanalisisperiodistico.com\/index.php\/wp-json\/wp\/v2\/categories?post=30093"},{"taxonomy":"post_tag","embeddable":true,"href":"https:\/\/contextoanalisisperiodistico.com\/index.php\/wp-json\/wp\/v2\/tags?post=30093"}],"curies":[{"name":"wp","href":"https:\/\/api.w.org\/{rel}","templated":true}]}}