{"id":30086,"date":"2024-08-10T10:52:48","date_gmt":"2024-08-10T16:52:48","guid":{"rendered":"https:\/\/contextoanalisisperiodistico.com\/index.php\/2024\/08\/10\/inician-agentes-estatales-de-investigacion-curso-de-competencias-basicas-de-la-funcion-policial-sspc\/"},"modified":"2024-08-10T10:55:01","modified_gmt":"2024-08-10T16:55:01","slug":"inician-agentes-estatales-de-investigacion-curso-de-competencias-basicas-de-la-funcion-policial-sspc","status":"publish","type":"post","link":"https:\/\/contextoanalisisperiodistico.com\/index.php\/2024\/08\/10\/inician-agentes-estatales-de-investigacion-curso-de-competencias-basicas-de-la-funcion-policial-sspc\/","title":{"rendered":"Agentes Estatales de Investigaci\u00f3n en Curso de Competencias B\u00e1sicas de la Funci\u00f3n Policial: SSPC"},"content":{"rendered":"<div id=\"fb-root\"><\/div>\n\n<ul class=\"wp-block-list\">\n<li>34 agentes ser\u00e1n parte de esta capacitaci\u00f3n impartida por un instructor certificado en el Instituto de Profesionalizaci\u00f3n Policial de la SSPC<\/li>\n<\/ul>\n\n\n\n<figure class=\"wp-block-image size-large\"><img fetchpriority=\"high\" decoding=\"async\" width=\"1024\" height=\"506\" src=\"https:\/\/contextoanalisisperiodistico.com\/wp-content\/uploads\/2024\/08\/img-20240810-wa00343554110002378537559-1024x506.jpg\" alt=\"\" class=\"wp-image-30085\" srcset=\"https:\/\/contextoanalisisperiodistico.com\/wp-content\/uploads\/2024\/08\/img-20240810-wa00343554110002378537559-1024x506.jpg 1024w, https:\/\/contextoanalisisperiodistico.com\/wp-content\/uploads\/2024\/08\/img-20240810-wa00343554110002378537559-300x148.jpg 300w, https:\/\/contextoanalisisperiodistico.com\/wp-content\/uploads\/2024\/08\/img-20240810-wa00343554110002378537559-768x380.jpg 768w, https:\/\/contextoanalisisperiodistico.com\/wp-content\/uploads\/2024\/08\/img-20240810-wa00343554110002378537559-1536x759.jpg 1536w, https:\/\/contextoanalisisperiodistico.com\/wp-content\/uploads\/2024\/08\/img-20240810-wa00343554110002378537559.jpg 1600w\" sizes=\"(max-width: 1024px) 100vw, 1024px\" \/><\/figure>\n\n\n\n<figure class=\"wp-block-image\"><img decoding=\"async\" width=\"1024\" height=\"682\" src=\"https:\/\/contextoanalisisperiodistico.com\/wp-content\/uploads\/2024\/08\/img-20240810-wa0043984015755002457695-1024x682.jpg\" alt=\"\" class=\"wp-image-30082\" srcset=\"https:\/\/contextoanalisisperiodistico.com\/wp-content\/uploads\/2024\/08\/img-20240810-wa0043984015755002457695-1024x682.jpg 1024w, https:\/\/contextoanalisisperiodistico.com\/wp-content\/uploads\/2024\/08\/img-20240810-wa0043984015755002457695-300x200.jpg 300w, https:\/\/contextoanalisisperiodistico.com\/wp-content\/uploads\/2024\/08\/img-20240810-wa0043984015755002457695-768x512.jpg 768w, https:\/\/contextoanalisisperiodistico.com\/wp-content\/uploads\/2024\/08\/img-20240810-wa0043984015755002457695-1536x1023.jpg 1536w, https:\/\/contextoanalisisperiodistico.com\/wp-content\/uploads\/2024\/08\/img-20240810-wa0043984015755002457695.jpg 1600w\" sizes=\"(max-width: 1024px) 100vw, 1024px\" \/><\/figure>\n\n\n\n<figure class=\"wp-block-image\"><img decoding=\"async\" width=\"1024\" height=\"696\" src=\"https:\/\/contextoanalisisperiodistico.com\/wp-content\/uploads\/2024\/08\/img-20240810-wa00335965405538571243675-1024x696.jpg\" alt=\"\" class=\"wp-image-30084\" srcset=\"https:\/\/contextoanalisisperiodistico.com\/wp-content\/uploads\/2024\/08\/img-20240810-wa00335965405538571243675-1024x696.jpg 1024w, https:\/\/contextoanalisisperiodistico.com\/wp-content\/uploads\/2024\/08\/img-20240810-wa00335965405538571243675-300x204.jpg 300w, https:\/\/contextoanalisisperiodistico.com\/wp-content\/uploads\/2024\/08\/img-20240810-wa00335965405538571243675-768x522.jpg 768w, https:\/\/contextoanalisisperiodistico.com\/wp-content\/uploads\/2024\/08\/img-20240810-wa00335965405538571243675-1536x1044.jpg 1536w, https:\/\/contextoanalisisperiodistico.com\/wp-content\/uploads\/2024\/08\/img-20240810-wa00335965405538571243675.jpg 1600w\" sizes=\"(max-width: 1024px) 100vw, 1024px\" \/><\/figure>\n\n\n\n<figure class=\"wp-block-image\"><img loading=\"lazy\" decoding=\"async\" width=\"1024\" height=\"682\" src=\"https:\/\/contextoanalisisperiodistico.com\/wp-content\/uploads\/2024\/08\/img-20240810-wa0037243994582742570403-1024x682.jpg\" alt=\"\" class=\"wp-image-30083\" srcset=\"https:\/\/contextoanalisisperiodistico.com\/wp-content\/uploads\/2024\/08\/img-20240810-wa0037243994582742570403-1024x682.jpg 1024w, https:\/\/contextoanalisisperiodistico.com\/wp-content\/uploads\/2024\/08\/img-20240810-wa0037243994582742570403-300x200.jpg 300w, https:\/\/contextoanalisisperiodistico.com\/wp-content\/uploads\/2024\/08\/img-20240810-wa0037243994582742570403-768x512.jpg 768w, https:\/\/contextoanalisisperiodistico.com\/wp-content\/uploads\/2024\/08\/img-20240810-wa0037243994582742570403-1536x1023.jpg 1536w, https:\/\/contextoanalisisperiodistico.com\/wp-content\/uploads\/2024\/08\/img-20240810-wa0037243994582742570403.jpg 1600w\" sizes=\"(max-width: 1024px) 100vw, 1024px\" \/><\/figure>\n\n\n\n<p>Oaxaca de Ju\u00e1rez, Oax., 10 de agosto de 2024.- En un esquema de coordinaci\u00f3n entre la Secretar\u00eda de Seguridad y Protecci\u00f3n Ciudadana (SSPC) y la Fiscal\u00eda General del Estado de Oaxaca (FGEO), este viernes, en el Instituto de Profesionalizaci\u00f3n Policial fue inaugurado el Curso de Competencias B\u00e1sicas de la Funci\u00f3n Policial que del 5 al 10 de agosto se imparte a 34 Agentes Estatales de Investigaci\u00f3n (AEI).<\/p>\n\n\n\n<p>Durante la capacitaci\u00f3n realizada por un instructor certificado en instalaciones de la SSPC, las y los elementos fortalecen sus conocimientos, habilidades, t\u00e9cnicas y destrezas b\u00e1sicas para el desempe\u00f1o de la funci\u00f3n policial, de acuerdo con los principios constitucionales en materia de seguridad p\u00fablica y el respeto pleno de los derechos humanos.<\/p>\n\n\n\n<p>As\u00ed lo dio a conocer el titular de la SSPC, Iv\u00e1n Garc\u00eda \u00c1lvarez, al dar la bienvenida al Fiscal General del Estado de Oaxaca, Bernardo Rodr\u00edguez Alamilla y la Secretaria Ejecutiva del Sistema Estatal de Seguridad P\u00fablica, Karina Bar\u00f3n Ortiz; asegurando que la formaci\u00f3n y profesionalizaci\u00f3n de los cuerpos policiales es una prioridad para el Gobierno del Estado que encabeza Salom\u00f3n Jara Cruz.<\/p>\n\n\n\n<p>Al culminar esta etapa de preparaci\u00f3n, los agentes habr\u00e1n adquirido y reforzado sus conocimientos en los siguientes temas: Conducci\u00f3n de veh\u00edculos policiales y operaci\u00f3n de veh\u00edculos de radiocomunicaci\u00f3n, Armamento y tiro, Uso de la fuerza y leg\u00edtima defensa, Detenci\u00f3n y conducci\u00f3n de personas, Acondicionamiento f\u00edsico, Investigaci\u00f3n policial y Sistema Penal Acusatorio.<\/p>\n\n\n\n<p>De esta manera, Oaxaca avanza en la construcci\u00f3n de un modelo policial ocupado en servir y proteger a la sociedad con profesionalismo, integridad y un profundo respeto por los derechos humanos; consolidando un estado cada vez m\u00e1s seguro y justo para todas y todos.<\/p>\n\n\n\n<p>-0-<\/p>\n","protected":false},"excerpt":{"rendered":"<p>Oaxaca de Ju\u00e1rez, Oax., 10 de agosto de 2024.- En un esquema de coordinaci\u00f3n entre&#8230;<\/p>\n","protected":false},"author":4,"featured_media":30081,"comment_status":"closed","ping_status":"open","sticky":false,"template":"","format":"standard","meta":{"footnotes":""},"categories":[9],"tags":[],"jetpack_sharing_enabled":true,"featured_image_urls":{"full":["https:\/\/contextoanalisisperiodistico.com\/wp-content\/uploads\/2024\/08\/IMG-20240810-WA0035.jpg",1600,1066,false],"thumbnail":["https:\/\/contextoanalisisperiodistico.com\/wp-content\/uploads\/2024\/08\/IMG-20240810-WA0035-150x150.jpg",150,150,true],"medium":["https:\/\/contextoanalisisperiodistico.com\/wp-content\/uploads\/2024\/08\/IMG-20240810-WA0035-300x200.jpg",300,200,true],"medium_large":["https:\/\/contextoanalisisperiodistico.com\/wp-content\/uploads\/2024\/08\/IMG-20240810-WA0035-768x512.jpg",640,427,true],"large":["https:\/\/contextoanalisisperiodistico.com\/wp-content\/uploads\/2024\/08\/IMG-20240810-WA0035-1024x682.jpg",640,426,true],"1536x1536":["https:\/\/contextoanalisisperiodistico.com\/wp-content\/uploads\/2024\/08\/IMG-20240810-WA0035-1536x1023.jpg",1536,1023,true],"2048x2048":["https:\/\/contextoanalisisperiodistico.com\/wp-content\/uploads\/2024\/08\/IMG-20240810-WA0035.jpg",1600,1066,false],"covernews-slider-full":["https:\/\/contextoanalisisperiodistico.com\/wp-content\/uploads\/2024\/08\/IMG-20240810-WA0035-1115x715.jpg",1115,715,true],"covernews-slider-center":["https:\/\/contextoanalisisperiodistico.com\/wp-content\/uploads\/2024\/08\/IMG-20240810-WA0035-800x500.jpg",800,500,true],"covernews-featured":["https:\/\/contextoanalisisperiodistico.com\/wp-content\/uploads\/2024\/08\/IMG-20240810-WA0035-1024x682.jpg",1024,682,true],"covernews-medium":["https:\/\/contextoanalisisperiodistico.com\/wp-content\/uploads\/2024\/08\/IMG-20240810-WA0035-540x340.jpg",540,340,true],"covernews-medium-square":["https:\/\/contextoanalisisperiodistico.com\/wp-content\/uploads\/2024\/08\/IMG-20240810-WA0035-400x250.jpg",400,250,true]},"author_info":{"display_name":"Mario Gir\u00f3n","author_link":"https:\/\/contextoanalisisperiodistico.com\/index.php\/author\/director\/"},"category_info":"<a href=\"https:\/\/contextoanalisisperiodistico.com\/index.php\/category\/politica\/\" rel=\"category tag\">Pol\u00edtica<\/a>","tag_info":"Pol\u00edtica","comment_count":"0","jetpack_featured_media_url":"https:\/\/contextoanalisisperiodistico.com\/wp-content\/uploads\/2024\/08\/IMG-20240810-WA0035.jpg","_links":{"self":[{"href":"https:\/\/contextoanalisisperiodistico.com\/index.php\/wp-json\/wp\/v2\/posts\/30086"}],"collection":[{"href":"https:\/\/contextoanalisisperiodistico.com\/index.php\/wp-json\/wp\/v2\/posts"}],"about":[{"href":"https:\/\/contextoanalisisperiodistico.com\/index.php\/wp-json\/wp\/v2\/types\/post"}],"author":[{"embeddable":true,"href":"https:\/\/contextoanalisisperiodistico.com\/index.php\/wp-json\/wp\/v2\/users\/4"}],"replies":[{"embeddable":true,"href":"https:\/\/contextoanalisisperiodistico.com\/index.php\/wp-json\/wp\/v2\/comments?post=30086"}],"version-history":[{"count":1,"href":"https:\/\/contextoanalisisperiodistico.com\/index.php\/wp-json\/wp\/v2\/posts\/30086\/revisions"}],"predecessor-version":[{"id":30087,"href":"https:\/\/contextoanalisisperiodistico.com\/index.php\/wp-json\/wp\/v2\/posts\/30086\/revisions\/30087"}],"wp:featuredmedia":[{"embeddable":true,"href":"https:\/\/contextoanalisisperiodistico.com\/index.php\/wp-json\/wp\/v2\/media\/30081"}],"wp:attachment":[{"href":"https:\/\/contextoanalisisperiodistico.com\/index.php\/wp-json\/wp\/v2\/media?parent=30086"}],"wp:term":[{"taxonomy":"category","embeddable":true,"href":"https:\/\/contextoanalisisperiodistico.com\/index.php\/wp-json\/wp\/v2\/categories?post=30086"},{"taxonomy":"post_tag","embeddable":true,"href":"https:\/\/contextoanalisisperiodistico.com\/index.php\/wp-json\/wp\/v2\/tags?post=30086"}],"curies":[{"name":"wp","href":"https:\/\/api.w.org\/{rel}","templated":true}]}}