{"id":30079,"date":"2024-08-10T09:37:39","date_gmt":"2024-08-10T15:37:39","guid":{"rendered":"https:\/\/contextoanalisisperiodistico.com\/index.php\/2024\/08\/10\/realizan-reunion-interinstitucional-para-diagnosticar-y-erradicar-la-hepatitis-c\/"},"modified":"2024-08-10T09:38:23","modified_gmt":"2024-08-10T15:38:23","slug":"realizan-reunion-interinstitucional-para-diagnosticar-y-erradicar-la-hepatitis-c","status":"publish","type":"post","link":"https:\/\/contextoanalisisperiodistico.com\/index.php\/2024\/08\/10\/realizan-reunion-interinstitucional-para-diagnosticar-y-erradicar-la-hepatitis-c\/","title":{"rendered":"Reuni\u00f3n interinstitucional para diagnosticar y erradicar la Hepatitis C"},"content":{"rendered":"<div id=\"fb-root\"><\/div>\n\n<p>\u2022 Coesida entreg\u00f3 Prevent Kit de exposici\u00f3n perinatal al VIH y reducir el riesgo de transmisi\u00f3n vertical de este virus en reci\u00e9n nacidos, as\u00ed como para un diagn\u00f3stico oportuno de ITS en embarazadas<\/p>\n\n\n\n<figure class=\"wp-block-image size-large\"><img fetchpriority=\"high\" decoding=\"async\" width=\"1024\" height=\"682\" src=\"https:\/\/contextoanalisisperiodistico.com\/wp-content\/uploads\/2024\/08\/img-20240810-wa00057157827779930636846-1024x682.jpg\" alt=\"\" class=\"wp-image-30077\" srcset=\"https:\/\/contextoanalisisperiodistico.com\/wp-content\/uploads\/2024\/08\/img-20240810-wa00057157827779930636846-1024x682.jpg 1024w, https:\/\/contextoanalisisperiodistico.com\/wp-content\/uploads\/2024\/08\/img-20240810-wa00057157827779930636846-300x200.jpg 300w, https:\/\/contextoanalisisperiodistico.com\/wp-content\/uploads\/2024\/08\/img-20240810-wa00057157827779930636846-768x512.jpg 768w, https:\/\/contextoanalisisperiodistico.com\/wp-content\/uploads\/2024\/08\/img-20240810-wa00057157827779930636846-1536x1023.jpg 1536w, https:\/\/contextoanalisisperiodistico.com\/wp-content\/uploads\/2024\/08\/img-20240810-wa00057157827779930636846.jpg 1600w\" sizes=\"(max-width: 1024px) 100vw, 1024px\" \/><\/figure>\n\n\n\n<figure class=\"wp-block-image\"><img decoding=\"async\" width=\"1024\" height=\"682\" src=\"https:\/\/contextoanalisisperiodistico.com\/wp-content\/uploads\/2024\/08\/img-20240810-wa00041411092913990976004-1024x682.jpg\" alt=\"\" class=\"wp-image-30078\" srcset=\"https:\/\/contextoanalisisperiodistico.com\/wp-content\/uploads\/2024\/08\/img-20240810-wa00041411092913990976004-1024x682.jpg 1024w, https:\/\/contextoanalisisperiodistico.com\/wp-content\/uploads\/2024\/08\/img-20240810-wa00041411092913990976004-300x200.jpg 300w, https:\/\/contextoanalisisperiodistico.com\/wp-content\/uploads\/2024\/08\/img-20240810-wa00041411092913990976004-768x512.jpg 768w, https:\/\/contextoanalisisperiodistico.com\/wp-content\/uploads\/2024\/08\/img-20240810-wa00041411092913990976004-1536x1023.jpg 1536w, https:\/\/contextoanalisisperiodistico.com\/wp-content\/uploads\/2024\/08\/img-20240810-wa00041411092913990976004.jpg 1600w\" sizes=\"(max-width: 1024px) 100vw, 1024px\" \/><\/figure>\n\n\n\n<p>Oaxaca de Ju\u00e1rez, Oax. 10 de agosto de 2024.- Personal m\u00e9dico y param\u00e9dico de diversas instituciones del sector salud de la entidad, as\u00ed como representantes de la academia y de organizaciones de la sociedad civil, participaron en la Reuni\u00f3n para el Fortalecimiento de la Coordinaci\u00f3n Interinstitucional para el Programa de Eliminaci\u00f3n de Hepatitis C y sumar esfuerzos para diagnosticar y erradicar esta enfermedad.<\/p>\n\n\n\n<p>En el marco de este encuentro el Consejo Estatal para la Prevenci\u00f3n y Control del Sida (Coesida) entreg\u00f3 a siete hospitales del estado equipos de Prevent Kit de exposici\u00f3n perinatal al VIH &#8211; Virus de Inmunodeficiencia Humana-, para reducir el riesgo de transmisi\u00f3n vertical de este microorganismo en reci\u00e9n nacidos y contar con un diagn\u00f3stico oportuno de las Infecciones de Transmisi\u00f3n Sexual (ITS) en embarazadas.<\/p>\n\n\n\n<p>En la inauguraci\u00f3n a la que asistieron, con la representaci\u00f3n del Gobernador Salom\u00f3n Jara Cruz, el coordinador del Gabinete Social del Gobierno de Oaxaca, Flavio Sosa Villavicencio y la directora general del Centro Nacional para la Prevenci\u00f3n y Control del VIH y el Sida, Alethse de la Torre Rosas, se dio a conocer la importancia de que instituciones involucradas tomen las medidas necesarias para reducir los riesgos por esta patolog\u00eda y se lleven a cabo acciones continuas para lograr diagn\u00f3sticos m\u00e1s tempranos.<\/p>\n\n\n\n<p>Adem\u00e1s, se expusieron temas sobre el panorama y el tratamiento de la Hepatitis C en M\u00e9xico, la importancia de la prevenci\u00f3n, detecci\u00f3n y atenci\u00f3n de esta enfermedad, as\u00ed como sus futuras consecuencias.<\/p>\n\n\n\n<p>Se propusieron estrategias de captaci\u00f3n de personas que viven con el virus de Hepatitis C, a la par se compartieron casos de \u00e9xito de tratamientos. Se propuso el uso de la plataforma AAMATES (Ambiente para la Administraci\u00f3n y Manejo de Atenciones en Salud) para el registro de informaci\u00f3n cl\u00ednica de pacientes para su atenci\u00f3n.<\/p>\n\n\n\n<p>Como parte de esta actividad, se realizaron tres mesas de trabajo para la atenci\u00f3n sobre el funcionamiento de esta plataforma; as\u00ed como la exposici\u00f3n de alternativas de seguimiento, acompa\u00f1amiento y post tratamiento para esta enfermedad y para la coordinaci\u00f3n institucional. Se realizaron pruebas gratuitas de detecci\u00f3n de Hepatitis C.<\/p>\n\n\n\n<p>Asistieron adem\u00e1s representantes de seis Jefaturas Jurisdiccionales de los Servicios de Salud de Oaxaca y el subdirector general de Innovaci\u00f3n y Calidad de esta instancia Efr\u00e9n Emanuel Jarqu\u00edn Gonz\u00e1les.<\/p>\n\n\n\n<p>La salud de la ciudadan\u00eda es una prioridad para el gobierno de la Primavera Oaxaque\u00f1a, por lo que respalda acciones que permitan la Reparaci\u00f3n Hist\u00f3rica de los Pueblos para una mejor calidad de vida.<\/p>\n\n\n\n<p>-0-<\/p>\n","protected":false},"excerpt":{"rendered":"<p>\u2022 Coesida entreg\u00f3 Prevent Kit de exposici\u00f3n perinatal al VIH y reducir el riesgo de&#8230;<\/p>\n","protected":false},"author":4,"featured_media":30076,"comment_status":"closed","ping_status":"open","sticky":false,"template":"","format":"standard","meta":{"footnotes":""},"categories":[9],"tags":[],"jetpack_sharing_enabled":true,"featured_image_urls":{"full":["https:\/\/contextoanalisisperiodistico.com\/wp-content\/uploads\/2024\/08\/IMG-20240810-WA0003.jpg",1600,1066,false],"thumbnail":["https:\/\/contextoanalisisperiodistico.com\/wp-content\/uploads\/2024\/08\/IMG-20240810-WA0003-150x150.jpg",150,150,true],"medium":["https:\/\/contextoanalisisperiodistico.com\/wp-content\/uploads\/2024\/08\/IMG-20240810-WA0003-300x200.jpg",300,200,true],"medium_large":["https:\/\/contextoanalisisperiodistico.com\/wp-content\/uploads\/2024\/08\/IMG-20240810-WA0003-768x512.jpg",640,427,true],"large":["https:\/\/contextoanalisisperiodistico.com\/wp-content\/uploads\/2024\/08\/IMG-20240810-WA0003-1024x682.jpg",640,426,true],"1536x1536":["https:\/\/contextoanalisisperiodistico.com\/wp-content\/uploads\/2024\/08\/IMG-20240810-WA0003-1536x1023.jpg",1536,1023,true],"2048x2048":["https:\/\/contextoanalisisperiodistico.com\/wp-content\/uploads\/2024\/08\/IMG-20240810-WA0003.jpg",1600,1066,false],"covernews-slider-full":["https:\/\/contextoanalisisperiodistico.com\/wp-content\/uploads\/2024\/08\/IMG-20240810-WA0003-1115x715.jpg",1115,715,true],"covernews-slider-center":["https:\/\/contextoanalisisperiodistico.com\/wp-content\/uploads\/2024\/08\/IMG-20240810-WA0003-800x500.jpg",800,500,true],"covernews-featured":["https:\/\/contextoanalisisperiodistico.com\/wp-content\/uploads\/2024\/08\/IMG-20240810-WA0003-1024x682.jpg",1024,682,true],"covernews-medium":["https:\/\/contextoanalisisperiodistico.com\/wp-content\/uploads\/2024\/08\/IMG-20240810-WA0003-540x340.jpg",540,340,true],"covernews-medium-square":["https:\/\/contextoanalisisperiodistico.com\/wp-content\/uploads\/2024\/08\/IMG-20240810-WA0003-400x250.jpg",400,250,true]},"author_info":{"display_name":"Mario Gir\u00f3n","author_link":"https:\/\/contextoanalisisperiodistico.com\/index.php\/author\/director\/"},"category_info":"<a href=\"https:\/\/contextoanalisisperiodistico.com\/index.php\/category\/politica\/\" rel=\"category tag\">Pol\u00edtica<\/a>","tag_info":"Pol\u00edtica","comment_count":"0","jetpack_featured_media_url":"https:\/\/contextoanalisisperiodistico.com\/wp-content\/uploads\/2024\/08\/IMG-20240810-WA0003.jpg","_links":{"self":[{"href":"https:\/\/contextoanalisisperiodistico.com\/index.php\/wp-json\/wp\/v2\/posts\/30079"}],"collection":[{"href":"https:\/\/contextoanalisisperiodistico.com\/index.php\/wp-json\/wp\/v2\/posts"}],"about":[{"href":"https:\/\/contextoanalisisperiodistico.com\/index.php\/wp-json\/wp\/v2\/types\/post"}],"author":[{"embeddable":true,"href":"https:\/\/contextoanalisisperiodistico.com\/index.php\/wp-json\/wp\/v2\/users\/4"}],"replies":[{"embeddable":true,"href":"https:\/\/contextoanalisisperiodistico.com\/index.php\/wp-json\/wp\/v2\/comments?post=30079"}],"version-history":[{"count":1,"href":"https:\/\/contextoanalisisperiodistico.com\/index.php\/wp-json\/wp\/v2\/posts\/30079\/revisions"}],"predecessor-version":[{"id":30080,"href":"https:\/\/contextoanalisisperiodistico.com\/index.php\/wp-json\/wp\/v2\/posts\/30079\/revisions\/30080"}],"wp:featuredmedia":[{"embeddable":true,"href":"https:\/\/contextoanalisisperiodistico.com\/index.php\/wp-json\/wp\/v2\/media\/30076"}],"wp:attachment":[{"href":"https:\/\/contextoanalisisperiodistico.com\/index.php\/wp-json\/wp\/v2\/media?parent=30079"}],"wp:term":[{"taxonomy":"category","embeddable":true,"href":"https:\/\/contextoanalisisperiodistico.com\/index.php\/wp-json\/wp\/v2\/categories?post=30079"},{"taxonomy":"post_tag","embeddable":true,"href":"https:\/\/contextoanalisisperiodistico.com\/index.php\/wp-json\/wp\/v2\/tags?post=30079"}],"curies":[{"name":"wp","href":"https:\/\/api.w.org\/{rel}","templated":true}]}}