{"id":30075,"date":"2024-08-09T19:09:19","date_gmt":"2024-08-10T01:09:19","guid":{"rendered":"https:\/\/contextoanalisisperiodistico.com\/index.php\/2024\/08\/09\/ofrecen-gobierno-federal-y-estatal-mesa-de-atencion-a-bajos-de-coyula-y-el-arenal\/"},"modified":"2024-08-09T19:09:19","modified_gmt":"2024-08-10T01:09:19","slug":"ofrecen-gobierno-federal-y-estatal-mesa-de-atencion-a-bajos-de-coyula-y-el-arenal","status":"publish","type":"post","link":"https:\/\/contextoanalisisperiodistico.com\/index.php\/2024\/08\/09\/ofrecen-gobierno-federal-y-estatal-mesa-de-atencion-a-bajos-de-coyula-y-el-arenal\/","title":{"rendered":"Ofrecen Gobierno Federal y Estatal, mesa de atenci\u00f3n a Bajos de Coyula y El Arenal"},"content":{"rendered":"<div id=\"fb-root\"><\/div>\n\n<p>Los gobiernos Federal y Estatal ofrecieron una mesa de atenci\u00f3n a pobladores de Bajos de Coyula y El Arenal, Huatulco, el cual se realizar\u00e1 el pr\u00f3ximo jueves y d\u00f3nde estar\u00e1n presente funcionariado de la Comisi\u00f3n Nacional de \u00c1reas Naturales Protegidas (CONANP), de la Subsecretar\u00eda de Desarrollo Agrario, Territorial y Urbano, del Instituto Nacional del Suelo Sustentable (Insus), de la Subsecretar\u00eda del Medio Ambiente y una representaci\u00f3n de la Secretar\u00eda de Gobernaci\u00f3n (Segob).<\/p>\n\n\n\n<p>La Secretar\u00eda de Gobierno (Sego) reitera el respeto a la libre manifestaci\u00f3n de las personas pobladoras de Bajos de Coyula, Huatulco, quienes este viernes mantienen un bloqueo en inmediaciones del Aeropuerto de Huatulco; sin embargo, exhorta a habitantes de ambas comunidades a evitar afectaciones a terceros, ello pese a los reiterados llamados al di\u00e1logo.<\/p>\n\n\n\n<p>A trav\u00e9s del Delegado de Paz de esta dependencia, fueron conminados a liberar la v\u00eda de comunicaci\u00f3n para evitar mayores afectaciones a ciudadan\u00eda y turistas que transita por esta zona.<\/p>\n\n\n\n<p>La Sego reitera que desde el primer momento ha mantenido apertura para coadyuvar a que los cuestionamientos de la poblaci\u00f3n sean escuchados y sus dudas aclaradas; sin embargo, no ha existido la disposici\u00f3n al di\u00e1logo y la conciliaci\u00f3n.<\/p>\n\n\n\n<p>-0-<\/p>\n","protected":false},"excerpt":{"rendered":"<p>Los gobiernos Federal y Estatal ofrecieron una mesa de atenci\u00f3n a pobladores de Bajos de&#8230;<\/p>\n","protected":false},"author":4,"featured_media":30074,"comment_status":"","ping_status":"open","sticky":false,"template":"","format":"standard","meta":{"footnotes":""},"categories":[9],"tags":[],"jetpack_sharing_enabled":true,"featured_image_urls":{"full":["https:\/\/contextoanalisisperiodistico.com\/wp-content\/uploads\/2024\/08\/IMG-20240809-WA0127.jpg",960,960,false],"thumbnail":["https:\/\/contextoanalisisperiodistico.com\/wp-content\/uploads\/2024\/08\/IMG-20240809-WA0127-150x150.jpg",150,150,true],"medium":["https:\/\/contextoanalisisperiodistico.com\/wp-content\/uploads\/2024\/08\/IMG-20240809-WA0127-300x300.jpg",300,300,true],"medium_large":["https:\/\/contextoanalisisperiodistico.com\/wp-content\/uploads\/2024\/08\/IMG-20240809-WA0127-768x768.jpg",640,640,true],"large":["https:\/\/contextoanalisisperiodistico.com\/wp-content\/uploads\/2024\/08\/IMG-20240809-WA0127.jpg",640,640,false],"1536x1536":["https:\/\/contextoanalisisperiodistico.com\/wp-content\/uploads\/2024\/08\/IMG-20240809-WA0127.jpg",960,960,false],"2048x2048":["https:\/\/contextoanalisisperiodistico.com\/wp-content\/uploads\/2024\/08\/IMG-20240809-WA0127.jpg",960,960,false],"covernews-slider-full":["https:\/\/contextoanalisisperiodistico.com\/wp-content\/uploads\/2024\/08\/IMG-20240809-WA0127-960x715.jpg",960,715,true],"covernews-slider-center":["https:\/\/contextoanalisisperiodistico.com\/wp-content\/uploads\/2024\/08\/IMG-20240809-WA0127-800x500.jpg",800,500,true],"covernews-featured":["https:\/\/contextoanalisisperiodistico.com\/wp-content\/uploads\/2024\/08\/IMG-20240809-WA0127.jpg",960,960,false],"covernews-medium":["https:\/\/contextoanalisisperiodistico.com\/wp-content\/uploads\/2024\/08\/IMG-20240809-WA0127-540x340.jpg",540,340,true],"covernews-medium-square":["https:\/\/contextoanalisisperiodistico.com\/wp-content\/uploads\/2024\/08\/IMG-20240809-WA0127-400x250.jpg",400,250,true]},"author_info":{"display_name":"Mario Gir\u00f3n","author_link":"https:\/\/contextoanalisisperiodistico.com\/index.php\/author\/director\/"},"category_info":"<a href=\"https:\/\/contextoanalisisperiodistico.com\/index.php\/category\/politica\/\" rel=\"category tag\">Pol\u00edtica<\/a>","tag_info":"Pol\u00edtica","comment_count":"0","jetpack_featured_media_url":"https:\/\/contextoanalisisperiodistico.com\/wp-content\/uploads\/2024\/08\/IMG-20240809-WA0127.jpg","_links":{"self":[{"href":"https:\/\/contextoanalisisperiodistico.com\/index.php\/wp-json\/wp\/v2\/posts\/30075"}],"collection":[{"href":"https:\/\/contextoanalisisperiodistico.com\/index.php\/wp-json\/wp\/v2\/posts"}],"about":[{"href":"https:\/\/contextoanalisisperiodistico.com\/index.php\/wp-json\/wp\/v2\/types\/post"}],"author":[{"embeddable":true,"href":"https:\/\/contextoanalisisperiodistico.com\/index.php\/wp-json\/wp\/v2\/users\/4"}],"replies":[{"embeddable":true,"href":"https:\/\/contextoanalisisperiodistico.com\/index.php\/wp-json\/wp\/v2\/comments?post=30075"}],"version-history":[{"count":0,"href":"https:\/\/contextoanalisisperiodistico.com\/index.php\/wp-json\/wp\/v2\/posts\/30075\/revisions"}],"wp:featuredmedia":[{"embeddable":true,"href":"https:\/\/contextoanalisisperiodistico.com\/index.php\/wp-json\/wp\/v2\/media\/30074"}],"wp:attachment":[{"href":"https:\/\/contextoanalisisperiodistico.com\/index.php\/wp-json\/wp\/v2\/media?parent=30075"}],"wp:term":[{"taxonomy":"category","embeddable":true,"href":"https:\/\/contextoanalisisperiodistico.com\/index.php\/wp-json\/wp\/v2\/categories?post=30075"},{"taxonomy":"post_tag","embeddable":true,"href":"https:\/\/contextoanalisisperiodistico.com\/index.php\/wp-json\/wp\/v2\/tags?post=30075"}],"curies":[{"name":"wp","href":"https:\/\/api.w.org\/{rel}","templated":true}]}}