{"id":30051,"date":"2024-08-09T17:28:51","date_gmt":"2024-08-09T23:28:51","guid":{"rendered":"https:\/\/contextoanalisisperiodistico.com\/?p=30051"},"modified":"2024-08-09T17:29:59","modified_gmt":"2024-08-09T23:29:59","slug":"promueve-dif-oaxaca-la-primera-caminata-estatal-por-los-derechos-de-las-personas-mayores","status":"publish","type":"post","link":"https:\/\/contextoanalisisperiodistico.com\/index.php\/2024\/08\/09\/promueve-dif-oaxaca-la-primera-caminata-estatal-por-los-derechos-de-las-personas-mayores\/","title":{"rendered":"Promueve DIF Oaxaca Primera Caminata Estatal pro Derechos de Personas Mayores"},"content":{"rendered":"<div id=\"fb-root\"><\/div>\n\n<p>\u2022 Con esta actividad se visibilizan y fomentan los derechos en beneficio de un adecuado nivel de bienestar<\/p>\n\n\n\n<figure class=\"wp-block-image size-large\"><img fetchpriority=\"high\" decoding=\"async\" width=\"1024\" height=\"682\" src=\"https:\/\/contextoanalisisperiodistico.com\/wp-content\/uploads\/2024\/08\/img-20240809-wa00982322065132044143315-1024x682.jpg\" alt=\"\" class=\"wp-image-30055\" srcset=\"https:\/\/contextoanalisisperiodistico.com\/wp-content\/uploads\/2024\/08\/img-20240809-wa00982322065132044143315-1024x682.jpg 1024w, https:\/\/contextoanalisisperiodistico.com\/wp-content\/uploads\/2024\/08\/img-20240809-wa00982322065132044143315-300x200.jpg 300w, https:\/\/contextoanalisisperiodistico.com\/wp-content\/uploads\/2024\/08\/img-20240809-wa00982322065132044143315-768x512.jpg 768w, https:\/\/contextoanalisisperiodistico.com\/wp-content\/uploads\/2024\/08\/img-20240809-wa00982322065132044143315-1536x1023.jpg 1536w, https:\/\/contextoanalisisperiodistico.com\/wp-content\/uploads\/2024\/08\/img-20240809-wa00982322065132044143315.jpg 1600w\" sizes=\"(max-width: 1024px) 100vw, 1024px\" \/><\/figure>\n\n\n\n<figure class=\"wp-block-image\"><img decoding=\"async\" width=\"1024\" height=\"682\" src=\"https:\/\/contextoanalisisperiodistico.com\/wp-content\/uploads\/2024\/08\/img-20240809-wa01013189652678371924815-1024x682.jpg\" alt=\"\" class=\"wp-image-30053\" srcset=\"https:\/\/contextoanalisisperiodistico.com\/wp-content\/uploads\/2024\/08\/img-20240809-wa01013189652678371924815-1024x682.jpg 1024w, https:\/\/contextoanalisisperiodistico.com\/wp-content\/uploads\/2024\/08\/img-20240809-wa01013189652678371924815-300x200.jpg 300w, https:\/\/contextoanalisisperiodistico.com\/wp-content\/uploads\/2024\/08\/img-20240809-wa01013189652678371924815-768x512.jpg 768w, https:\/\/contextoanalisisperiodistico.com\/wp-content\/uploads\/2024\/08\/img-20240809-wa01013189652678371924815-1536x1023.jpg 1536w, https:\/\/contextoanalisisperiodistico.com\/wp-content\/uploads\/2024\/08\/img-20240809-wa01013189652678371924815.jpg 1600w\" sizes=\"(max-width: 1024px) 100vw, 1024px\" \/><\/figure>\n\n\n\n<figure class=\"wp-block-image\"><img decoding=\"async\" width=\"1024\" height=\"682\" src=\"https:\/\/contextoanalisisperiodistico.com\/wp-content\/uploads\/2024\/08\/img-20240809-wa00996502517786315010016-1024x682.jpg\" alt=\"\" class=\"wp-image-30054\" srcset=\"https:\/\/contextoanalisisperiodistico.com\/wp-content\/uploads\/2024\/08\/img-20240809-wa00996502517786315010016-1024x682.jpg 1024w, https:\/\/contextoanalisisperiodistico.com\/wp-content\/uploads\/2024\/08\/img-20240809-wa00996502517786315010016-300x200.jpg 300w, https:\/\/contextoanalisisperiodistico.com\/wp-content\/uploads\/2024\/08\/img-20240809-wa00996502517786315010016-768x512.jpg 768w, https:\/\/contextoanalisisperiodistico.com\/wp-content\/uploads\/2024\/08\/img-20240809-wa00996502517786315010016-1536x1023.jpg 1536w, https:\/\/contextoanalisisperiodistico.com\/wp-content\/uploads\/2024\/08\/img-20240809-wa00996502517786315010016.jpg 1600w\" sizes=\"(max-width: 1024px) 100vw, 1024px\" \/><\/figure>\n\n\n\n<p>Oaxaca de Ju\u00e1rez, Oax., 9 de agosto de 2024.- Con el objetivo de promover los derechos de las personas mayores a trav\u00e9s del deporte, el Sistema para el Desarrollo Integral de la Familia (DIF) Oaxaca realiz\u00f3 la Primera Caminata Estatal por los Derechos de las Personas Mayores.<\/p>\n\n\n\n<p>Con mucho \u00e1nimo y alegr\u00eda, la actividad que parti\u00f3 de la Fuente de las Ocho Regiones con destino al Parque Ju\u00e1rez El Llano, fue encabezada por la Direcci\u00f3n de Desarrollo Familiar y Social.<\/p>\n\n\n\n<p>Durante la caminata, las y los participantes realizaron paradas continuas en las que socializaron, descansaron e incluso bailaron al ritmo de la m\u00fasica que ambient\u00f3 este espacio.<\/p>\n\n\n\n<p>El evento cont\u00f3 con la presencia de la Presidenta Honoraria, Irma Bola\u00f1os Quijano, as\u00ed como de la directora del organismo, Maribel Salinas Velasco, quien agradeci\u00f3 su inter\u00e9s por el bienestar de las personas mayores.<\/p>\n\n\n\n<p>\u201cLa caminata tiene el objetivo de visibilizar los derechos de las personas mayores, respetando en todo momento su autonom\u00eda, su autorregulaci\u00f3n, el fortalecimiento y su independencia. Emprendemos acciones tendientes a insertar a este sector poblacional en todos los \u00f3rdenes de la vida, con un trato justo, principalmente para su disfrute y plenitud\u201d, destac\u00f3 Salinas Velasco.<\/p>\n\n\n\n<p>En su oportunidad, la directora de Desarrollo Familiar y Social, Claudia Arenas Flores recalc\u00f3 el objetivo ya mencionado por la directora, toda vez que la participaci\u00f3n de la ni\u00f1ez y juventud es primordial para el cumplimiento de los derechos de las personas mayores.<\/p>\n\n\n\n<p>\u201cSeamos pacientes y fomentemos un envejecimiento saludable, que les permita bienestar y el goce pleno de derechos; desde los hogares rompamos todas esas brechas generacionales y acerqu\u00e9monos a las personas mayores, conozcamos sus experiencias, que son muy enriquecedoras para todas y todos quienes las atestiguamos\u201d, agreg\u00f3.<\/p>\n\n\n\n<p>Para finalizar este evento, se les otorg\u00f3 a las y los participantes adscritos a los clubes de Personas Mayores de diversos municipios, as\u00ed como a las agrupaciones de la sociedad civil un reconocimiento por su participaci\u00f3n.<\/p>\n\n\n\n<p>Con estos espacios, las personas mayores disfrutan de actividades f\u00edsicas y culturales, difunden y hacen valer sus derechos humanos en beneficio de su desarrollo integral, vida y envejecimiento digno.<\/p>\n\n\n\n<p>-0-<\/p>\n","protected":false},"excerpt":{"rendered":"<p>\u2022 Con esta actividad se visibilizan y fomentan los derechos en beneficio de un adecuado&#8230;<\/p>\n","protected":false},"author":4,"featured_media":30052,"comment_status":"closed","ping_status":"open","sticky":false,"template":"","format":"standard","meta":{"footnotes":""},"categories":[3,9],"tags":[],"jetpack_sharing_enabled":true,"featured_image_urls":{"full":["https:\/\/contextoanalisisperiodistico.com\/wp-content\/uploads\/2024\/08\/IMG-20240809-WA0102.jpg",1600,1066,false],"thumbnail":["https:\/\/contextoanalisisperiodistico.com\/wp-content\/uploads\/2024\/08\/IMG-20240809-WA0102-150x150.jpg",150,150,true],"medium":["https:\/\/contextoanalisisperiodistico.com\/wp-content\/uploads\/2024\/08\/IMG-20240809-WA0102-300x200.jpg",300,200,true],"medium_large":["https:\/\/contextoanalisisperiodistico.com\/wp-content\/uploads\/2024\/08\/IMG-20240809-WA0102-768x512.jpg",640,427,true],"large":["https:\/\/contextoanalisisperiodistico.com\/wp-content\/uploads\/2024\/08\/IMG-20240809-WA0102-1024x682.jpg",640,426,true],"1536x1536":["https:\/\/contextoanalisisperiodistico.com\/wp-content\/uploads\/2024\/08\/IMG-20240809-WA0102-1536x1023.jpg",1536,1023,true],"2048x2048":["https:\/\/contextoanalisisperiodistico.com\/wp-content\/uploads\/2024\/08\/IMG-20240809-WA0102.jpg",1600,1066,false],"covernews-slider-full":["https:\/\/contextoanalisisperiodistico.com\/wp-content\/uploads\/2024\/08\/IMG-20240809-WA0102-1115x715.jpg",1115,715,true],"covernews-slider-center":["https:\/\/contextoanalisisperiodistico.com\/wp-content\/uploads\/2024\/08\/IMG-20240809-WA0102-800x500.jpg",800,500,true],"covernews-featured":["https:\/\/contextoanalisisperiodistico.com\/wp-content\/uploads\/2024\/08\/IMG-20240809-WA0102-1024x682.jpg",1024,682,true],"covernews-medium":["https:\/\/contextoanalisisperiodistico.com\/wp-content\/uploads\/2024\/08\/IMG-20240809-WA0102-540x340.jpg",540,340,true],"covernews-medium-square":["https:\/\/contextoanalisisperiodistico.com\/wp-content\/uploads\/2024\/08\/IMG-20240809-WA0102-400x250.jpg",400,250,true]},"author_info":{"display_name":"Mario Gir\u00f3n","author_link":"https:\/\/contextoanalisisperiodistico.com\/index.php\/author\/director\/"},"category_info":"<a href=\"https:\/\/contextoanalisisperiodistico.com\/index.php\/category\/ciudad\/\" rel=\"category tag\">Ciudad<\/a> <a href=\"https:\/\/contextoanalisisperiodistico.com\/index.php\/category\/politica\/\" rel=\"category tag\">Pol\u00edtica<\/a>","tag_info":"Pol\u00edtica","comment_count":"0","jetpack_featured_media_url":"https:\/\/contextoanalisisperiodistico.com\/wp-content\/uploads\/2024\/08\/IMG-20240809-WA0102.jpg","_links":{"self":[{"href":"https:\/\/contextoanalisisperiodistico.com\/index.php\/wp-json\/wp\/v2\/posts\/30051"}],"collection":[{"href":"https:\/\/contextoanalisisperiodistico.com\/index.php\/wp-json\/wp\/v2\/posts"}],"about":[{"href":"https:\/\/contextoanalisisperiodistico.com\/index.php\/wp-json\/wp\/v2\/types\/post"}],"author":[{"embeddable":true,"href":"https:\/\/contextoanalisisperiodistico.com\/index.php\/wp-json\/wp\/v2\/users\/4"}],"replies":[{"embeddable":true,"href":"https:\/\/contextoanalisisperiodistico.com\/index.php\/wp-json\/wp\/v2\/comments?post=30051"}],"version-history":[{"count":2,"href":"https:\/\/contextoanalisisperiodistico.com\/index.php\/wp-json\/wp\/v2\/posts\/30051\/revisions"}],"predecessor-version":[{"id":30057,"href":"https:\/\/contextoanalisisperiodistico.com\/index.php\/wp-json\/wp\/v2\/posts\/30051\/revisions\/30057"}],"wp:featuredmedia":[{"embeddable":true,"href":"https:\/\/contextoanalisisperiodistico.com\/index.php\/wp-json\/wp\/v2\/media\/30052"}],"wp:attachment":[{"href":"https:\/\/contextoanalisisperiodistico.com\/index.php\/wp-json\/wp\/v2\/media?parent=30051"}],"wp:term":[{"taxonomy":"category","embeddable":true,"href":"https:\/\/contextoanalisisperiodistico.com\/index.php\/wp-json\/wp\/v2\/categories?post=30051"},{"taxonomy":"post_tag","embeddable":true,"href":"https:\/\/contextoanalisisperiodistico.com\/index.php\/wp-json\/wp\/v2\/tags?post=30051"}],"curies":[{"name":"wp","href":"https:\/\/api.w.org\/{rel}","templated":true}]}}