{"id":30050,"date":"2024-08-09T17:25:20","date_gmt":"2024-08-09T23:25:20","guid":{"rendered":"https:\/\/contextoanalisisperiodistico.com\/index.php\/2024\/08\/09\/condona-icapet-pagos-de-cursos-a-estudiantado-de-educacion-media-superior\/"},"modified":"2024-08-09T17:25:20","modified_gmt":"2024-08-09T23:25:20","slug":"condona-icapet-pagos-de-cursos-a-estudiantado-de-educacion-media-superior","status":"publish","type":"post","link":"https:\/\/contextoanalisisperiodistico.com\/index.php\/2024\/08\/09\/condona-icapet-pagos-de-cursos-a-estudiantado-de-educacion-media-superior\/","title":{"rendered":"Condona Icapet pagos de cursos a estudiantado de educaci\u00f3n media superior"},"content":{"rendered":"<div id=\"fb-root\"><\/div>\n\n<p>\u2022 El beneficio es para las juventudes de 15 a 18 a\u00f1os que estudien en subsistemas p\u00fablicos de la entidad<\/p>\n\n\n\n<figure class=\"wp-block-image size-large\"><img fetchpriority=\"high\" decoding=\"async\" width=\"1024\" height=\"682\" src=\"https:\/\/contextoanalisisperiodistico.com\/wp-content\/uploads\/2024\/08\/img-20240809-wa01066247633298420954024-1024x682.jpg\" alt=\"\" class=\"wp-image-30049\" srcset=\"https:\/\/contextoanalisisperiodistico.com\/wp-content\/uploads\/2024\/08\/img-20240809-wa01066247633298420954024-1024x682.jpg 1024w, https:\/\/contextoanalisisperiodistico.com\/wp-content\/uploads\/2024\/08\/img-20240809-wa01066247633298420954024-300x200.jpg 300w, https:\/\/contextoanalisisperiodistico.com\/wp-content\/uploads\/2024\/08\/img-20240809-wa01066247633298420954024-768x512.jpg 768w, https:\/\/contextoanalisisperiodistico.com\/wp-content\/uploads\/2024\/08\/img-20240809-wa01066247633298420954024-1536x1023.jpg 1536w, https:\/\/contextoanalisisperiodistico.com\/wp-content\/uploads\/2024\/08\/img-20240809-wa01066247633298420954024.jpg 1600w\" sizes=\"(max-width: 1024px) 100vw, 1024px\" \/><\/figure>\n\n\n\n<p>San Bartolo Coyotepec, Oax. 9 de agosto de 2024.- Para impulsar la formaci\u00f3n profesional de las juventudes, el Instituto de Capacitaci\u00f3n y Productividad para el Trabajo del Estado de Oaxaca (Icapet) condona el pago de cursos dirigidos a estudiantes de educaci\u00f3n media superior.<\/p>\n\n\n\n<p>El director general del Icapet, Giovanni Jahir Rojas Pacheco inform\u00f3 que esta acci\u00f3n se realiza a trav\u00e9s del programa Capacitaci\u00f3n que Transforma, a fin de que las y los j\u00f3venes de 15 a 18 a\u00f1os que estudien en subsistemas escolares p\u00fablicos de la entidad, obtengan nuevos aprendizajes sin pagar un peso.<\/p>\n\n\n\n<p>\u201cLa indicaci\u00f3n del Gobernador Salom\u00f3n Jara Cruz, es trabajar para sentar las bases del bienestar con la transformaci\u00f3n educativa y acciones s\u00f3lidas que permitan mejorar la calidad de vida de la poblaci\u00f3n oaxaque\u00f1a\u201d, indic\u00f3.<\/p>\n\n\n\n<p>Para acceder a los cursos, las y los interesados deben formar un grupo m\u00ednimo de 10 personas y solicitar la unidad de capacitaci\u00f3n m\u00e1s cercana a trav\u00e9s del subsistema escolar.<\/p>\n\n\n\n<p>Los requisitos para la inscripci\u00f3n son carta responsiva firmada por la o el tutor, INE de la persona tutora, Clave \u00danica de Registro de Poblaci\u00f3n (CURP) y fotos digitales tama\u00f1o infantil del estudiante, as\u00ed como algunos formatos brindados por la unidad de capacitaci\u00f3n.<\/p>\n\n\n\n<p>Las clases podr\u00e1n ser de 30 o 50 horas y al concluirlas les ser\u00e1 entregada una constancia con validez oficial de la Secretar\u00eda de Educaci\u00f3n P\u00fablica (SEP), la cual reconoce los conocimientos y habilidades adquiridas como parte de su formaci\u00f3n laboral.<\/p>\n\n\n\n<p>Cabe se\u00f1alar que el Icapet cuenta con un cat\u00e1logo de m\u00e1s de 400 capacitaciones y 19 puntos de atenci\u00f3n en todo el estado divididos en unidades, acciones m\u00f3viles y oficinas de atenci\u00f3n.<\/p>\n\n\n\n<p>Quienes deseen mayores informes pueden acudir al punto de atenci\u00f3n m\u00e1s cercano o comunicarse al n\u00famero telef\u00f3nico del Instituto: 951 126 3534.<br \/>-0-<\/p>\n\n\n\n<p><\/p>\n\n\n\n<p><\/p>\n","protected":false},"excerpt":{"rendered":"<p>\u2022 El beneficio es para las juventudes de 15 a 18 a\u00f1os que estudien en&#8230;<\/p>\n","protected":false},"author":4,"featured_media":30048,"comment_status":"","ping_status":"open","sticky":false,"template":"","format":"standard","meta":{"footnotes":""},"categories":[9],"tags":[],"jetpack_sharing_enabled":true,"featured_image_urls":{"full":["https:\/\/contextoanalisisperiodistico.com\/wp-content\/uploads\/2024\/08\/IMG-20240809-WA0107.jpg",1280,960,false],"thumbnail":["https:\/\/contextoanalisisperiodistico.com\/wp-content\/uploads\/2024\/08\/IMG-20240809-WA0107-150x150.jpg",150,150,true],"medium":["https:\/\/contextoanalisisperiodistico.com\/wp-content\/uploads\/2024\/08\/IMG-20240809-WA0107-300x225.jpg",300,225,true],"medium_large":["https:\/\/contextoanalisisperiodistico.com\/wp-content\/uploads\/2024\/08\/IMG-20240809-WA0107-768x576.jpg",640,480,true],"large":["https:\/\/contextoanalisisperiodistico.com\/wp-content\/uploads\/2024\/08\/IMG-20240809-WA0107-1024x768.jpg",640,480,true],"1536x1536":["https:\/\/contextoanalisisperiodistico.com\/wp-content\/uploads\/2024\/08\/IMG-20240809-WA0107.jpg",1280,960,false],"2048x2048":["https:\/\/contextoanalisisperiodistico.com\/wp-content\/uploads\/2024\/08\/IMG-20240809-WA0107.jpg",1280,960,false],"covernews-slider-full":["https:\/\/contextoanalisisperiodistico.com\/wp-content\/uploads\/2024\/08\/IMG-20240809-WA0107-1115x715.jpg",1115,715,true],"covernews-slider-center":["https:\/\/contextoanalisisperiodistico.com\/wp-content\/uploads\/2024\/08\/IMG-20240809-WA0107-800x500.jpg",800,500,true],"covernews-featured":["https:\/\/contextoanalisisperiodistico.com\/wp-content\/uploads\/2024\/08\/IMG-20240809-WA0107-1024x768.jpg",1024,768,true],"covernews-medium":["https:\/\/contextoanalisisperiodistico.com\/wp-content\/uploads\/2024\/08\/IMG-20240809-WA0107-540x340.jpg",540,340,true],"covernews-medium-square":["https:\/\/contextoanalisisperiodistico.com\/wp-content\/uploads\/2024\/08\/IMG-20240809-WA0107-400x250.jpg",400,250,true]},"author_info":{"display_name":"Mario Gir\u00f3n","author_link":"https:\/\/contextoanalisisperiodistico.com\/index.php\/author\/director\/"},"category_info":"<a href=\"https:\/\/contextoanalisisperiodistico.com\/index.php\/category\/politica\/\" rel=\"category tag\">Pol\u00edtica<\/a>","tag_info":"Pol\u00edtica","comment_count":"0","jetpack_featured_media_url":"https:\/\/contextoanalisisperiodistico.com\/wp-content\/uploads\/2024\/08\/IMG-20240809-WA0107.jpg","_links":{"self":[{"href":"https:\/\/contextoanalisisperiodistico.com\/index.php\/wp-json\/wp\/v2\/posts\/30050"}],"collection":[{"href":"https:\/\/contextoanalisisperiodistico.com\/index.php\/wp-json\/wp\/v2\/posts"}],"about":[{"href":"https:\/\/contextoanalisisperiodistico.com\/index.php\/wp-json\/wp\/v2\/types\/post"}],"author":[{"embeddable":true,"href":"https:\/\/contextoanalisisperiodistico.com\/index.php\/wp-json\/wp\/v2\/users\/4"}],"replies":[{"embeddable":true,"href":"https:\/\/contextoanalisisperiodistico.com\/index.php\/wp-json\/wp\/v2\/comments?post=30050"}],"version-history":[{"count":0,"href":"https:\/\/contextoanalisisperiodistico.com\/index.php\/wp-json\/wp\/v2\/posts\/30050\/revisions"}],"wp:featuredmedia":[{"embeddable":true,"href":"https:\/\/contextoanalisisperiodistico.com\/index.php\/wp-json\/wp\/v2\/media\/30048"}],"wp:attachment":[{"href":"https:\/\/contextoanalisisperiodistico.com\/index.php\/wp-json\/wp\/v2\/media?parent=30050"}],"wp:term":[{"taxonomy":"category","embeddable":true,"href":"https:\/\/contextoanalisisperiodistico.com\/index.php\/wp-json\/wp\/v2\/categories?post=30050"},{"taxonomy":"post_tag","embeddable":true,"href":"https:\/\/contextoanalisisperiodistico.com\/index.php\/wp-json\/wp\/v2\/tags?post=30050"}],"curies":[{"name":"wp","href":"https:\/\/api.w.org\/{rel}","templated":true}]}}