{"id":30047,"date":"2024-08-09T17:20:51","date_gmt":"2024-08-09T23:20:51","guid":{"rendered":"https:\/\/contextoanalisisperiodistico.com\/index.php\/2024\/08\/09\/garantiza-gobierno-oaxaqueno-defensa-legal-a-personas-indigenas\/"},"modified":"2024-08-09T17:20:51","modified_gmt":"2024-08-09T23:20:51","slug":"garantiza-gobierno-oaxaqueno-defensa-legal-a-personas-indigenas","status":"publish","type":"post","link":"https:\/\/contextoanalisisperiodistico.com\/index.php\/2024\/08\/09\/garantiza-gobierno-oaxaqueno-defensa-legal-a-personas-indigenas\/","title":{"rendered":"Garantiza Gobierno oaxaque\u00f1o defensa legal a personas ind\u00edgenas"},"content":{"rendered":"<div id=\"fb-root\"><\/div>\n\n<p>Oaxaca de Ju\u00e1rez, Oax., 9 de agosto de 2024.- La Defensor\u00eda P\u00fablica del Estado de Oaxaca (DPEO) conmemor\u00f3 el D\u00eda Internacional de los Pueblos Ind\u00edgenas mediante conferencias magistrales y ponencias en materia de defensa ind\u00edgena y afromexicana.<\/p>\n\n\n\n<figure class=\"wp-block-image size-large\"><img fetchpriority=\"high\" decoding=\"async\" width=\"1024\" height=\"682\" src=\"https:\/\/contextoanalisisperiodistico.com\/wp-content\/uploads\/2024\/08\/img-20240809-wa01092465973287879391443-1024x682.jpg\" alt=\"\" class=\"wp-image-30046\" srcset=\"https:\/\/contextoanalisisperiodistico.com\/wp-content\/uploads\/2024\/08\/img-20240809-wa01092465973287879391443-1024x682.jpg 1024w, https:\/\/contextoanalisisperiodistico.com\/wp-content\/uploads\/2024\/08\/img-20240809-wa01092465973287879391443-300x200.jpg 300w, https:\/\/contextoanalisisperiodistico.com\/wp-content\/uploads\/2024\/08\/img-20240809-wa01092465973287879391443-768x512.jpg 768w, https:\/\/contextoanalisisperiodistico.com\/wp-content\/uploads\/2024\/08\/img-20240809-wa01092465973287879391443-1536x1023.jpg 1536w, https:\/\/contextoanalisisperiodistico.com\/wp-content\/uploads\/2024\/08\/img-20240809-wa01092465973287879391443.jpg 1600w\" sizes=\"(max-width: 1024px) 100vw, 1024px\" \/><\/figure>\n\n\n\n<p>Lo anterior con el objetivo de fortalecer la defensa p\u00fablica que otorga esta instituci\u00f3n, desde una perspectiva intercultural, en complimiento a los ejes del Gobierno de la Primavera Oaxaque\u00f1a.<\/p>\n\n\n\n<p>Las actividades realizadas en el auditorio \u201cBenito Ju\u00e1rez\u201d de los Juzgados Civiles y Familiares del Centro de Oaxaca de Ju\u00e1rez, fueron dirigidas a personas defensoras p\u00fablicas con el objetivo de actualizar y reforzar sus conocimientos sobre la defensa intercultural.<\/p>\n\n\n\n<p>De esta manera, se garantizan los derechos fundamentales de las comunidades y pueblos originarios, y se valora el legado \u00fanico que representan.<\/p>\n\n\n\n<p>El titular de la DPEO, Marcelo Merino Garc\u00eda enfatiz\u00f3 la importancia de crecer profesionalmente, robustecer y brindar un mejor servicio jur\u00eddico a las comunidades y pueblos ind\u00edgenas, y contribuir a la armonizaci\u00f3n de diferencias inherentes a un territorio pluricultural como lo es Oaxaca.<\/p>\n\n\n\n<p>Las ponencias presentadas fueron \u201cLa Justicia Intercultural: Elementos del Di\u00e1logo Jurisprudencial\u201d, por Monivet Shaley L\u00f3pez Garc\u00eda; \u201cDebido Proceso, Derechos Colectivos y Pueblos Originarios\u201d, a cargo de Florean Pacheco P\u00e9rez y \u201cParticipaci\u00f3n Pol\u00edtica de las Mujeres en Sistemas Normativos Internos\u201d a cargo de F\u00e1tima Nashieli Santiago Bejarano.<\/p>\n\n\n\n<p>-0-<\/p>\n","protected":false},"excerpt":{"rendered":"<p>Oaxaca de Ju\u00e1rez, Oax., 9 de agosto de 2024.- La Defensor\u00eda P\u00fablica del Estado de&#8230;<\/p>\n","protected":false},"author":4,"featured_media":30045,"comment_status":"","ping_status":"open","sticky":false,"template":"","format":"standard","meta":{"footnotes":""},"categories":[9],"tags":[],"jetpack_sharing_enabled":true,"featured_image_urls":{"full":["https:\/\/contextoanalisisperiodistico.com\/wp-content\/uploads\/2024\/08\/IMG-20240809-WA0112.jpg",1600,1066,false],"thumbnail":["https:\/\/contextoanalisisperiodistico.com\/wp-content\/uploads\/2024\/08\/IMG-20240809-WA0112-150x150.jpg",150,150,true],"medium":["https:\/\/contextoanalisisperiodistico.com\/wp-content\/uploads\/2024\/08\/IMG-20240809-WA0112-300x200.jpg",300,200,true],"medium_large":["https:\/\/contextoanalisisperiodistico.com\/wp-content\/uploads\/2024\/08\/IMG-20240809-WA0112-768x512.jpg",640,427,true],"large":["https:\/\/contextoanalisisperiodistico.com\/wp-content\/uploads\/2024\/08\/IMG-20240809-WA0112-1024x682.jpg",640,426,true],"1536x1536":["https:\/\/contextoanalisisperiodistico.com\/wp-content\/uploads\/2024\/08\/IMG-20240809-WA0112-1536x1023.jpg",1536,1023,true],"2048x2048":["https:\/\/contextoanalisisperiodistico.com\/wp-content\/uploads\/2024\/08\/IMG-20240809-WA0112.jpg",1600,1066,false],"covernews-slider-full":["https:\/\/contextoanalisisperiodistico.com\/wp-content\/uploads\/2024\/08\/IMG-20240809-WA0112-1115x715.jpg",1115,715,true],"covernews-slider-center":["https:\/\/contextoanalisisperiodistico.com\/wp-content\/uploads\/2024\/08\/IMG-20240809-WA0112-800x500.jpg",800,500,true],"covernews-featured":["https:\/\/contextoanalisisperiodistico.com\/wp-content\/uploads\/2024\/08\/IMG-20240809-WA0112-1024x682.jpg",1024,682,true],"covernews-medium":["https:\/\/contextoanalisisperiodistico.com\/wp-content\/uploads\/2024\/08\/IMG-20240809-WA0112-540x340.jpg",540,340,true],"covernews-medium-square":["https:\/\/contextoanalisisperiodistico.com\/wp-content\/uploads\/2024\/08\/IMG-20240809-WA0112-400x250.jpg",400,250,true]},"author_info":{"display_name":"Mario Gir\u00f3n","author_link":"https:\/\/contextoanalisisperiodistico.com\/index.php\/author\/director\/"},"category_info":"<a href=\"https:\/\/contextoanalisisperiodistico.com\/index.php\/category\/politica\/\" rel=\"category tag\">Pol\u00edtica<\/a>","tag_info":"Pol\u00edtica","comment_count":"0","jetpack_featured_media_url":"https:\/\/contextoanalisisperiodistico.com\/wp-content\/uploads\/2024\/08\/IMG-20240809-WA0112.jpg","_links":{"self":[{"href":"https:\/\/contextoanalisisperiodistico.com\/index.php\/wp-json\/wp\/v2\/posts\/30047"}],"collection":[{"href":"https:\/\/contextoanalisisperiodistico.com\/index.php\/wp-json\/wp\/v2\/posts"}],"about":[{"href":"https:\/\/contextoanalisisperiodistico.com\/index.php\/wp-json\/wp\/v2\/types\/post"}],"author":[{"embeddable":true,"href":"https:\/\/contextoanalisisperiodistico.com\/index.php\/wp-json\/wp\/v2\/users\/4"}],"replies":[{"embeddable":true,"href":"https:\/\/contextoanalisisperiodistico.com\/index.php\/wp-json\/wp\/v2\/comments?post=30047"}],"version-history":[{"count":0,"href":"https:\/\/contextoanalisisperiodistico.com\/index.php\/wp-json\/wp\/v2\/posts\/30047\/revisions"}],"wp:featuredmedia":[{"embeddable":true,"href":"https:\/\/contextoanalisisperiodistico.com\/index.php\/wp-json\/wp\/v2\/media\/30045"}],"wp:attachment":[{"href":"https:\/\/contextoanalisisperiodistico.com\/index.php\/wp-json\/wp\/v2\/media?parent=30047"}],"wp:term":[{"taxonomy":"category","embeddable":true,"href":"https:\/\/contextoanalisisperiodistico.com\/index.php\/wp-json\/wp\/v2\/categories?post=30047"},{"taxonomy":"post_tag","embeddable":true,"href":"https:\/\/contextoanalisisperiodistico.com\/index.php\/wp-json\/wp\/v2\/tags?post=30047"}],"curies":[{"name":"wp","href":"https:\/\/api.w.org\/{rel}","templated":true}]}}