{"id":30033,"date":"2024-08-09T14:22:24","date_gmt":"2024-08-09T20:22:24","guid":{"rendered":"https:\/\/contextoanalisisperiodistico.com\/index.php\/2024\/08\/09\/impulsan-gobierno-de-oaxaca-y-coppel-desarrollo-de-micro-y-pequenos-negocios\/"},"modified":"2024-08-09T14:22:24","modified_gmt":"2024-08-09T20:22:24","slug":"impulsan-gobierno-de-oaxaca-y-coppel-desarrollo-de-micro-y-pequenos-negocios","status":"publish","type":"post","link":"https:\/\/contextoanalisisperiodistico.com\/index.php\/2024\/08\/09\/impulsan-gobierno-de-oaxaca-y-coppel-desarrollo-de-micro-y-pequenos-negocios\/","title":{"rendered":"Impulsan Gobierno de Oaxaca y Coppel desarrollo de micro y peque\u00f1os negocios"},"content":{"rendered":"<div id=\"fb-root\"><\/div>\n\n<p>\u2022 Se otorgar\u00e1n apoyos en especie como herramientas o instrumentos de trabajo para fortalecer el crecimiento de empresas familiares<\/p>\n\n\n\n<figure class=\"wp-block-image size-large\"><img fetchpriority=\"high\" decoding=\"async\" width=\"1024\" height=\"682\" src=\"https:\/\/contextoanalisisperiodistico.com\/wp-content\/uploads\/2024\/08\/img-20240809-wa00684181275183870444915-1024x682.jpg\" alt=\"\" class=\"wp-image-30032\" srcset=\"https:\/\/contextoanalisisperiodistico.com\/wp-content\/uploads\/2024\/08\/img-20240809-wa00684181275183870444915-1024x682.jpg 1024w, https:\/\/contextoanalisisperiodistico.com\/wp-content\/uploads\/2024\/08\/img-20240809-wa00684181275183870444915-300x200.jpg 300w, https:\/\/contextoanalisisperiodistico.com\/wp-content\/uploads\/2024\/08\/img-20240809-wa00684181275183870444915-768x512.jpg 768w, https:\/\/contextoanalisisperiodistico.com\/wp-content\/uploads\/2024\/08\/img-20240809-wa00684181275183870444915.jpg 1280w\" sizes=\"(max-width: 1024px) 100vw, 1024px\" \/><\/figure>\n\n\n\n<p>Oaxaca de Ju\u00e1rez, Oax. 9 de agosto de 2024.- Para impulsar el crecimiento de micro y peque\u00f1os negocios, la Secretar\u00eda de Desarrollo Econ\u00f3mico (Sedeco) firm\u00f3 un convenio de colaboraci\u00f3n con la Fundaci\u00f3n Coppel y la asociaci\u00f3n civil Eka Jiva, para otorgar apoyos en especie de hasta 8 mil pesos, capacitaciones y contenidos que fortalezcan las habilidades empresariales.<\/p>\n\n\n\n<p>En la actividad efectuada en Casa Hecho en Oaxaca, el titular de la Secretar\u00eda, Ra\u00fal Ruiz Robles destac\u00f3 que esta firma dar\u00e1 apertura a una convocatoria que en pr\u00f3ximos d\u00edas se dar\u00e1 a conocer, cuyo objetivo ser\u00e1 ampliar oportunidades para que las personas productoras se consoliden como agentes de cambio con crecimiento empresarial y mejores ingresos.<\/p>\n\n\n\n<p>Explic\u00f3 que se trabajar\u00e1 con la Fundaci\u00f3n Coppel en un esquema de peso por peso, a fin de que la uni\u00f3n de esfuerzos permita apoyar a negocios que tengan 10 o menos empleados con recursos en especie que consisten en maquinaria, herramientas, instrumentos, entre otros.<\/p>\n\n\n\n<p>Por su parte, el coordinador de Desarrollo Econ\u00f3mico de Fundaci\u00f3n Coppel, Daniel Astorga inform\u00f3 que esta convocatoria permitir\u00e1 que el empresariado acceda a lecciones, materiales y recursos digitales gratuitos que impulsar\u00e1n el crecimiento de su comercio.<\/p>\n\n\n\n<p>En tanto, la directora de Eka Jiva, X\u00f3chitl Edith Bautista Garc\u00eda enfatiz\u00f3 que estos proyectos colaborativos permiten mejorar las condiciones de vida de quienes m\u00e1s lo necesitan.<\/p>\n\n\n\n<p>De esta manera, el Gobierno de la Primavera Oaxaque\u00f1a, que encabeza Salom\u00f3n Jara Cruz, suma esfuerzos para fortalecer el desarrollo econ\u00f3mico de las familias para La Construcci\u00f3n de las Bases para el Desarrollo Integral y Sustentable de las ocho regiones del estado.<\/p>\n\n\n\n<p>-0-<\/p>\n","protected":false},"excerpt":{"rendered":"<p>\u2022 Se otorgar\u00e1n apoyos en especie como herramientas o instrumentos de trabajo para fortalecer el&#8230;<\/p>\n","protected":false},"author":4,"featured_media":30031,"comment_status":"","ping_status":"open","sticky":false,"template":"","format":"standard","meta":{"footnotes":""},"categories":[9],"tags":[],"jetpack_sharing_enabled":true,"featured_image_urls":{"full":["https:\/\/contextoanalisisperiodistico.com\/wp-content\/uploads\/2024\/08\/IMG-20240809-WA0067.jpg",1280,853,false],"thumbnail":["https:\/\/contextoanalisisperiodistico.com\/wp-content\/uploads\/2024\/08\/IMG-20240809-WA0067-150x150.jpg",150,150,true],"medium":["https:\/\/contextoanalisisperiodistico.com\/wp-content\/uploads\/2024\/08\/IMG-20240809-WA0067-300x200.jpg",300,200,true],"medium_large":["https:\/\/contextoanalisisperiodistico.com\/wp-content\/uploads\/2024\/08\/IMG-20240809-WA0067-768x512.jpg",640,427,true],"large":["https:\/\/contextoanalisisperiodistico.com\/wp-content\/uploads\/2024\/08\/IMG-20240809-WA0067-1024x682.jpg",640,426,true],"1536x1536":["https:\/\/contextoanalisisperiodistico.com\/wp-content\/uploads\/2024\/08\/IMG-20240809-WA0067.jpg",1280,853,false],"2048x2048":["https:\/\/contextoanalisisperiodistico.com\/wp-content\/uploads\/2024\/08\/IMG-20240809-WA0067.jpg",1280,853,false],"covernews-slider-full":["https:\/\/contextoanalisisperiodistico.com\/wp-content\/uploads\/2024\/08\/IMG-20240809-WA0067-1115x715.jpg",1115,715,true],"covernews-slider-center":["https:\/\/contextoanalisisperiodistico.com\/wp-content\/uploads\/2024\/08\/IMG-20240809-WA0067-800x500.jpg",800,500,true],"covernews-featured":["https:\/\/contextoanalisisperiodistico.com\/wp-content\/uploads\/2024\/08\/IMG-20240809-WA0067-1024x682.jpg",1024,682,true],"covernews-medium":["https:\/\/contextoanalisisperiodistico.com\/wp-content\/uploads\/2024\/08\/IMG-20240809-WA0067-540x340.jpg",540,340,true],"covernews-medium-square":["https:\/\/contextoanalisisperiodistico.com\/wp-content\/uploads\/2024\/08\/IMG-20240809-WA0067-400x250.jpg",400,250,true]},"author_info":{"display_name":"Mario Gir\u00f3n","author_link":"https:\/\/contextoanalisisperiodistico.com\/index.php\/author\/director\/"},"category_info":"<a href=\"https:\/\/contextoanalisisperiodistico.com\/index.php\/category\/politica\/\" rel=\"category tag\">Pol\u00edtica<\/a>","tag_info":"Pol\u00edtica","comment_count":"0","jetpack_featured_media_url":"https:\/\/contextoanalisisperiodistico.com\/wp-content\/uploads\/2024\/08\/IMG-20240809-WA0067.jpg","_links":{"self":[{"href":"https:\/\/contextoanalisisperiodistico.com\/index.php\/wp-json\/wp\/v2\/posts\/30033"}],"collection":[{"href":"https:\/\/contextoanalisisperiodistico.com\/index.php\/wp-json\/wp\/v2\/posts"}],"about":[{"href":"https:\/\/contextoanalisisperiodistico.com\/index.php\/wp-json\/wp\/v2\/types\/post"}],"author":[{"embeddable":true,"href":"https:\/\/contextoanalisisperiodistico.com\/index.php\/wp-json\/wp\/v2\/users\/4"}],"replies":[{"embeddable":true,"href":"https:\/\/contextoanalisisperiodistico.com\/index.php\/wp-json\/wp\/v2\/comments?post=30033"}],"version-history":[{"count":0,"href":"https:\/\/contextoanalisisperiodistico.com\/index.php\/wp-json\/wp\/v2\/posts\/30033\/revisions"}],"wp:featuredmedia":[{"embeddable":true,"href":"https:\/\/contextoanalisisperiodistico.com\/index.php\/wp-json\/wp\/v2\/media\/30031"}],"wp:attachment":[{"href":"https:\/\/contextoanalisisperiodistico.com\/index.php\/wp-json\/wp\/v2\/media?parent=30033"}],"wp:term":[{"taxonomy":"category","embeddable":true,"href":"https:\/\/contextoanalisisperiodistico.com\/index.php\/wp-json\/wp\/v2\/categories?post=30033"},{"taxonomy":"post_tag","embeddable":true,"href":"https:\/\/contextoanalisisperiodistico.com\/index.php\/wp-json\/wp\/v2\/tags?post=30033"}],"curies":[{"name":"wp","href":"https:\/\/api.w.org\/{rel}","templated":true}]}}