{"id":29992,"date":"2024-08-08T13:38:44","date_gmt":"2024-08-08T19:38:44","guid":{"rendered":"https:\/\/contextoanalisisperiodistico.com\/index.php\/2024\/08\/08\/entrega-ieepo-becas-a-jovenes-del-modelo-docencia-indigena\/"},"modified":"2024-08-08T13:38:44","modified_gmt":"2024-08-08T19:38:44","slug":"entrega-ieepo-becas-a-jovenes-del-modelo-docencia-indigena","status":"publish","type":"post","link":"https:\/\/contextoanalisisperiodistico.com\/index.php\/2024\/08\/08\/entrega-ieepo-becas-a-jovenes-del-modelo-docencia-indigena\/","title":{"rendered":"Entrega IEEPO becas a j\u00f3venes del modelo&nbsp; Docencia Ind\u00edgena"},"content":{"rendered":"<div id=\"fb-root\"><\/div>\n\n<p>\u2022 Este a\u00f1o se increment\u00f3 el monto de la beca a 9 mil pesos mensuales<\/p>\n\n\n\n<p>Oaxaca de Ju\u00e1rez, Oax. 8 de agosto de 2024.- El Instituto Estatal de Educaci\u00f3n P\u00fablica de Oaxaca (IEEPO) y la dirigencia de la Secci\u00f3n XXII del Sindicato Nacional de Trabajadores de la Educaci\u00f3n (SNTE) realizaron el pago de becas a 342 j\u00f3venes incorporados a la Estrategia Nacional de Iniciaci\u00f3n a la Docencia en el Medio Ind\u00edgena (ENIDMI).<\/p>\n\n\n\n<p>Con el respaldo del Gobernador Salom\u00f3n Jara Cruz y en respuesta a las demandas del magisterio oaxaque\u00f1o para garantizar que ni\u00f1as, ni\u00f1os y adolescentes tengan una formaci\u00f3n educativa inclusiva, con respeto a su identidad e interculturalidad, el director general, Emilio Montero P\u00e9rez dio seguimiento al proceso.<\/p>\n\n\n\n<p>Hablantes de lenguas originarias y sus variantes dialectales, las y los becarios de este modelo educativo \u00fanico en el pa\u00eds, prestan su servicio como docentes en escuelas p\u00fablicas de educaci\u00f3n inicial, preescolar y primaria de sus comunidades, en la mayor\u00eda de los casos en zonas alejadas.<\/p>\n\n\n\n<p>Este a\u00f1o, como parte del pliego petitorio de la Secci\u00f3n XXII del SNTE y resultado de las mesas tripartitas entre los gobiernos Federal, Estatal y el magisterio oaxaque\u00f1o, se autoriz\u00f3 un incremento en la beca que actualmente asciende a 9 mil pesos mensuales, por lo que en esta ocasi\u00f3n cada becario recibi\u00f3 un total de 36 mil pesos por concepto de cuatro meses.<\/p>\n\n\n\n<p>Durante los d\u00edas 2,3, 5 y 6 de agosto se atendi\u00f3 a las y los becarios quienes se encuentran inscritos en las licenciaturas en Educaci\u00f3n Preescolar y Educaci\u00f3n Primaria para el Medio Ind\u00edgena, en unidades de la Universidad Pedag\u00f3gica Nacional (UPN).<\/p>\n\n\n\n<p>El Gobierno de la Primavera Oaxaque\u00f1a respalda acciones para la Reparaci\u00f3n Hist\u00f3rica de los Pueblos, y la educaci\u00f3n es clave para que las comunidades accedan a mejores niveles de bienestar social.<\/p>\n\n\n\n<p>-0-<\/p>\n\n\n\n<figure class=\"wp-block-image size-large\"><img fetchpriority=\"high\" decoding=\"async\" width=\"1024\" height=\"450\" src=\"https:\/\/contextoanalisisperiodistico.com\/wp-content\/uploads\/2024\/08\/img-20240808-wa00481183493629021987835-1024x450.jpg\" alt=\"\" class=\"wp-image-29990\" srcset=\"https:\/\/contextoanalisisperiodistico.com\/wp-content\/uploads\/2024\/08\/img-20240808-wa00481183493629021987835-1024x450.jpg 1024w, https:\/\/contextoanalisisperiodistico.com\/wp-content\/uploads\/2024\/08\/img-20240808-wa00481183493629021987835-300x132.jpg 300w, https:\/\/contextoanalisisperiodistico.com\/wp-content\/uploads\/2024\/08\/img-20240808-wa00481183493629021987835-768x338.jpg 768w, https:\/\/contextoanalisisperiodistico.com\/wp-content\/uploads\/2024\/08\/img-20240808-wa00481183493629021987835.jpg 1456w\" sizes=\"(max-width: 1024px) 100vw, 1024px\" \/><\/figure>\n\n\n\n<figure class=\"wp-block-image\"><img decoding=\"async\" width=\"1024\" height=\"768\" src=\"https:\/\/contextoanalisisperiodistico.com\/wp-content\/uploads\/2024\/08\/img-20240808-wa00474791973351079404740-1024x768.jpg\" alt=\"\" class=\"wp-image-29991\" srcset=\"https:\/\/contextoanalisisperiodistico.com\/wp-content\/uploads\/2024\/08\/img-20240808-wa00474791973351079404740-1024x768.jpg 1024w, https:\/\/contextoanalisisperiodistico.com\/wp-content\/uploads\/2024\/08\/img-20240808-wa00474791973351079404740-300x225.jpg 300w, https:\/\/contextoanalisisperiodistico.com\/wp-content\/uploads\/2024\/08\/img-20240808-wa00474791973351079404740-768x576.jpg 768w, https:\/\/contextoanalisisperiodistico.com\/wp-content\/uploads\/2024\/08\/img-20240808-wa00474791973351079404740-1536x1152.jpg 1536w, https:\/\/contextoanalisisperiodistico.com\/wp-content\/uploads\/2024\/08\/img-20240808-wa00474791973351079404740.jpg 1600w\" sizes=\"(max-width: 1024px) 100vw, 1024px\" \/><\/figure>\n","protected":false},"excerpt":{"rendered":"<p>\u2022 Este a\u00f1o se increment\u00f3 el monto de la beca a 9 mil pesos mensuales&#8230;<\/p>\n","protected":false},"author":4,"featured_media":29989,"comment_status":"","ping_status":"open","sticky":false,"template":"","format":"standard","meta":{"footnotes":""},"categories":[9],"tags":[],"jetpack_sharing_enabled":true,"featured_image_urls":{"full":["https:\/\/contextoanalisisperiodistico.com\/wp-content\/uploads\/2024\/08\/IMG-20240808-WA0049.jpg",1424,640,false],"thumbnail":["https:\/\/contextoanalisisperiodistico.com\/wp-content\/uploads\/2024\/08\/IMG-20240808-WA0049-150x150.jpg",150,150,true],"medium":["https:\/\/contextoanalisisperiodistico.com\/wp-content\/uploads\/2024\/08\/IMG-20240808-WA0049-300x135.jpg",300,135,true],"medium_large":["https:\/\/contextoanalisisperiodistico.com\/wp-content\/uploads\/2024\/08\/IMG-20240808-WA0049-768x345.jpg",640,288,true],"large":["https:\/\/contextoanalisisperiodistico.com\/wp-content\/uploads\/2024\/08\/IMG-20240808-WA0049-1024x460.jpg",640,288,true],"1536x1536":["https:\/\/contextoanalisisperiodistico.com\/wp-content\/uploads\/2024\/08\/IMG-20240808-WA0049.jpg",1424,640,false],"2048x2048":["https:\/\/contextoanalisisperiodistico.com\/wp-content\/uploads\/2024\/08\/IMG-20240808-WA0049.jpg",1424,640,false],"covernews-slider-full":["https:\/\/contextoanalisisperiodistico.com\/wp-content\/uploads\/2024\/08\/IMG-20240808-WA0049-1115x640.jpg",1115,640,true],"covernews-slider-center":["https:\/\/contextoanalisisperiodistico.com\/wp-content\/uploads\/2024\/08\/IMG-20240808-WA0049-800x500.jpg",800,500,true],"covernews-featured":["https:\/\/contextoanalisisperiodistico.com\/wp-content\/uploads\/2024\/08\/IMG-20240808-WA0049-1024x460.jpg",1024,460,true],"covernews-medium":["https:\/\/contextoanalisisperiodistico.com\/wp-content\/uploads\/2024\/08\/IMG-20240808-WA0049-540x340.jpg",540,340,true],"covernews-medium-square":["https:\/\/contextoanalisisperiodistico.com\/wp-content\/uploads\/2024\/08\/IMG-20240808-WA0049-400x250.jpg",400,250,true]},"author_info":{"display_name":"Mario Gir\u00f3n","author_link":"https:\/\/contextoanalisisperiodistico.com\/index.php\/author\/director\/"},"category_info":"<a href=\"https:\/\/contextoanalisisperiodistico.com\/index.php\/category\/politica\/\" rel=\"category tag\">Pol\u00edtica<\/a>","tag_info":"Pol\u00edtica","comment_count":"0","jetpack_featured_media_url":"https:\/\/contextoanalisisperiodistico.com\/wp-content\/uploads\/2024\/08\/IMG-20240808-WA0049.jpg","_links":{"self":[{"href":"https:\/\/contextoanalisisperiodistico.com\/index.php\/wp-json\/wp\/v2\/posts\/29992"}],"collection":[{"href":"https:\/\/contextoanalisisperiodistico.com\/index.php\/wp-json\/wp\/v2\/posts"}],"about":[{"href":"https:\/\/contextoanalisisperiodistico.com\/index.php\/wp-json\/wp\/v2\/types\/post"}],"author":[{"embeddable":true,"href":"https:\/\/contextoanalisisperiodistico.com\/index.php\/wp-json\/wp\/v2\/users\/4"}],"replies":[{"embeddable":true,"href":"https:\/\/contextoanalisisperiodistico.com\/index.php\/wp-json\/wp\/v2\/comments?post=29992"}],"version-history":[{"count":0,"href":"https:\/\/contextoanalisisperiodistico.com\/index.php\/wp-json\/wp\/v2\/posts\/29992\/revisions"}],"wp:featuredmedia":[{"embeddable":true,"href":"https:\/\/contextoanalisisperiodistico.com\/index.php\/wp-json\/wp\/v2\/media\/29989"}],"wp:attachment":[{"href":"https:\/\/contextoanalisisperiodistico.com\/index.php\/wp-json\/wp\/v2\/media?parent=29992"}],"wp:term":[{"taxonomy":"category","embeddable":true,"href":"https:\/\/contextoanalisisperiodistico.com\/index.php\/wp-json\/wp\/v2\/categories?post=29992"},{"taxonomy":"post_tag","embeddable":true,"href":"https:\/\/contextoanalisisperiodistico.com\/index.php\/wp-json\/wp\/v2\/tags?post=29992"}],"curies":[{"name":"wp","href":"https:\/\/api.w.org\/{rel}","templated":true}]}}