{"id":2999,"date":"2022-05-05T19:16:13","date_gmt":"2022-05-06T00:16:13","guid":{"rendered":"http:\/\/contextoanalisisperiodistico.com.mx\/?p=2999"},"modified":"2022-05-05T19:16:13","modified_gmt":"2022-05-06T00:16:13","slug":"no-talar-un-solo-arbol-y-otras-condiciones-municipales-para-que-proceda-la-desafectacion-del-monumento-a-la-madre","status":"publish","type":"post","link":"https:\/\/contextoanalisisperiodistico.com\/index.php\/2022\/05\/05\/no-talar-un-solo-arbol-y-otras-condiciones-municipales-para-que-proceda-la-desafectacion-del-monumento-a-la-madre\/","title":{"rendered":"No talar un solo \u00e1rbol y otras condiciones municipales para que proceda la desafectaci\u00f3n del Monumento a la Madre"},"content":{"rendered":"<div id=\"fb-root\"><\/div>\n\n<p>(*) As\u00ed lo precis\u00f3 el presidente municipal, Francisco Mart\u00ednez Neri<\/p>\n\n\n\n<p>Mario GIR\u00d3N<br \/>El presidente municipal de Oaxaca de Ju\u00e1rez, Francisco Mart\u00ednez Neri puso punto final a un conjunto de inexactitudes aplicadas en torno a la desafectaci\u00f3n de una parte del inmueble propiedad municipal en el parque Monumento a la Madre.<br \/>Ante representantes de diversos medios de comunicaci\u00f3n, esta tarde, Mart\u00ednez Neri precis\u00f3 que en el punto de acuerdo alcanzado para tal efecto por los colegiados del H Ayuntamiento capitalino existen clausulas y condiciones que tendr\u00eda que acatarlas el gobierno del Estado para proceder a la oficializaci\u00f3n de la citada donaci\u00f3n<br \/>\u201cNo talar un solo \u00e1rbol, recatar la superficie y destinarlo exclusivamente como parque p\u00fablico, construcci\u00f3n de accesos, entregarlo en comodato para mantenimiento y conservaci\u00f3n por 99 a\u00f1os al Ayuntamiento, participaci\u00f3n municipal en el dise\u00f1o y seguimiento a la construcci\u00f3n del proyecto con la posibilidad de proponer modificaciones o adecuaciones al mismo\u201d, son parte de un conjunto de condiciones para que el citado parque se integre a lo que en breve tiempo se convertir\u00e1 en el Centro Cultural \u00c1lvaro Carrillo.<br \/>Acompa\u00f1ado de integrantes del Cabildo y funcionarios los cuales tienen que ver con el tema, Mart\u00ednez Neri explic\u00f3: \u201cde los 14 mil metros del Monumento a la Madre, el gobierno de la ciudad es propietario de 490, semejante a la figura de un tri\u00e1ngulo, es decir, el 4% de la superficie total.<br \/>Recalc\u00f3: \u201cla donaci\u00f3n municipal a favor del gobierno del estado de Oaxaca es con el \u00fanico objetivo de que lo destinen como \u00e1rea verde recreativa conforme al proyecto del Centro Cultural \u00c1lvaro Carrillo\u201d.<\/p>\n","protected":false},"excerpt":{"rendered":"<p>(*) As\u00ed lo precis\u00f3 el presidente municipal, Francisco Mart\u00ednez Neri Mario GIR\u00d3NEl presidente municipal de&#8230;<\/p>\n","protected":false},"author":2,"featured_media":2998,"comment_status":"open","ping_status":"open","sticky":false,"template":"","format":"standard","meta":{"footnotes":""},"categories":[3,9],"tags":[],"jetpack_sharing_enabled":true,"featured_image_urls":{"full":"","thumbnail":"","medium":"","medium_large":"","large":"","1536x1536":"","2048x2048":"","covernews-slider-full":"","covernews-slider-center":"","covernews-featured":"","covernews-medium":"","covernews-medium-square":""},"author_info":{"display_name":"Miguel","author_link":"https:\/\/contextoanalisisperiodistico.com\/index.php\/author\/editor\/"},"category_info":"<a href=\"https:\/\/contextoanalisisperiodistico.com\/index.php\/category\/ciudad\/\" rel=\"category tag\">Ciudad<\/a> <a href=\"https:\/\/contextoanalisisperiodistico.com\/index.php\/category\/politica\/\" rel=\"category tag\">Pol\u00edtica<\/a>","tag_info":"Pol\u00edtica","comment_count":"0","jetpack_featured_media_url":"","_links":{"self":[{"href":"https:\/\/contextoanalisisperiodistico.com\/index.php\/wp-json\/wp\/v2\/posts\/2999"}],"collection":[{"href":"https:\/\/contextoanalisisperiodistico.com\/index.php\/wp-json\/wp\/v2\/posts"}],"about":[{"href":"https:\/\/contextoanalisisperiodistico.com\/index.php\/wp-json\/wp\/v2\/types\/post"}],"author":[{"embeddable":true,"href":"https:\/\/contextoanalisisperiodistico.com\/index.php\/wp-json\/wp\/v2\/users\/2"}],"replies":[{"embeddable":true,"href":"https:\/\/contextoanalisisperiodistico.com\/index.php\/wp-json\/wp\/v2\/comments?post=2999"}],"version-history":[{"count":0,"href":"https:\/\/contextoanalisisperiodistico.com\/index.php\/wp-json\/wp\/v2\/posts\/2999\/revisions"}],"wp:featuredmedia":[{"embeddable":true,"href":"https:\/\/contextoanalisisperiodistico.com\/index.php\/wp-json\/"}],"wp:attachment":[{"href":"https:\/\/contextoanalisisperiodistico.com\/index.php\/wp-json\/wp\/v2\/media?parent=2999"}],"wp:term":[{"taxonomy":"category","embeddable":true,"href":"https:\/\/contextoanalisisperiodistico.com\/index.php\/wp-json\/wp\/v2\/categories?post=2999"},{"taxonomy":"post_tag","embeddable":true,"href":"https:\/\/contextoanalisisperiodistico.com\/index.php\/wp-json\/wp\/v2\/tags?post=2999"}],"curies":[{"name":"wp","href":"https:\/\/api.w.org\/{rel}","templated":true}]}}