{"id":29914,"date":"2024-08-06T18:50:14","date_gmt":"2024-08-07T00:50:14","guid":{"rendered":"https:\/\/contextoanalisisperiodistico.com\/index.php\/2024\/08\/06\/inauguran-convencion-del-cafe-oaxaqueno-2024\/"},"modified":"2024-08-06T18:50:14","modified_gmt":"2024-08-07T00:50:14","slug":"inauguran-convencion-del-cafe-oaxaqueno-2024","status":"publish","type":"post","link":"https:\/\/contextoanalisisperiodistico.com\/index.php\/2024\/08\/06\/inauguran-convencion-del-cafe-oaxaqueno-2024\/","title":{"rendered":"Inauguran Convenci\u00f3n del Caf\u00e9 Oaxaque\u00f1o 2024"},"content":{"rendered":"<div id=\"fb-root\"><\/div>\n\n<p>\u2022 Entregan a personas productoras fichas de an\u00e1lisis sensorial de muestras que acreditan su caf\u00e9 de especialidad<\/p>\n\n\n\n<figure class=\"wp-block-image size-large\"><img fetchpriority=\"high\" decoding=\"async\" width=\"800\" height=\"533\" src=\"https:\/\/contextoanalisisperiodistico.com\/wp-content\/uploads\/2024\/08\/img-20240806-wa00894156523635643891403.jpg\" alt=\"\" class=\"wp-image-29911\" srcset=\"https:\/\/contextoanalisisperiodistico.com\/wp-content\/uploads\/2024\/08\/img-20240806-wa00894156523635643891403.jpg 800w, https:\/\/contextoanalisisperiodistico.com\/wp-content\/uploads\/2024\/08\/img-20240806-wa00894156523635643891403-300x200.jpg 300w, https:\/\/contextoanalisisperiodistico.com\/wp-content\/uploads\/2024\/08\/img-20240806-wa00894156523635643891403-768x512.jpg 768w\" sizes=\"(max-width: 800px) 100vw, 800px\" \/><\/figure>\n\n\n\n<figure class=\"wp-block-image\"><img decoding=\"async\" width=\"300\" height=\"200\" src=\"https:\/\/contextoanalisisperiodistico.com\/wp-content\/uploads\/2024\/08\/img-20240806-wa00888977094243750941718-300x200.jpg\" alt=\"\" class=\"wp-image-29912\" srcset=\"https:\/\/contextoanalisisperiodistico.com\/wp-content\/uploads\/2024\/08\/img-20240806-wa00888977094243750941718-300x200.jpg 300w, https:\/\/contextoanalisisperiodistico.com\/wp-content\/uploads\/2024\/08\/img-20240806-wa00888977094243750941718-768x511.jpg 768w, https:\/\/contextoanalisisperiodistico.com\/wp-content\/uploads\/2024\/08\/img-20240806-wa00888977094243750941718.jpg 900w\" sizes=\"(max-width: 300px) 100vw, 300px\" \/><\/figure>\n\n\n\n<figure class=\"wp-block-image\"><img decoding=\"async\" width=\"300\" height=\"200\" src=\"https:\/\/contextoanalisisperiodistico.com\/wp-content\/uploads\/2024\/08\/img-20240806-wa00905750486562986202109-300x200.jpg\" alt=\"\" class=\"wp-image-29913\" srcset=\"https:\/\/contextoanalisisperiodistico.com\/wp-content\/uploads\/2024\/08\/img-20240806-wa00905750486562986202109-300x200.jpg 300w, https:\/\/contextoanalisisperiodistico.com\/wp-content\/uploads\/2024\/08\/img-20240806-wa00905750486562986202109-768x511.jpg 768w, https:\/\/contextoanalisisperiodistico.com\/wp-content\/uploads\/2024\/08\/img-20240806-wa00905750486562986202109.jpg 900w\" sizes=\"(max-width: 300px) 100vw, 300px\" \/><\/figure>\n\n\n\n<p>Oaxaca de Ju\u00e1rez, Oax. 6 de agosto de 2024.- Los gobiernos Federal y Estatal realizan la Convenci\u00f3n del Caf\u00e9 Oaxaque\u00f1o 2024, que re\u00fane a personas cafeticultoras de las siete regiones productoras del arom\u00e1tico, para promover esta bebida tradicional.<\/p>\n\n\n\n<p>Oaxaca es el estado n\u00famero uno en caf\u00e9 de especialidad, que por sus condiciones de producci\u00f3n cuenta con los requisitos para considerarse de los mejores del pa\u00eds.<\/p>\n\n\n\n<p>El encuentro concentra a 350 personas agricultoras distribuidas en 80 stands y 10 barras de caf\u00e9 en la Plaza de la Danza de la capital del estado.<\/p>\n\n\n\n<p>Entre los objetivos de la Convenci\u00f3n se encuentra el localizar a todas las y los productores de este arom\u00e1tico para mejorar su producci\u00f3n y comercializaci\u00f3n. Cabe destacar que la entidad pasa de una producci\u00f3n cafeticultora tradicional a una agroecol\u00f3gica certificada, lo que la posiciona en el segundo lugar en producci\u00f3n org\u00e1nica en el pa\u00eds.<\/p>\n\n\n\n<p>Durante la inauguraci\u00f3n, el titular de la Secretar\u00eda de Fomento Agroalimentario y Desarrollo Rural (Sefader) V\u00edctor L\u00f3pez Leyva y el subsecretario de Autosuficiencia Alimentaria de la dependencia, V\u00edctor Su\u00e1rez Carrera, entregaron a las y los productores su ficha de an\u00e1lisis sensorial que acredita su caf\u00e9 como de especialidad.<\/p>\n\n\n\n<p>Oaxaca produce 89 mil toneladas de caf\u00e9 pergamino y cereza cultivados en 647 hect\u00e1reas, por lo que el Gobierno de la Primavera Oaxaque\u00f1a a trav\u00e9s de la Sefader apoya al campo con infraestructura y equipo, as\u00ed como servicios de acompa\u00f1amiento t\u00e9cnico y certificaci\u00f3n de productos para alcanzar la comercializaci\u00f3n del arom\u00e1tico con precios de venta justos que permitan obtener ingresos en beneficio de la poblaci\u00f3n.<\/p>\n\n\n\n<p>La Convenci\u00f3n estar\u00e1 abierta al p\u00fablico del 6 al 8 de agosto, en un horario de 10:00 a 19:00 horas.<br \/>-0-<\/p>\n","protected":false},"excerpt":{"rendered":"<p>\u2022 Entregan a personas productoras fichas de an\u00e1lisis sensorial de muestras que acreditan su caf\u00e9&#8230;<\/p>\n","protected":false},"author":4,"featured_media":29910,"comment_status":"","ping_status":"open","sticky":false,"template":"","format":"standard","meta":{"footnotes":""},"categories":[9],"tags":[],"jetpack_sharing_enabled":true,"featured_image_urls":{"full":["https:\/\/contextoanalisisperiodistico.com\/wp-content\/uploads\/2024\/08\/IMG-20240806-WA0091.jpg",900,527,false],"thumbnail":["https:\/\/contextoanalisisperiodistico.com\/wp-content\/uploads\/2024\/08\/IMG-20240806-WA0091-150x150.jpg",150,150,true],"medium":["https:\/\/contextoanalisisperiodistico.com\/wp-content\/uploads\/2024\/08\/IMG-20240806-WA0091-300x176.jpg",300,176,true],"medium_large":["https:\/\/contextoanalisisperiodistico.com\/wp-content\/uploads\/2024\/08\/IMG-20240806-WA0091-768x450.jpg",640,375,true],"large":["https:\/\/contextoanalisisperiodistico.com\/wp-content\/uploads\/2024\/08\/IMG-20240806-WA0091.jpg",640,375,false],"1536x1536":["https:\/\/contextoanalisisperiodistico.com\/wp-content\/uploads\/2024\/08\/IMG-20240806-WA0091.jpg",900,527,false],"2048x2048":["https:\/\/contextoanalisisperiodistico.com\/wp-content\/uploads\/2024\/08\/IMG-20240806-WA0091.jpg",900,527,false],"covernews-slider-full":["https:\/\/contextoanalisisperiodistico.com\/wp-content\/uploads\/2024\/08\/IMG-20240806-WA0091.jpg",900,527,false],"covernews-slider-center":["https:\/\/contextoanalisisperiodistico.com\/wp-content\/uploads\/2024\/08\/IMG-20240806-WA0091-800x500.jpg",800,500,true],"covernews-featured":["https:\/\/contextoanalisisperiodistico.com\/wp-content\/uploads\/2024\/08\/IMG-20240806-WA0091.jpg",900,527,false],"covernews-medium":["https:\/\/contextoanalisisperiodistico.com\/wp-content\/uploads\/2024\/08\/IMG-20240806-WA0091-540x340.jpg",540,340,true],"covernews-medium-square":["https:\/\/contextoanalisisperiodistico.com\/wp-content\/uploads\/2024\/08\/IMG-20240806-WA0091-400x250.jpg",400,250,true]},"author_info":{"display_name":"Mario Gir\u00f3n","author_link":"https:\/\/contextoanalisisperiodistico.com\/index.php\/author\/director\/"},"category_info":"<a href=\"https:\/\/contextoanalisisperiodistico.com\/index.php\/category\/politica\/\" rel=\"category tag\">Pol\u00edtica<\/a>","tag_info":"Pol\u00edtica","comment_count":"0","jetpack_featured_media_url":"https:\/\/contextoanalisisperiodistico.com\/wp-content\/uploads\/2024\/08\/IMG-20240806-WA0091.jpg","_links":{"self":[{"href":"https:\/\/contextoanalisisperiodistico.com\/index.php\/wp-json\/wp\/v2\/posts\/29914"}],"collection":[{"href":"https:\/\/contextoanalisisperiodistico.com\/index.php\/wp-json\/wp\/v2\/posts"}],"about":[{"href":"https:\/\/contextoanalisisperiodistico.com\/index.php\/wp-json\/wp\/v2\/types\/post"}],"author":[{"embeddable":true,"href":"https:\/\/contextoanalisisperiodistico.com\/index.php\/wp-json\/wp\/v2\/users\/4"}],"replies":[{"embeddable":true,"href":"https:\/\/contextoanalisisperiodistico.com\/index.php\/wp-json\/wp\/v2\/comments?post=29914"}],"version-history":[{"count":0,"href":"https:\/\/contextoanalisisperiodistico.com\/index.php\/wp-json\/wp\/v2\/posts\/29914\/revisions"}],"wp:featuredmedia":[{"embeddable":true,"href":"https:\/\/contextoanalisisperiodistico.com\/index.php\/wp-json\/wp\/v2\/media\/29910"}],"wp:attachment":[{"href":"https:\/\/contextoanalisisperiodistico.com\/index.php\/wp-json\/wp\/v2\/media?parent=29914"}],"wp:term":[{"taxonomy":"category","embeddable":true,"href":"https:\/\/contextoanalisisperiodistico.com\/index.php\/wp-json\/wp\/v2\/categories?post=29914"},{"taxonomy":"post_tag","embeddable":true,"href":"https:\/\/contextoanalisisperiodistico.com\/index.php\/wp-json\/wp\/v2\/tags?post=29914"}],"curies":[{"name":"wp","href":"https:\/\/api.w.org\/{rel}","templated":true}]}}