{"id":29901,"date":"2024-08-06T15:45:15","date_gmt":"2024-08-06T21:45:15","guid":{"rendered":"https:\/\/contextoanalisisperiodistico.com\/index.php\/2024\/08\/06\/un-legado-para-todas-y-todos-la-rehabilitacion-de-la-alameda-de-leon\/"},"modified":"2024-08-06T15:45:15","modified_gmt":"2024-08-06T21:45:15","slug":"un-legado-para-todas-y-todos-la-rehabilitacion-de-la-alameda-de-leon","status":"publish","type":"post","link":"https:\/\/contextoanalisisperiodistico.com\/index.php\/2024\/08\/06\/un-legado-para-todas-y-todos-la-rehabilitacion-de-la-alameda-de-leon\/","title":{"rendered":"Un legado para todas y todos la rehabilitaci\u00f3n de la Alameda de Le\u00f3n"},"content":{"rendered":"<div id=\"fb-root\"><\/div>\n\n<p>La segunda parte de la obra de rehabilitaci\u00f3n de la Alameda de Le\u00f3n es el complemento de lo ya realizado en la explanada principal de ese lugar emblem\u00e1tico para las y los capitalinos.<\/p>\n\n\n\n<p>Redacci\u00f3n: Priorizando la accesibilidad universal y la responsabilidad ante la conservaci\u00f3n de un Centro Hist\u00f3rico nombrado Patrimonio Mundial por la UNESCO, la obra contempla el aprovechamiento de la cantera en buen estado y homologar el dise\u00f1o arquitect\u00f3nico con el que se coloc\u00f3 en la primera etapa de la obra, de tal suerte que toda la explanada de la Alameda resulte en una sola unidad visual y arquitect\u00f3nica otorgando a la ciudadan\u00eda oaxaque\u00f1a un espacio de libre tr\u00e1nsito peatonal y de esparcimiento.<\/p>\n\n\n\n<p>Los trabajos son coordinados con el Instituto Nacional de Antropolog\u00eda e Historia y han seguido el proceso licitatorio correspondiente, por lo que es un trabajo que cumple con toda la normatividad inherente a la intervenci\u00f3n de un centro hist\u00f3rico.<\/p>\n\n\n\n<p>El inversi\u00f3n en esta obra de rehabilitaci\u00f3n de la Alameda ronda los 8 millones de pesos y ser\u00e1 ejecutada conforme al calendario pactado con la empresa.<\/p>\n\n\n\n<p>El resultado de esta obra ser\u00e1 un legado para quienes habitan en la ciudad de Oaxaca y para los miles de visitantes que cada a\u00f1o vienen a conocer nuestro patrimonio.<\/p>\n\n\n\n<figure class=\"wp-block-image size-large\"><img fetchpriority=\"high\" decoding=\"async\" width=\"1024\" height=\"576\" src=\"https:\/\/contextoanalisisperiodistico.com\/wp-content\/uploads\/2024\/08\/img-20240806-wa00492241175686149084568-1024x576.jpg\" alt=\"\" class=\"wp-image-29899\" srcset=\"https:\/\/contextoanalisisperiodistico.com\/wp-content\/uploads\/2024\/08\/img-20240806-wa00492241175686149084568-1024x576.jpg 1024w, https:\/\/contextoanalisisperiodistico.com\/wp-content\/uploads\/2024\/08\/img-20240806-wa00492241175686149084568-300x169.jpg 300w, https:\/\/contextoanalisisperiodistico.com\/wp-content\/uploads\/2024\/08\/img-20240806-wa00492241175686149084568-768x432.jpg 768w, https:\/\/contextoanalisisperiodistico.com\/wp-content\/uploads\/2024\/08\/img-20240806-wa00492241175686149084568.jpg 1280w\" sizes=\"(max-width: 1024px) 100vw, 1024px\" \/><\/figure>\n\n\n\n<figure class=\"wp-block-image\"><img decoding=\"async\" width=\"623\" height=\"1024\" src=\"https:\/\/contextoanalisisperiodistico.com\/wp-content\/uploads\/2024\/08\/img-20240806-wa0051664957566787080925-623x1024.jpg\" alt=\"\" class=\"wp-image-29898\" srcset=\"https:\/\/contextoanalisisperiodistico.com\/wp-content\/uploads\/2024\/08\/img-20240806-wa0051664957566787080925-623x1024.jpg 623w, https:\/\/contextoanalisisperiodistico.com\/wp-content\/uploads\/2024\/08\/img-20240806-wa0051664957566787080925-183x300.jpg 183w, https:\/\/contextoanalisisperiodistico.com\/wp-content\/uploads\/2024\/08\/img-20240806-wa0051664957566787080925.jpg 738w\" sizes=\"(max-width: 623px) 100vw, 623px\" \/><\/figure>\n\n\n\n<figure class=\"wp-block-image\"><img decoding=\"async\" width=\"300\" height=\"224\" src=\"https:\/\/contextoanalisisperiodistico.com\/wp-content\/uploads\/2024\/08\/img-20240806-wa00501519385572785515471-300x224.jpg\" alt=\"\" class=\"wp-image-29897\" srcset=\"https:\/\/contextoanalisisperiodistico.com\/wp-content\/uploads\/2024\/08\/img-20240806-wa00501519385572785515471-300x224.jpg 300w, https:\/\/contextoanalisisperiodistico.com\/wp-content\/uploads\/2024\/08\/img-20240806-wa00501519385572785515471.jpg 627w\" sizes=\"(max-width: 300px) 100vw, 300px\" \/><\/figure>\n\n\n\n<figure class=\"wp-block-image\"><img loading=\"lazy\" decoding=\"async\" width=\"1024\" height=\"576\" src=\"https:\/\/contextoanalisisperiodistico.com\/wp-content\/uploads\/2024\/08\/img-20240806-wa00482216370282564941768-1024x576.jpg\" alt=\"\" class=\"wp-image-29900\" srcset=\"https:\/\/contextoanalisisperiodistico.com\/wp-content\/uploads\/2024\/08\/img-20240806-wa00482216370282564941768-1024x576.jpg 1024w, https:\/\/contextoanalisisperiodistico.com\/wp-content\/uploads\/2024\/08\/img-20240806-wa00482216370282564941768-300x169.jpg 300w, https:\/\/contextoanalisisperiodistico.com\/wp-content\/uploads\/2024\/08\/img-20240806-wa00482216370282564941768-768x432.jpg 768w, https:\/\/contextoanalisisperiodistico.com\/wp-content\/uploads\/2024\/08\/img-20240806-wa00482216370282564941768.jpg 1280w\" sizes=\"(max-width: 1024px) 100vw, 1024px\" \/><\/figure>\n","protected":false},"excerpt":{"rendered":"<p>La segunda parte de la obra de rehabilitaci\u00f3n de la Alameda de Le\u00f3n es el&#8230;<\/p>\n","protected":false},"author":4,"featured_media":29896,"comment_status":"","ping_status":"open","sticky":false,"template":"","format":"standard","meta":{"footnotes":""},"categories":[9],"tags":[],"jetpack_sharing_enabled":true,"featured_image_urls":{"full":["https:\/\/contextoanalisisperiodistico.com\/wp-content\/uploads\/2024\/08\/IMG-20240806-WA0047.jpg",1600,1341,false],"thumbnail":["https:\/\/contextoanalisisperiodistico.com\/wp-content\/uploads\/2024\/08\/IMG-20240806-WA0047-150x150.jpg",150,150,true],"medium":["https:\/\/contextoanalisisperiodistico.com\/wp-content\/uploads\/2024\/08\/IMG-20240806-WA0047-300x251.jpg",300,251,true],"medium_large":["https:\/\/contextoanalisisperiodistico.com\/wp-content\/uploads\/2024\/08\/IMG-20240806-WA0047-768x644.jpg",640,537,true],"large":["https:\/\/contextoanalisisperiodistico.com\/wp-content\/uploads\/2024\/08\/IMG-20240806-WA0047-1024x858.jpg",640,536,true],"1536x1536":["https:\/\/contextoanalisisperiodistico.com\/wp-content\/uploads\/2024\/08\/IMG-20240806-WA0047-1536x1287.jpg",1536,1287,true],"2048x2048":["https:\/\/contextoanalisisperiodistico.com\/wp-content\/uploads\/2024\/08\/IMG-20240806-WA0047.jpg",1600,1341,false],"covernews-slider-full":["https:\/\/contextoanalisisperiodistico.com\/wp-content\/uploads\/2024\/08\/IMG-20240806-WA0047-1115x715.jpg",1115,715,true],"covernews-slider-center":["https:\/\/contextoanalisisperiodistico.com\/wp-content\/uploads\/2024\/08\/IMG-20240806-WA0047-800x500.jpg",800,500,true],"covernews-featured":["https:\/\/contextoanalisisperiodistico.com\/wp-content\/uploads\/2024\/08\/IMG-20240806-WA0047-1024x858.jpg",1024,858,true],"covernews-medium":["https:\/\/contextoanalisisperiodistico.com\/wp-content\/uploads\/2024\/08\/IMG-20240806-WA0047-540x340.jpg",540,340,true],"covernews-medium-square":["https:\/\/contextoanalisisperiodistico.com\/wp-content\/uploads\/2024\/08\/IMG-20240806-WA0047-400x250.jpg",400,250,true]},"author_info":{"display_name":"Mario Gir\u00f3n","author_link":"https:\/\/contextoanalisisperiodistico.com\/index.php\/author\/director\/"},"category_info":"<a href=\"https:\/\/contextoanalisisperiodistico.com\/index.php\/category\/politica\/\" rel=\"category tag\">Pol\u00edtica<\/a>","tag_info":"Pol\u00edtica","comment_count":"0","jetpack_featured_media_url":"https:\/\/contextoanalisisperiodistico.com\/wp-content\/uploads\/2024\/08\/IMG-20240806-WA0047.jpg","_links":{"self":[{"href":"https:\/\/contextoanalisisperiodistico.com\/index.php\/wp-json\/wp\/v2\/posts\/29901"}],"collection":[{"href":"https:\/\/contextoanalisisperiodistico.com\/index.php\/wp-json\/wp\/v2\/posts"}],"about":[{"href":"https:\/\/contextoanalisisperiodistico.com\/index.php\/wp-json\/wp\/v2\/types\/post"}],"author":[{"embeddable":true,"href":"https:\/\/contextoanalisisperiodistico.com\/index.php\/wp-json\/wp\/v2\/users\/4"}],"replies":[{"embeddable":true,"href":"https:\/\/contextoanalisisperiodistico.com\/index.php\/wp-json\/wp\/v2\/comments?post=29901"}],"version-history":[{"count":0,"href":"https:\/\/contextoanalisisperiodistico.com\/index.php\/wp-json\/wp\/v2\/posts\/29901\/revisions"}],"wp:featuredmedia":[{"embeddable":true,"href":"https:\/\/contextoanalisisperiodistico.com\/index.php\/wp-json\/wp\/v2\/media\/29896"}],"wp:attachment":[{"href":"https:\/\/contextoanalisisperiodistico.com\/index.php\/wp-json\/wp\/v2\/media?parent=29901"}],"wp:term":[{"taxonomy":"category","embeddable":true,"href":"https:\/\/contextoanalisisperiodistico.com\/index.php\/wp-json\/wp\/v2\/categories?post=29901"},{"taxonomy":"post_tag","embeddable":true,"href":"https:\/\/contextoanalisisperiodistico.com\/index.php\/wp-json\/wp\/v2\/tags?post=29901"}],"curies":[{"name":"wp","href":"https:\/\/api.w.org\/{rel}","templated":true}]}}