{"id":29894,"date":"2024-08-06T15:19:34","date_gmt":"2024-08-06T21:19:34","guid":{"rendered":"https:\/\/contextoanalisisperiodistico.com\/index.php\/2024\/08\/06\/exhorta-sso-a-motociclistas-usar-cascos-con-certificacion\/"},"modified":"2024-08-06T15:20:19","modified_gmt":"2024-08-06T21:20:19","slug":"exhorta-sso-a-motociclistas-usar-cascos-con-certificacion","status":"publish","type":"post","link":"https:\/\/contextoanalisisperiodistico.com\/index.php\/2024\/08\/06\/exhorta-sso-a-motociclistas-usar-cascos-con-certificacion\/","title":{"rendered":"Exhorta SSO a motociclistas usar cascos certificados"},"content":{"rendered":"<div id=\"fb-root\"><\/div>\n\n<p>\u2022 Esta herramienta reduce hasta un 44 por ciento el riesgo de morir durante una colisi\u00f3n<\/p>\n\n\n\n<figure class=\"wp-block-image size-large\"><img fetchpriority=\"high\" decoding=\"async\" width=\"1024\" height=\"576\" src=\"https:\/\/contextoanalisisperiodistico.com\/wp-content\/uploads\/2024\/08\/img-20240806-wa00457537689713535373096-1024x576.jpg\" alt=\"\" class=\"wp-image-29893\" srcset=\"https:\/\/contextoanalisisperiodistico.com\/wp-content\/uploads\/2024\/08\/img-20240806-wa00457537689713535373096-1024x576.jpg 1024w, https:\/\/contextoanalisisperiodistico.com\/wp-content\/uploads\/2024\/08\/img-20240806-wa00457537689713535373096-300x169.jpg 300w, https:\/\/contextoanalisisperiodistico.com\/wp-content\/uploads\/2024\/08\/img-20240806-wa00457537689713535373096-768x432.jpg 768w, https:\/\/contextoanalisisperiodistico.com\/wp-content\/uploads\/2024\/08\/img-20240806-wa00457537689713535373096-1536x864.jpg 1536w, https:\/\/contextoanalisisperiodistico.com\/wp-content\/uploads\/2024\/08\/img-20240806-wa00457537689713535373096.jpg 1600w\" sizes=\"(max-width: 1024px) 100vw, 1024px\" \/><\/figure>\n\n\n\n<p>\u2022 Es importante que las personas conduzcan con prudencia y respeten los l\u00edmites de velocidad<\/p>\n\n\n\n<p>Oaxaca de Ju\u00e1rez, Oax. 6 de agosto de 2024.- Servicios de Salud de Oaxaca (SSO) exhorta a las personas motociclistas utilizar correctamente un casco de calidad adecuada para garantizar la protecci\u00f3n necesaria en caso de accidentes, as\u00ed como conducir con prudencia y respetar los l\u00edmites de velocidad.<\/p>\n\n\n\n<p>En entrevista, el responsable del programa de Prevenci\u00f3n de Accidentes de SSO Rafael Arnaud R\u00edos dio a conocer que usar un casco con la certificaci\u00f3n DOT, ECE22.05, Snell o BSI al conducir una motocicleta, reduce el 44 por ciento de riesgo de morir durante un incidente y alrededor del 72 por ciento de sufrir una lesi\u00f3n severa.<\/p>\n\n\n\n<p>Explic\u00f3 que estos productos certificados son sometidos a pruebas para verificar su resistencia y son construidos bajo ciertos est\u00e1ndares que acreditan su seguridad.<\/p>\n\n\n\n<p>Arnaud R\u00edos precis\u00f3 que, a diferencia de las mujeres, los hombres suelen tener tres veces m\u00e1s probabilidades de fallecer en una incidencia de tr\u00e1nsito. Adem\u00e1s, existe una relaci\u00f3n directa entre el aumento de la velocidad y la posibilidad de que ocurra un choque, as\u00ed como con la gravedad de sus consecuencias.<\/p>\n\n\n\n<p>Cabe destacar que, existen evidencias que muestran que los cascos que no han sido sometidos a pruebas o normas de seguridad producen m\u00e1s lesiones de las que se esperar\u00edan si no se utilizara durante un accidente.<\/p>\n\n\n\n<p>La Organizaci\u00f3n Mundial de la Salud (OMS) identifica cinco principales factores que aumentan el riesgo de lesiones causadas por el tr\u00e1nsito: el exceso de velocidad, la conducci\u00f3n bajo los efectos del alcohol, no usar casco, no colocarse los cinturones de seguridad ni usar medios de sujeci\u00f3n para la poblaci\u00f3n infantil.<\/p>\n\n\n\n<p>En este sentido, SSO y el Consejo Estatal Para la Prevenci\u00f3n de Accidentes (Coepra) en Oaxaca impulsan permanentemente acciones de concientizaci\u00f3n, informaci\u00f3n y fomento de buenas pr\u00e1cticas a la hora de conducir, principalmente enfocado a los grupos de riesgo.<\/p>\n\n\n\n<p>Cada a\u00f1o se registran poco m\u00e1s de mil accidentes en motocicleta, los que provocan aproximadamente 400 personas lesionadas, y solo el 32.4 por ciento de las y los usuarios de este veh\u00edculo de motor portan casco certificado y bien abrochado.<\/p>\n\n\n\n<p>-0-<\/p>\n","protected":false},"excerpt":{"rendered":"<p>\u2022 Esta herramienta reduce hasta un 44 por ciento el riesgo de morir durante una&#8230;<\/p>\n","protected":false},"author":4,"featured_media":29892,"comment_status":"closed","ping_status":"open","sticky":false,"template":"","format":"standard","meta":{"footnotes":""},"categories":[92],"tags":[],"jetpack_sharing_enabled":true,"featured_image_urls":{"full":["https:\/\/contextoanalisisperiodistico.com\/wp-content\/uploads\/2024\/08\/IMG-20240806-WA0044.jpg",1600,900,false],"thumbnail":["https:\/\/contextoanalisisperiodistico.com\/wp-content\/uploads\/2024\/08\/IMG-20240806-WA0044-150x150.jpg",150,150,true],"medium":["https:\/\/contextoanalisisperiodistico.com\/wp-content\/uploads\/2024\/08\/IMG-20240806-WA0044-300x169.jpg",300,169,true],"medium_large":["https:\/\/contextoanalisisperiodistico.com\/wp-content\/uploads\/2024\/08\/IMG-20240806-WA0044-768x432.jpg",640,360,true],"large":["https:\/\/contextoanalisisperiodistico.com\/wp-content\/uploads\/2024\/08\/IMG-20240806-WA0044-1024x576.jpg",640,360,true],"1536x1536":["https:\/\/contextoanalisisperiodistico.com\/wp-content\/uploads\/2024\/08\/IMG-20240806-WA0044-1536x864.jpg",1536,864,true],"2048x2048":["https:\/\/contextoanalisisperiodistico.com\/wp-content\/uploads\/2024\/08\/IMG-20240806-WA0044.jpg",1600,900,false],"covernews-slider-full":["https:\/\/contextoanalisisperiodistico.com\/wp-content\/uploads\/2024\/08\/IMG-20240806-WA0044-1115x715.jpg",1115,715,true],"covernews-slider-center":["https:\/\/contextoanalisisperiodistico.com\/wp-content\/uploads\/2024\/08\/IMG-20240806-WA0044-800x500.jpg",800,500,true],"covernews-featured":["https:\/\/contextoanalisisperiodistico.com\/wp-content\/uploads\/2024\/08\/IMG-20240806-WA0044-1024x576.jpg",1024,576,true],"covernews-medium":["https:\/\/contextoanalisisperiodistico.com\/wp-content\/uploads\/2024\/08\/IMG-20240806-WA0044-540x340.jpg",540,340,true],"covernews-medium-square":["https:\/\/contextoanalisisperiodistico.com\/wp-content\/uploads\/2024\/08\/IMG-20240806-WA0044-400x250.jpg",400,250,true]},"author_info":{"display_name":"Mario Gir\u00f3n","author_link":"https:\/\/contextoanalisisperiodistico.com\/index.php\/author\/director\/"},"category_info":"<a href=\"https:\/\/contextoanalisisperiodistico.com\/index.php\/category\/salud\/\" rel=\"category tag\">Salud<\/a>","tag_info":"Salud","comment_count":"0","jetpack_featured_media_url":"https:\/\/contextoanalisisperiodistico.com\/wp-content\/uploads\/2024\/08\/IMG-20240806-WA0044.jpg","_links":{"self":[{"href":"https:\/\/contextoanalisisperiodistico.com\/index.php\/wp-json\/wp\/v2\/posts\/29894"}],"collection":[{"href":"https:\/\/contextoanalisisperiodistico.com\/index.php\/wp-json\/wp\/v2\/posts"}],"about":[{"href":"https:\/\/contextoanalisisperiodistico.com\/index.php\/wp-json\/wp\/v2\/types\/post"}],"author":[{"embeddable":true,"href":"https:\/\/contextoanalisisperiodistico.com\/index.php\/wp-json\/wp\/v2\/users\/4"}],"replies":[{"embeddable":true,"href":"https:\/\/contextoanalisisperiodistico.com\/index.php\/wp-json\/wp\/v2\/comments?post=29894"}],"version-history":[{"count":1,"href":"https:\/\/contextoanalisisperiodistico.com\/index.php\/wp-json\/wp\/v2\/posts\/29894\/revisions"}],"predecessor-version":[{"id":29895,"href":"https:\/\/contextoanalisisperiodistico.com\/index.php\/wp-json\/wp\/v2\/posts\/29894\/revisions\/29895"}],"wp:featuredmedia":[{"embeddable":true,"href":"https:\/\/contextoanalisisperiodistico.com\/index.php\/wp-json\/wp\/v2\/media\/29892"}],"wp:attachment":[{"href":"https:\/\/contextoanalisisperiodistico.com\/index.php\/wp-json\/wp\/v2\/media?parent=29894"}],"wp:term":[{"taxonomy":"category","embeddable":true,"href":"https:\/\/contextoanalisisperiodistico.com\/index.php\/wp-json\/wp\/v2\/categories?post=29894"},{"taxonomy":"post_tag","embeddable":true,"href":"https:\/\/contextoanalisisperiodistico.com\/index.php\/wp-json\/wp\/v2\/tags?post=29894"}],"curies":[{"name":"wp","href":"https:\/\/api.w.org\/{rel}","templated":true}]}}