{"id":29889,"date":"2024-08-06T12:18:03","date_gmt":"2024-08-06T18:18:03","guid":{"rendered":"https:\/\/contextoanalisisperiodistico.com\/index.php\/2024\/08\/06\/exhorta-gobernador-jara-a-trabajar-de-manera-directa-y-en-beneficio-del-pueblo-a-autoridades-municipales-electas\/"},"modified":"2024-08-06T12:18:03","modified_gmt":"2024-08-06T18:18:03","slug":"exhorta-gobernador-jara-a-trabajar-de-manera-directa-y-en-beneficio-del-pueblo-a-autoridades-municipales-electas","status":"publish","type":"post","link":"https:\/\/contextoanalisisperiodistico.com\/index.php\/2024\/08\/06\/exhorta-gobernador-jara-a-trabajar-de-manera-directa-y-en-beneficio-del-pueblo-a-autoridades-municipales-electas\/","title":{"rendered":"Exhorta Gobernador Jara a trabajar de manera directa y en beneficio del pueblo\u00a0a autoridades municipales electas"},"content":{"rendered":"<div id=\"fb-root\"><\/div>\n\n<p>\u2022 Inicia Capacitaci\u00f3n a autoridades electas que tendr\u00e1 una duraci\u00f3n de 90 horas<\/p>\n\n\n\n<figure class=\"wp-block-image size-large\"><img fetchpriority=\"high\" decoding=\"async\" width=\"1024\" height=\"682\" src=\"https:\/\/contextoanalisisperiodistico.com\/wp-content\/uploads\/2024\/08\/img-20240806-wa00348774928030174329846-1024x682.jpg\" alt=\"\" class=\"wp-image-29886\" srcset=\"https:\/\/contextoanalisisperiodistico.com\/wp-content\/uploads\/2024\/08\/img-20240806-wa00348774928030174329846-1024x682.jpg 1024w, https:\/\/contextoanalisisperiodistico.com\/wp-content\/uploads\/2024\/08\/img-20240806-wa00348774928030174329846-300x200.jpg 300w, https:\/\/contextoanalisisperiodistico.com\/wp-content\/uploads\/2024\/08\/img-20240806-wa00348774928030174329846-768x512.jpg 768w, https:\/\/contextoanalisisperiodistico.com\/wp-content\/uploads\/2024\/08\/img-20240806-wa00348774928030174329846-1536x1023.jpg 1536w, https:\/\/contextoanalisisperiodistico.com\/wp-content\/uploads\/2024\/08\/img-20240806-wa00348774928030174329846.jpg 1600w\" sizes=\"(max-width: 1024px) 100vw, 1024px\" \/><\/figure>\n\n\n\n<figure class=\"wp-block-image\"><img decoding=\"async\" width=\"1024\" height=\"682\" src=\"https:\/\/contextoanalisisperiodistico.com\/wp-content\/uploads\/2024\/08\/img-20240806-wa00325377313384488742579-1024x682.jpg\" alt=\"\" class=\"wp-image-29888\" srcset=\"https:\/\/contextoanalisisperiodistico.com\/wp-content\/uploads\/2024\/08\/img-20240806-wa00325377313384488742579-1024x682.jpg 1024w, https:\/\/contextoanalisisperiodistico.com\/wp-content\/uploads\/2024\/08\/img-20240806-wa00325377313384488742579-300x200.jpg 300w, https:\/\/contextoanalisisperiodistico.com\/wp-content\/uploads\/2024\/08\/img-20240806-wa00325377313384488742579-768x512.jpg 768w, https:\/\/contextoanalisisperiodistico.com\/wp-content\/uploads\/2024\/08\/img-20240806-wa00325377313384488742579-1536x1023.jpg 1536w, https:\/\/contextoanalisisperiodistico.com\/wp-content\/uploads\/2024\/08\/img-20240806-wa00325377313384488742579.jpg 1600w\" sizes=\"(max-width: 1024px) 100vw, 1024px\" \/><\/figure>\n\n\n\n<figure class=\"wp-block-image\"><img decoding=\"async\" width=\"1024\" height=\"682\" src=\"https:\/\/contextoanalisisperiodistico.com\/wp-content\/uploads\/2024\/08\/img-20240806-wa00361991570904617233252-1024x682.jpg\" alt=\"\" class=\"wp-image-29885\" srcset=\"https:\/\/contextoanalisisperiodistico.com\/wp-content\/uploads\/2024\/08\/img-20240806-wa00361991570904617233252-1024x682.jpg 1024w, https:\/\/contextoanalisisperiodistico.com\/wp-content\/uploads\/2024\/08\/img-20240806-wa00361991570904617233252-300x200.jpg 300w, https:\/\/contextoanalisisperiodistico.com\/wp-content\/uploads\/2024\/08\/img-20240806-wa00361991570904617233252-768x512.jpg 768w, https:\/\/contextoanalisisperiodistico.com\/wp-content\/uploads\/2024\/08\/img-20240806-wa00361991570904617233252-1536x1023.jpg 1536w, https:\/\/contextoanalisisperiodistico.com\/wp-content\/uploads\/2024\/08\/img-20240806-wa00361991570904617233252.jpg 1600w\" sizes=\"(max-width: 1024px) 100vw, 1024px\" \/><\/figure>\n\n\n\n<figure class=\"wp-block-image\"><img loading=\"lazy\" decoding=\"async\" width=\"1024\" height=\"682\" src=\"https:\/\/contextoanalisisperiodistico.com\/wp-content\/uploads\/2024\/08\/img-20240806-wa00339121296661866955775-1024x682.jpg\" alt=\"\" class=\"wp-image-29887\" srcset=\"https:\/\/contextoanalisisperiodistico.com\/wp-content\/uploads\/2024\/08\/img-20240806-wa00339121296661866955775-1024x682.jpg 1024w, https:\/\/contextoanalisisperiodistico.com\/wp-content\/uploads\/2024\/08\/img-20240806-wa00339121296661866955775-300x200.jpg 300w, https:\/\/contextoanalisisperiodistico.com\/wp-content\/uploads\/2024\/08\/img-20240806-wa00339121296661866955775-768x512.jpg 768w, https:\/\/contextoanalisisperiodistico.com\/wp-content\/uploads\/2024\/08\/img-20240806-wa00339121296661866955775-1536x1023.jpg 1536w, https:\/\/contextoanalisisperiodistico.com\/wp-content\/uploads\/2024\/08\/img-20240806-wa00339121296661866955775.jpg 1600w\" sizes=\"(max-width: 1024px) 100vw, 1024px\" \/><\/figure>\n\n\n\n<p>Santa Luc\u00eda del Camino, Oax. 6 de agosto de 2024.- El Gobernador del Estado Salom\u00f3n Jara Cruz refrend\u00f3 su compromiso de hacer equipo con autoridades municipales, para garantizar que a los pueblos y comunidades de Oaxaca les vaya bien y tengan desarrollo.<\/p>\n\n\n\n<p>Al inaugurar una jornada de Capacitaci\u00f3n con autoridades municipales electas, quienes estar\u00e1n al frente de los ayuntamientos a partir del pr\u00f3ximo 1 de enero, cuenten con las herramientas para hacer frente a su encomienda en el \u00e1mbito administrativo.<\/p>\n\n\n\n<p>En este marco, el titular de la Gubernatura expres\u00f3 que para la Primavera Oaxaque\u00f1a es necesario tener el acercamiento directo con las autoridades municipales para que haya un trabajo m\u00e1s efectivo en favor de la poblaci\u00f3n.<\/p>\n\n\n\n<p>\u201cNosotros no queremos intermediarios ni gestores, queremos una relaci\u00f3n directa pues este es un gobierno cercano a las autoridades, tenemos que trabajar juntos para sacar a Oaxaca adelante\u201d, asever\u00f3.<\/p>\n\n\n\n<p>En la jornada en la que tambi\u00e9n estuvo presente la Presidenta Honoraria del Sistema Estatal para al Desarrollo Integral de la Familia (DIF) Irma Bola\u00f1os Quijano, el Gobernador enfatiz\u00f3 la importancia de contar con obras como agua potable, drenaje, electrificaci\u00f3n, salud y vivienda, por lo que les exhort\u00f3 a que en su Plan Municipal de Desarrollo prioricen estos rubros.<\/p>\n\n\n\n<p>Jara Cruz mencion\u00f3 que solo 40 municipios tienen su Plan Municipal de Desarrollo, \u201cnosotros queremos que los 152 ayuntamientos cuenten con este documento\u201d, asegur\u00f3.<\/p>\n\n\n\n<p>\u201cAunque sean de un color o de otro deben trabajar para todas y todos. Tenemos que gobernar y trabajar de la mano, ahora nuestro gobierno ya no realiza obras de capricho o de ocurrencias, ahora todo es planificado\u201d, afirm\u00f3.<\/p>\n\n\n\n<p>Destac\u00f3 que, a diferencia del pasado, hay un gobierno federal distinto, que ha invertido de manera hist\u00f3rica en la entidad, y se espera replicar este apoyo con la llegada de la pr\u00f3xima Presidenta de M\u00e9xico. \u201cSi hay un gran impulso a nivel federal, por qu\u00e9 no hacerlo a nivel estatal y por supuesto a nivel municipal\u201d, indic\u00f3.<\/p>\n\n\n\n<p>La Capacitaci\u00f3n tendr\u00e1 una duraci\u00f3n de 90 horas y estar\u00e1 dividida en diferentes m\u00f3dulos en los que las pr\u00f3ximas autoridades municipales puedan conocer temas administrativos como la entrega-recepci\u00f3n, la integraci\u00f3n de presupuestos, entre otros m\u00e1s.<\/p>\n\n\n\n<p>-0-<\/p>\n","protected":false},"excerpt":{"rendered":"<p>\u2022 Inicia Capacitaci\u00f3n a autoridades electas que tendr\u00e1 una duraci\u00f3n de 90 horas Santa Luc\u00eda&#8230;<\/p>\n","protected":false},"author":4,"featured_media":29884,"comment_status":"","ping_status":"open","sticky":false,"template":"","format":"standard","meta":{"footnotes":""},"categories":[9],"tags":[],"jetpack_sharing_enabled":true,"featured_image_urls":{"full":["https:\/\/contextoanalisisperiodistico.com\/wp-content\/uploads\/2024\/08\/IMG-20240806-WA0037.jpg",1600,1066,false],"thumbnail":["https:\/\/contextoanalisisperiodistico.com\/wp-content\/uploads\/2024\/08\/IMG-20240806-WA0037-150x150.jpg",150,150,true],"medium":["https:\/\/contextoanalisisperiodistico.com\/wp-content\/uploads\/2024\/08\/IMG-20240806-WA0037-300x200.jpg",300,200,true],"medium_large":["https:\/\/contextoanalisisperiodistico.com\/wp-content\/uploads\/2024\/08\/IMG-20240806-WA0037-768x512.jpg",640,427,true],"large":["https:\/\/contextoanalisisperiodistico.com\/wp-content\/uploads\/2024\/08\/IMG-20240806-WA0037-1024x682.jpg",640,426,true],"1536x1536":["https:\/\/contextoanalisisperiodistico.com\/wp-content\/uploads\/2024\/08\/IMG-20240806-WA0037-1536x1023.jpg",1536,1023,true],"2048x2048":["https:\/\/contextoanalisisperiodistico.com\/wp-content\/uploads\/2024\/08\/IMG-20240806-WA0037.jpg",1600,1066,false],"covernews-slider-full":["https:\/\/contextoanalisisperiodistico.com\/wp-content\/uploads\/2024\/08\/IMG-20240806-WA0037-1115x715.jpg",1115,715,true],"covernews-slider-center":["https:\/\/contextoanalisisperiodistico.com\/wp-content\/uploads\/2024\/08\/IMG-20240806-WA0037-800x500.jpg",800,500,true],"covernews-featured":["https:\/\/contextoanalisisperiodistico.com\/wp-content\/uploads\/2024\/08\/IMG-20240806-WA0037-1024x682.jpg",1024,682,true],"covernews-medium":["https:\/\/contextoanalisisperiodistico.com\/wp-content\/uploads\/2024\/08\/IMG-20240806-WA0037-540x340.jpg",540,340,true],"covernews-medium-square":["https:\/\/contextoanalisisperiodistico.com\/wp-content\/uploads\/2024\/08\/IMG-20240806-WA0037-400x250.jpg",400,250,true]},"author_info":{"display_name":"Mario Gir\u00f3n","author_link":"https:\/\/contextoanalisisperiodistico.com\/index.php\/author\/director\/"},"category_info":"<a href=\"https:\/\/contextoanalisisperiodistico.com\/index.php\/category\/politica\/\" rel=\"category tag\">Pol\u00edtica<\/a>","tag_info":"Pol\u00edtica","comment_count":"0","jetpack_featured_media_url":"https:\/\/contextoanalisisperiodistico.com\/wp-content\/uploads\/2024\/08\/IMG-20240806-WA0037.jpg","_links":{"self":[{"href":"https:\/\/contextoanalisisperiodistico.com\/index.php\/wp-json\/wp\/v2\/posts\/29889"}],"collection":[{"href":"https:\/\/contextoanalisisperiodistico.com\/index.php\/wp-json\/wp\/v2\/posts"}],"about":[{"href":"https:\/\/contextoanalisisperiodistico.com\/index.php\/wp-json\/wp\/v2\/types\/post"}],"author":[{"embeddable":true,"href":"https:\/\/contextoanalisisperiodistico.com\/index.php\/wp-json\/wp\/v2\/users\/4"}],"replies":[{"embeddable":true,"href":"https:\/\/contextoanalisisperiodistico.com\/index.php\/wp-json\/wp\/v2\/comments?post=29889"}],"version-history":[{"count":0,"href":"https:\/\/contextoanalisisperiodistico.com\/index.php\/wp-json\/wp\/v2\/posts\/29889\/revisions"}],"wp:featuredmedia":[{"embeddable":true,"href":"https:\/\/contextoanalisisperiodistico.com\/index.php\/wp-json\/wp\/v2\/media\/29884"}],"wp:attachment":[{"href":"https:\/\/contextoanalisisperiodistico.com\/index.php\/wp-json\/wp\/v2\/media?parent=29889"}],"wp:term":[{"taxonomy":"category","embeddable":true,"href":"https:\/\/contextoanalisisperiodistico.com\/index.php\/wp-json\/wp\/v2\/categories?post=29889"},{"taxonomy":"post_tag","embeddable":true,"href":"https:\/\/contextoanalisisperiodistico.com\/index.php\/wp-json\/wp\/v2\/tags?post=29889"}],"curies":[{"name":"wp","href":"https:\/\/api.w.org\/{rel}","templated":true}]}}