{"id":29883,"date":"2024-08-06T11:04:28","date_gmt":"2024-08-06T17:04:28","guid":{"rendered":"https:\/\/contextoanalisisperiodistico.com\/index.php\/2024\/08\/06\/aplica-municipio-tercera-fertilizacion-del-ano-a-96-arboles-de-zocalo-y-alameda\/"},"modified":"2024-08-06T11:04:28","modified_gmt":"2024-08-06T17:04:28","slug":"aplica-municipio-tercera-fertilizacion-del-ano-a-96-arboles-de-zocalo-y-alameda","status":"publish","type":"post","link":"https:\/\/contextoanalisisperiodistico.com\/index.php\/2024\/08\/06\/aplica-municipio-tercera-fertilizacion-del-ano-a-96-arboles-de-zocalo-y-alameda\/","title":{"rendered":"Aplica municipio tercera fertilizaci\u00f3n del a\u00f1o a 96 \u00e1rboles de Z\u00f3calo y Alameda"},"content":{"rendered":"<div id=\"fb-root\"><\/div>\n\n<ul class=\"wp-block-list\">\n<li>El fin de semana se aplicaron nutrientes a ra\u00edces para preservar la salud de \u00e1rboles centenarios.<\/li>\n<\/ul>\n\n\n\n<figure class=\"wp-block-image size-large\"><img fetchpriority=\"high\" decoding=\"async\" width=\"1024\" height=\"565\" src=\"https:\/\/contextoanalisisperiodistico.com\/wp-content\/uploads\/2024\/08\/fotoblt050820241230887932838317153-1024x565.jpeg\" alt=\"\" class=\"wp-image-29882\" srcset=\"https:\/\/contextoanalisisperiodistico.com\/wp-content\/uploads\/2024\/08\/fotoblt050820241230887932838317153-1024x565.jpeg 1024w, https:\/\/contextoanalisisperiodistico.com\/wp-content\/uploads\/2024\/08\/fotoblt050820241230887932838317153-300x166.jpeg 300w, https:\/\/contextoanalisisperiodistico.com\/wp-content\/uploads\/2024\/08\/fotoblt050820241230887932838317153-768x424.jpeg 768w, https:\/\/contextoanalisisperiodistico.com\/wp-content\/uploads\/2024\/08\/fotoblt050820241230887932838317153-1536x848.jpeg 1536w, https:\/\/contextoanalisisperiodistico.com\/wp-content\/uploads\/2024\/08\/fotoblt050820241230887932838317153.jpeg 1600w\" sizes=\"(max-width: 1024px) 100vw, 1024px\" \/><\/figure>\n\n\n\n<p>Oaxaca de Ju\u00e1rez, Oax.,05 de agosto de 2024.- El Ayuntamiento de Oaxaca de Ju\u00e1rez, liderado por el presidente municipal Francisco Mart\u00ednez Neri, contin\u00faa demostrando su compromiso con el medio ambiente y la mejora de los espacios verdes de la ciudad.<\/p>\n\n\n\n<p>De manera constante y planificada, la Secretar\u00eda de Medio Ambiente y Cambio Clim\u00e1tico, en coordinaci\u00f3n con la Secretar\u00eda de Servicios Municipales, realiza la aplicaci\u00f3n de nutrientes en el pie de \u00e1rboles centenarios, para preservar el bienestar de las especies ubicadas en el Z\u00f3calo y la Alameda.<\/p>\n\n\n\n<p>En esta ocasi\u00f3n, se adelant\u00f3 la tercera fertilizaci\u00f3n del a\u00f1o con el prop\u00f3sito de aprovechar la temporada de lluvias, permitiendo que los nutrientes sean mejor absorbidos por los 96 \u00e1rboles situados en el coraz\u00f3n de Oaxaca de Ju\u00e1rez. Esta acci\u00f3n forma parte del Plan de Manejo Integral del Arbolado Urbano, que busca fortalecer y preservar la vegetaci\u00f3n de los espacios p\u00fablicos.<\/p>\n\n\n\n<p>Elsa Ortiz Rodr\u00edguez, Secretaria de Medio Ambiente y Cambio Clim\u00e1tico, explic\u00f3 que esta es la tercera fertilizaci\u00f3n en lo que va del 2024 e incluye la aplicaci\u00f3n de nutrientes como el nitr\u00f3geno, f\u00f3sforo, potasio, boro, manganeso entre otros. Estos elementos son esenciales para fijar los nutrientes en el suelo y en las ra\u00edces de los \u00e1rboles, asegurando su \u00f3ptimo desarrollo y salud.<\/p>\n\n\n\n<p>\u201cLa anticipaci\u00f3n de estos trabajos se debe a la temporada de lluvias, la cual permite que los nutrientes sean mejor absorbidos por el suelo y las ra\u00edces de los \u00e1rboles. Este esfuerzo conjunto refleja nuestro compromiso con el medio ambiente y con mantener los espacios verdes de nuestra ciudad en las mejores condiciones posibles\u201d, declar\u00f3 Ortiz Rodr\u00edguez.<\/p>\n\n\n\n<p>Cabe destacar que el Plan de Manejo Integral de Arbolado Urbano contiene la ruta cient\u00edfica a seguir para conservar y fortalecer la presencia de \u00e1rboles en el entorno de la ciudad, de tal suerte que es un instrumento que apunta hacia la mitigaci\u00f3n del cambio clim\u00e1tico en el planeta y resulta una gu\u00eda valiosa que es referencia en la zona metropolitana de la capital.<\/p>\n\n\n\n<p>Con estas acciones, el Ayuntamiento de Oaxaca de Ju\u00e1rez reafirma su dedicaci\u00f3n a la protecci\u00f3n y cuidado del medio ambiente, garantizando un entorno m\u00e1s sostenible para todos sus habitantes y para las generaciones venideras.<\/p>\n","protected":false},"excerpt":{"rendered":"<p>Oaxaca de Ju\u00e1rez, Oax.,05 de agosto de 2024.- El Ayuntamiento de Oaxaca de Ju\u00e1rez, liderado&#8230;<\/p>\n","protected":false},"author":4,"featured_media":29881,"comment_status":"","ping_status":"open","sticky":false,"template":"","format":"standard","meta":{"footnotes":""},"categories":[9],"tags":[],"jetpack_sharing_enabled":true,"featured_image_urls":{"full":["https:\/\/contextoanalisisperiodistico.com\/wp-content\/uploads\/2024\/08\/FOTOBLT05082024.jpeg",1600,874,false],"thumbnail":["https:\/\/contextoanalisisperiodistico.com\/wp-content\/uploads\/2024\/08\/FOTOBLT05082024-150x150.jpeg",150,150,true],"medium":["https:\/\/contextoanalisisperiodistico.com\/wp-content\/uploads\/2024\/08\/FOTOBLT05082024-300x164.jpeg",300,164,true],"medium_large":["https:\/\/contextoanalisisperiodistico.com\/wp-content\/uploads\/2024\/08\/FOTOBLT05082024-768x420.jpeg",640,350,true],"large":["https:\/\/contextoanalisisperiodistico.com\/wp-content\/uploads\/2024\/08\/FOTOBLT05082024-1024x559.jpeg",640,349,true],"1536x1536":["https:\/\/contextoanalisisperiodistico.com\/wp-content\/uploads\/2024\/08\/FOTOBLT05082024-1536x839.jpeg",1536,839,true],"2048x2048":["https:\/\/contextoanalisisperiodistico.com\/wp-content\/uploads\/2024\/08\/FOTOBLT05082024.jpeg",1600,874,false],"covernews-slider-full":["https:\/\/contextoanalisisperiodistico.com\/wp-content\/uploads\/2024\/08\/FOTOBLT05082024-1115x715.jpeg",1115,715,true],"covernews-slider-center":["https:\/\/contextoanalisisperiodistico.com\/wp-content\/uploads\/2024\/08\/FOTOBLT05082024-800x500.jpeg",800,500,true],"covernews-featured":["https:\/\/contextoanalisisperiodistico.com\/wp-content\/uploads\/2024\/08\/FOTOBLT05082024-1024x559.jpeg",1024,559,true],"covernews-medium":["https:\/\/contextoanalisisperiodistico.com\/wp-content\/uploads\/2024\/08\/FOTOBLT05082024-540x340.jpeg",540,340,true],"covernews-medium-square":["https:\/\/contextoanalisisperiodistico.com\/wp-content\/uploads\/2024\/08\/FOTOBLT05082024-400x250.jpeg",400,250,true]},"author_info":{"display_name":"Mario Gir\u00f3n","author_link":"https:\/\/contextoanalisisperiodistico.com\/index.php\/author\/director\/"},"category_info":"<a href=\"https:\/\/contextoanalisisperiodistico.com\/index.php\/category\/politica\/\" rel=\"category tag\">Pol\u00edtica<\/a>","tag_info":"Pol\u00edtica","comment_count":"0","jetpack_featured_media_url":"https:\/\/contextoanalisisperiodistico.com\/wp-content\/uploads\/2024\/08\/FOTOBLT05082024.jpeg","_links":{"self":[{"href":"https:\/\/contextoanalisisperiodistico.com\/index.php\/wp-json\/wp\/v2\/posts\/29883"}],"collection":[{"href":"https:\/\/contextoanalisisperiodistico.com\/index.php\/wp-json\/wp\/v2\/posts"}],"about":[{"href":"https:\/\/contextoanalisisperiodistico.com\/index.php\/wp-json\/wp\/v2\/types\/post"}],"author":[{"embeddable":true,"href":"https:\/\/contextoanalisisperiodistico.com\/index.php\/wp-json\/wp\/v2\/users\/4"}],"replies":[{"embeddable":true,"href":"https:\/\/contextoanalisisperiodistico.com\/index.php\/wp-json\/wp\/v2\/comments?post=29883"}],"version-history":[{"count":0,"href":"https:\/\/contextoanalisisperiodistico.com\/index.php\/wp-json\/wp\/v2\/posts\/29883\/revisions"}],"wp:featuredmedia":[{"embeddable":true,"href":"https:\/\/contextoanalisisperiodistico.com\/index.php\/wp-json\/wp\/v2\/media\/29881"}],"wp:attachment":[{"href":"https:\/\/contextoanalisisperiodistico.com\/index.php\/wp-json\/wp\/v2\/media?parent=29883"}],"wp:term":[{"taxonomy":"category","embeddable":true,"href":"https:\/\/contextoanalisisperiodistico.com\/index.php\/wp-json\/wp\/v2\/categories?post=29883"},{"taxonomy":"post_tag","embeddable":true,"href":"https:\/\/contextoanalisisperiodistico.com\/index.php\/wp-json\/wp\/v2\/tags?post=29883"}],"curies":[{"name":"wp","href":"https:\/\/api.w.org\/{rel}","templated":true}]}}