{"id":29870,"date":"2024-08-05T16:18:00","date_gmt":"2024-08-05T22:18:00","guid":{"rendered":"https:\/\/contextoanalisisperiodistico.com\/index.php\/2024\/08\/05\/suman-esfuerzos-para-agenda-de-cooperacion-educativa-entre-oaxaca-y-estados-unidos\/"},"modified":"2024-08-05T16:18:00","modified_gmt":"2024-08-05T22:18:00","slug":"suman-esfuerzos-para-agenda-de-cooperacion-educativa-entre-oaxaca-y-estados-unidos","status":"publish","type":"post","link":"https:\/\/contextoanalisisperiodistico.com\/index.php\/2024\/08\/05\/suman-esfuerzos-para-agenda-de-cooperacion-educativa-entre-oaxaca-y-estados-unidos\/","title":{"rendered":"Suman esfuerzos para agenda de cooperaci\u00f3n educativa entre Oaxaca y Estados Unidos"},"content":{"rendered":"<div id=\"fb-root\"><\/div>\n\n<p>\u2022 Realizan encuentro la SEP estatal, representantes de la Embajada norteamericana y del programa EducationUSA<\/p>\n\n\n\n<figure class=\"wp-block-image size-large\"><img fetchpriority=\"high\" decoding=\"async\" width=\"900\" height=\"600\" src=\"https:\/\/contextoanalisisperiodistico.com\/wp-content\/uploads\/2024\/08\/img-20240805-wa00528341933202678168036.jpg\" alt=\"\" class=\"wp-image-29868\" srcset=\"https:\/\/contextoanalisisperiodistico.com\/wp-content\/uploads\/2024\/08\/img-20240805-wa00528341933202678168036.jpg 900w, https:\/\/contextoanalisisperiodistico.com\/wp-content\/uploads\/2024\/08\/img-20240805-wa00528341933202678168036-300x200.jpg 300w, https:\/\/contextoanalisisperiodistico.com\/wp-content\/uploads\/2024\/08\/img-20240805-wa00528341933202678168036-768x512.jpg 768w\" sizes=\"(max-width: 900px) 100vw, 900px\" \/><\/figure>\n\n\n\n<figure class=\"wp-block-image\"><img decoding=\"async\" width=\"300\" height=\"200\" src=\"https:\/\/contextoanalisisperiodistico.com\/wp-content\/uploads\/2024\/08\/img-20240805-wa0054671730155900233635-300x200.jpg\" alt=\"\" class=\"wp-image-29869\" srcset=\"https:\/\/contextoanalisisperiodistico.com\/wp-content\/uploads\/2024\/08\/img-20240805-wa0054671730155900233635-300x200.jpg 300w, https:\/\/contextoanalisisperiodistico.com\/wp-content\/uploads\/2024\/08\/img-20240805-wa0054671730155900233635-768x512.jpg 768w, https:\/\/contextoanalisisperiodistico.com\/wp-content\/uploads\/2024\/08\/img-20240805-wa0054671730155900233635.jpg 900w\" sizes=\"(max-width: 300px) 100vw, 300px\" \/><\/figure>\n\n\n\n<p>Oaxaca de Ju\u00e1rez, Oax. 5 de agosto de 2024.- Para construir una agenda de cooperaci\u00f3n educativa con la Embajada de Estados Unidos en M\u00e9xico, as\u00ed como intercambiar ideas sobre programas y proyectos a desarrollar de manera conjunta en este sector, la Secretar\u00eda de Educaci\u00f3n P\u00fablica (SEP) de Oaxaca realiz\u00f3 el encuentro Hacia un programa de cooperaci\u00f3n internacional para el bienestar.<\/p>\n\n\n\n<p>La actividad efectuada en la Hemeroteca P\u00fablica de Oaxaca N\u00e9stor S\u00e1nchez Hern\u00e1ndez, cont\u00f3 con la presencia de representantes de esta Embajada, del programa EducationUSA, as\u00ed como de diversas universidades p\u00fablicas y particulares de la entidad.<\/p>\n\n\n\n<p>Al respecto, el subsecretario de Pol\u00edticas Transversales y Cooperaci\u00f3n Educativa de la SEP, Marco Antonio Reyes Ter\u00e1n se\u00f1al\u00f3 que esta reuni\u00f3n de trabajo brinda a las instituciones la oportunidad de acceder a un conjunto de beneficios como el recibir y enviar estudiantado y profesorado a estancias que impacten en temas relevantes para el desarrollo cient\u00edfico y acad\u00e9mico del estado.<\/p>\n\n\n\n<p>Entre las propuestas de trabajo revisadas destacan la creaci\u00f3n de programas para estancias acad\u00e9micas, intercambios para el aprendizaje del ingl\u00e9s y las lenguas ind\u00edgenas, formaci\u00f3n para el fortalecimiento de la gesti\u00f3n universitaria y desarrollo de planes de estudios comunes de doble titulaci\u00f3n.<\/p>\n\n\n\n<p>Como resultado de esta reuni\u00f3n se suscribir\u00e1 un convenio de colaboraci\u00f3n que posibilitar\u00e1 el cumplimiento de un programa de trabajo que la Subsecretar\u00eda de Pol\u00edticas Transversales y Cooperaci\u00f3n Educativa de la SEP de la entidad y la Embajada norteamericana formular\u00e1n en conjunto y presentar\u00e1n al Sistema Educativo Estatal.<\/p>\n\n\n\n<p>En este marco, se dio a conocer que en pr\u00f3ximos d\u00edas se instalar\u00e1 un centro del programa EducationUSA en el Sistema de Universidades Estatales de Oaxaca (Suneo).<\/p>\n\n\n\n<p>Los centros de asesor\u00eda de este programa promueven activamente la educaci\u00f3n superior en Estados Unidos, al ofrecer informaci\u00f3n completa y actual sobre intercambios con instituciones del pa\u00eds vecino; adem\u00e1s brindan asesor\u00eda para acceder a estas oportunidades.<\/p>\n\n\n\n<p>Cabe destacar que este encuentro de trabajo deriv\u00f3 de los acuerdos entre el Gobernador Salom\u00f3n Jara Cruz y el embajador de Estados Unidos en M\u00e9xico, Ken Salazar, quien visit\u00f3 la entidad el pasado mes de julio.<\/p>\n\n\n\n<p>-0-<\/p>\n","protected":false},"excerpt":{"rendered":"<p>\u2022 Realizan encuentro la SEP estatal, representantes de la Embajada norteamericana y del programa EducationUSA&#8230;<\/p>\n","protected":false},"author":4,"featured_media":29867,"comment_status":"","ping_status":"open","sticky":false,"template":"","format":"standard","meta":{"footnotes":""},"categories":[91],"tags":[],"jetpack_sharing_enabled":true,"featured_image_urls":{"full":["https:\/\/contextoanalisisperiodistico.com\/wp-content\/uploads\/2024\/08\/IMG-20240805-WA0053.jpg",900,674,false],"thumbnail":["https:\/\/contextoanalisisperiodistico.com\/wp-content\/uploads\/2024\/08\/IMG-20240805-WA0053-150x150.jpg",150,150,true],"medium":["https:\/\/contextoanalisisperiodistico.com\/wp-content\/uploads\/2024\/08\/IMG-20240805-WA0053-300x225.jpg",300,225,true],"medium_large":["https:\/\/contextoanalisisperiodistico.com\/wp-content\/uploads\/2024\/08\/IMG-20240805-WA0053-768x575.jpg",640,479,true],"large":["https:\/\/contextoanalisisperiodistico.com\/wp-content\/uploads\/2024\/08\/IMG-20240805-WA0053.jpg",640,479,false],"1536x1536":["https:\/\/contextoanalisisperiodistico.com\/wp-content\/uploads\/2024\/08\/IMG-20240805-WA0053.jpg",900,674,false],"2048x2048":["https:\/\/contextoanalisisperiodistico.com\/wp-content\/uploads\/2024\/08\/IMG-20240805-WA0053.jpg",900,674,false],"covernews-slider-full":["https:\/\/contextoanalisisperiodistico.com\/wp-content\/uploads\/2024\/08\/IMG-20240805-WA0053.jpg",900,674,false],"covernews-slider-center":["https:\/\/contextoanalisisperiodistico.com\/wp-content\/uploads\/2024\/08\/IMG-20240805-WA0053-800x500.jpg",800,500,true],"covernews-featured":["https:\/\/contextoanalisisperiodistico.com\/wp-content\/uploads\/2024\/08\/IMG-20240805-WA0053.jpg",900,674,false],"covernews-medium":["https:\/\/contextoanalisisperiodistico.com\/wp-content\/uploads\/2024\/08\/IMG-20240805-WA0053-540x340.jpg",540,340,true],"covernews-medium-square":["https:\/\/contextoanalisisperiodistico.com\/wp-content\/uploads\/2024\/08\/IMG-20240805-WA0053-400x250.jpg",400,250,true]},"author_info":{"display_name":"Mario Gir\u00f3n","author_link":"https:\/\/contextoanalisisperiodistico.com\/index.php\/author\/director\/"},"category_info":"<a href=\"https:\/\/contextoanalisisperiodistico.com\/index.php\/category\/educacion\/\" rel=\"category tag\">Educaci\u00f3n<\/a>","tag_info":"Educaci\u00f3n","comment_count":"0","jetpack_featured_media_url":"https:\/\/contextoanalisisperiodistico.com\/wp-content\/uploads\/2024\/08\/IMG-20240805-WA0053.jpg","_links":{"self":[{"href":"https:\/\/contextoanalisisperiodistico.com\/index.php\/wp-json\/wp\/v2\/posts\/29870"}],"collection":[{"href":"https:\/\/contextoanalisisperiodistico.com\/index.php\/wp-json\/wp\/v2\/posts"}],"about":[{"href":"https:\/\/contextoanalisisperiodistico.com\/index.php\/wp-json\/wp\/v2\/types\/post"}],"author":[{"embeddable":true,"href":"https:\/\/contextoanalisisperiodistico.com\/index.php\/wp-json\/wp\/v2\/users\/4"}],"replies":[{"embeddable":true,"href":"https:\/\/contextoanalisisperiodistico.com\/index.php\/wp-json\/wp\/v2\/comments?post=29870"}],"version-history":[{"count":0,"href":"https:\/\/contextoanalisisperiodistico.com\/index.php\/wp-json\/wp\/v2\/posts\/29870\/revisions"}],"wp:featuredmedia":[{"embeddable":true,"href":"https:\/\/contextoanalisisperiodistico.com\/index.php\/wp-json\/wp\/v2\/media\/29867"}],"wp:attachment":[{"href":"https:\/\/contextoanalisisperiodistico.com\/index.php\/wp-json\/wp\/v2\/media?parent=29870"}],"wp:term":[{"taxonomy":"category","embeddable":true,"href":"https:\/\/contextoanalisisperiodistico.com\/index.php\/wp-json\/wp\/v2\/categories?post=29870"},{"taxonomy":"post_tag","embeddable":true,"href":"https:\/\/contextoanalisisperiodistico.com\/index.php\/wp-json\/wp\/v2\/tags?post=29870"}],"curies":[{"name":"wp","href":"https:\/\/api.w.org\/{rel}","templated":true}]}}