{"id":29866,"date":"2024-08-05T15:51:07","date_gmt":"2024-08-05T21:51:07","guid":{"rendered":"https:\/\/contextoanalisisperiodistico.com\/index.php\/2024\/08\/05\/luis-nazariego-santome-orgullo-de-jalapa-del-marques\/"},"modified":"2024-08-05T15:51:07","modified_gmt":"2024-08-05T21:51:07","slug":"luis-nazariego-santome-orgullo-de-jalapa-del-marques","status":"publish","type":"post","link":"https:\/\/contextoanalisisperiodistico.com\/index.php\/2024\/08\/05\/luis-nazariego-santome-orgullo-de-jalapa-del-marques\/","title":{"rendered":"Luis Nazariego Santom\u00e9, orgullo de Jalapa del Marqu\u00e9s"},"content":{"rendered":"<div id=\"fb-root\"><\/div>\n\n<ul class=\"wp-block-list\">\n<li>Con el mayor puntaje gana la medalla de Oro en matem\u00e1ticas<\/li>\n<\/ul>\n\n\n\n<figure class=\"wp-block-image size-large\"><img fetchpriority=\"high\" decoding=\"async\" width=\"730\" height=\"1024\" src=\"https:\/\/contextoanalisisperiodistico.com\/wp-content\/uploads\/2024\/08\/img-20240804-wa00395546472354893588376-730x1024.jpg\" alt=\"\" class=\"wp-image-29863\" srcset=\"https:\/\/contextoanalisisperiodistico.com\/wp-content\/uploads\/2024\/08\/img-20240804-wa00395546472354893588376-730x1024.jpg 730w, https:\/\/contextoanalisisperiodistico.com\/wp-content\/uploads\/2024\/08\/img-20240804-wa00395546472354893588376-214x300.jpg 214w, https:\/\/contextoanalisisperiodistico.com\/wp-content\/uploads\/2024\/08\/img-20240804-wa00395546472354893588376-768x1077.jpg 768w, https:\/\/contextoanalisisperiodistico.com\/wp-content\/uploads\/2024\/08\/img-20240804-wa00395546472354893588376.jpg 913w\" sizes=\"(max-width: 730px) 100vw, 730px\" \/><\/figure>\n\n\n\n<figure class=\"wp-block-image size-large\"><img decoding=\"async\" width=\"721\" height=\"1024\" src=\"https:\/\/contextoanalisisperiodistico.com\/wp-content\/uploads\/2024\/08\/img-20240804-wa00386972260554516301990-721x1024.jpg\" alt=\"\" class=\"wp-image-29864\" srcset=\"https:\/\/contextoanalisisperiodistico.com\/wp-content\/uploads\/2024\/08\/img-20240804-wa00386972260554516301990-721x1024.jpg 721w, https:\/\/contextoanalisisperiodistico.com\/wp-content\/uploads\/2024\/08\/img-20240804-wa00386972260554516301990-211x300.jpg 211w, https:\/\/contextoanalisisperiodistico.com\/wp-content\/uploads\/2024\/08\/img-20240804-wa00386972260554516301990-768x1091.jpg 768w, https:\/\/contextoanalisisperiodistico.com\/wp-content\/uploads\/2024\/08\/img-20240804-wa00386972260554516301990.jpg 901w\" sizes=\"(max-width: 721px) 100vw, 721px\" \/><\/figure>\n\n\n\n<figure class=\"wp-block-image size-large\"><img decoding=\"async\" width=\"1024\" height=\"1010\" src=\"https:\/\/contextoanalisisperiodistico.com\/wp-content\/uploads\/2024\/08\/img-20240804-wa00371352922419876485640-1024x1010.jpg\" alt=\"\" class=\"wp-image-29865\" srcset=\"https:\/\/contextoanalisisperiodistico.com\/wp-content\/uploads\/2024\/08\/img-20240804-wa00371352922419876485640-1024x1010.jpg 1024w, https:\/\/contextoanalisisperiodistico.com\/wp-content\/uploads\/2024\/08\/img-20240804-wa00371352922419876485640-300x296.jpg 300w, https:\/\/contextoanalisisperiodistico.com\/wp-content\/uploads\/2024\/08\/img-20240804-wa00371352922419876485640-768x757.jpg 768w, https:\/\/contextoanalisisperiodistico.com\/wp-content\/uploads\/2024\/08\/img-20240804-wa00371352922419876485640.jpg 1080w\" sizes=\"(max-width: 1024px) 100vw, 1024px\" \/><\/figure>\n\n\n\n<p>Quintana Roo, M\u00e9xico, 3 de Agosto de 2024.- Luis Nazariego Santom\u00e9 gana la medalla de oro con el mayor puntaje en la Olimpiada Juvenil de Matem\u00e1ticas y Ciencias convocado por Campeonato Olimpico de Matem\u00e1ticas el cual se celebr\u00f3 en la ciudad de Canc\u00fan, Quintana Roo.<\/p>\n\n\n\n<p>Luis Nazariego Santom\u00e9 originario de Santa Mar\u00eda Jalapa del Marqu\u00e9s, represent\u00f3 con orgullo al estado de Oaxaca, estudiante del COBAO Plantel 35, de su comunidad.<\/p>\n\n\n\n<p>Nazariego Santom\u00e9<br \/>represent\u00f3 en la fase estatal organizado por el Colegio de Bachilleres, ganando el primer lugar estatal pro en esta ocasi\u00f3n en qu\u00edmica.<\/p>\n\n\n\n<p>No es la primera vez que este joven gana un concurso de matem\u00e1ticas.<\/p>\n\n\n\n<p>&#8211;<\/p>\n","protected":false},"excerpt":{"rendered":"<p>Quintana Roo, M\u00e9xico, 3 de Agosto de 2024.- Luis Nazariego Santom\u00e9 gana la medalla de&#8230;<\/p>\n","protected":false},"author":4,"featured_media":29859,"comment_status":"","ping_status":"open","sticky":false,"template":"","format":"standard","meta":{"footnotes":""},"categories":[91],"tags":[],"jetpack_sharing_enabled":true,"featured_image_urls":{"full":["https:\/\/contextoanalisisperiodistico.com\/wp-content\/uploads\/2024\/08\/IMG-20240804-WA0036.jpg",718,881,false],"thumbnail":["https:\/\/contextoanalisisperiodistico.com\/wp-content\/uploads\/2024\/08\/IMG-20240804-WA0036-150x150.jpg",150,150,true],"medium":["https:\/\/contextoanalisisperiodistico.com\/wp-content\/uploads\/2024\/08\/IMG-20240804-WA0036-244x300.jpg",244,300,true],"medium_large":["https:\/\/contextoanalisisperiodistico.com\/wp-content\/uploads\/2024\/08\/IMG-20240804-WA0036.jpg",640,785,false],"large":["https:\/\/contextoanalisisperiodistico.com\/wp-content\/uploads\/2024\/08\/IMG-20240804-WA0036.jpg",640,785,false],"1536x1536":["https:\/\/contextoanalisisperiodistico.com\/wp-content\/uploads\/2024\/08\/IMG-20240804-WA0036.jpg",718,881,false],"2048x2048":["https:\/\/contextoanalisisperiodistico.com\/wp-content\/uploads\/2024\/08\/IMG-20240804-WA0036.jpg",718,881,false],"covernews-slider-full":["https:\/\/contextoanalisisperiodistico.com\/wp-content\/uploads\/2024\/08\/IMG-20240804-WA0036-718x715.jpg",718,715,true],"covernews-slider-center":["https:\/\/contextoanalisisperiodistico.com\/wp-content\/uploads\/2024\/08\/IMG-20240804-WA0036-718x500.jpg",718,500,true],"covernews-featured":["https:\/\/contextoanalisisperiodistico.com\/wp-content\/uploads\/2024\/08\/IMG-20240804-WA0036.jpg",718,881,false],"covernews-medium":["https:\/\/contextoanalisisperiodistico.com\/wp-content\/uploads\/2024\/08\/IMG-20240804-WA0036-540x340.jpg",540,340,true],"covernews-medium-square":["https:\/\/contextoanalisisperiodistico.com\/wp-content\/uploads\/2024\/08\/IMG-20240804-WA0036-400x250.jpg",400,250,true]},"author_info":{"display_name":"Mario Gir\u00f3n","author_link":"https:\/\/contextoanalisisperiodistico.com\/index.php\/author\/director\/"},"category_info":"<a href=\"https:\/\/contextoanalisisperiodistico.com\/index.php\/category\/educacion\/\" rel=\"category tag\">Educaci\u00f3n<\/a>","tag_info":"Educaci\u00f3n","comment_count":"0","jetpack_featured_media_url":"https:\/\/contextoanalisisperiodistico.com\/wp-content\/uploads\/2024\/08\/IMG-20240804-WA0036.jpg","_links":{"self":[{"href":"https:\/\/contextoanalisisperiodistico.com\/index.php\/wp-json\/wp\/v2\/posts\/29866"}],"collection":[{"href":"https:\/\/contextoanalisisperiodistico.com\/index.php\/wp-json\/wp\/v2\/posts"}],"about":[{"href":"https:\/\/contextoanalisisperiodistico.com\/index.php\/wp-json\/wp\/v2\/types\/post"}],"author":[{"embeddable":true,"href":"https:\/\/contextoanalisisperiodistico.com\/index.php\/wp-json\/wp\/v2\/users\/4"}],"replies":[{"embeddable":true,"href":"https:\/\/contextoanalisisperiodistico.com\/index.php\/wp-json\/wp\/v2\/comments?post=29866"}],"version-history":[{"count":0,"href":"https:\/\/contextoanalisisperiodistico.com\/index.php\/wp-json\/wp\/v2\/posts\/29866\/revisions"}],"wp:featuredmedia":[{"embeddable":true,"href":"https:\/\/contextoanalisisperiodistico.com\/index.php\/wp-json\/wp\/v2\/media\/29859"}],"wp:attachment":[{"href":"https:\/\/contextoanalisisperiodistico.com\/index.php\/wp-json\/wp\/v2\/media?parent=29866"}],"wp:term":[{"taxonomy":"category","embeddable":true,"href":"https:\/\/contextoanalisisperiodistico.com\/index.php\/wp-json\/wp\/v2\/categories?post=29866"},{"taxonomy":"post_tag","embeddable":true,"href":"https:\/\/contextoanalisisperiodistico.com\/index.php\/wp-json\/wp\/v2\/tags?post=29866"}],"curies":[{"name":"wp","href":"https:\/\/api.w.org\/{rel}","templated":true}]}}