{"id":29820,"date":"2024-08-03T22:38:59","date_gmt":"2024-08-04T04:38:59","guid":{"rendered":"https:\/\/contextoanalisisperiodistico.com\/index.php\/2024\/08\/03\/impulsa-gobierno-de-oaxaca-el-desarrollo-de-santo-domingo-albarradas\/"},"modified":"2024-08-03T22:38:59","modified_gmt":"2024-08-04T04:38:59","slug":"impulsa-gobierno-de-oaxaca-el-desarrollo-de-santo-domingo-albarradas","status":"publish","type":"post","link":"https:\/\/contextoanalisisperiodistico.com\/index.php\/2024\/08\/03\/impulsa-gobierno-de-oaxaca-el-desarrollo-de-santo-domingo-albarradas\/","title":{"rendered":"Impulsa Gobierno de Oaxaca el desarrollo de Santo Domingo Albarradas"},"content":{"rendered":"<div id=\"fb-root\"><\/div>\n\n<p>\u2022 Como parte de un gobierno cercano a la gente, el Gobernador Salom\u00f3n Jara destin\u00f3 m\u00e1s de 4 millones de pesos mediante Trabajo que Transforma tu Municipio<\/p>\n\n\n\n<figure class=\"wp-block-image size-large\"><img fetchpriority=\"high\" decoding=\"async\" width=\"800\" height=\"533\" src=\"https:\/\/contextoanalisisperiodistico.com\/wp-content\/uploads\/2024\/08\/img-20240803-wa0042633021588335202787.jpg\" alt=\"\" class=\"wp-image-29817\" srcset=\"https:\/\/contextoanalisisperiodistico.com\/wp-content\/uploads\/2024\/08\/img-20240803-wa0042633021588335202787.jpg 800w, https:\/\/contextoanalisisperiodistico.com\/wp-content\/uploads\/2024\/08\/img-20240803-wa0042633021588335202787-300x200.jpg 300w, https:\/\/contextoanalisisperiodistico.com\/wp-content\/uploads\/2024\/08\/img-20240803-wa0042633021588335202787-768x512.jpg 768w\" sizes=\"(max-width: 800px) 100vw, 800px\" \/><\/figure>\n\n\n\n<figure class=\"wp-block-image\"><img decoding=\"async\" width=\"300\" height=\"200\" src=\"https:\/\/contextoanalisisperiodistico.com\/wp-content\/uploads\/2024\/08\/img-20240803-wa00452293627110756111497-300x200.jpg\" alt=\"\" class=\"wp-image-29816\" srcset=\"https:\/\/contextoanalisisperiodistico.com\/wp-content\/uploads\/2024\/08\/img-20240803-wa00452293627110756111497-300x200.jpg 300w, https:\/\/contextoanalisisperiodistico.com\/wp-content\/uploads\/2024\/08\/img-20240803-wa00452293627110756111497-768x512.jpg 768w, https:\/\/contextoanalisisperiodistico.com\/wp-content\/uploads\/2024\/08\/img-20240803-wa00452293627110756111497.jpg 800w\" sizes=\"(max-width: 300px) 100vw, 300px\" \/><\/figure>\n\n\n\n<figure class=\"wp-block-image\"><img decoding=\"async\" width=\"300\" height=\"200\" src=\"https:\/\/contextoanalisisperiodistico.com\/wp-content\/uploads\/2024\/08\/img-20240803-wa00437219618196260705880-300x200.jpg\" alt=\"\" class=\"wp-image-29819\" srcset=\"https:\/\/contextoanalisisperiodistico.com\/wp-content\/uploads\/2024\/08\/img-20240803-wa00437219618196260705880-300x200.jpg 300w, https:\/\/contextoanalisisperiodistico.com\/wp-content\/uploads\/2024\/08\/img-20240803-wa00437219618196260705880-768x512.jpg 768w, https:\/\/contextoanalisisperiodistico.com\/wp-content\/uploads\/2024\/08\/img-20240803-wa00437219618196260705880.jpg 800w\" sizes=\"(max-width: 300px) 100vw, 300px\" \/><\/figure>\n\n\n\n<figure class=\"wp-block-image\"><img loading=\"lazy\" decoding=\"async\" width=\"300\" height=\"200\" src=\"https:\/\/contextoanalisisperiodistico.com\/wp-content\/uploads\/2024\/08\/img-20240803-wa00412162119350086437683-300x200.jpg\" alt=\"\" class=\"wp-image-29818\" srcset=\"https:\/\/contextoanalisisperiodistico.com\/wp-content\/uploads\/2024\/08\/img-20240803-wa00412162119350086437683-300x200.jpg 300w, https:\/\/contextoanalisisperiodistico.com\/wp-content\/uploads\/2024\/08\/img-20240803-wa00412162119350086437683-768x512.jpg 768w, https:\/\/contextoanalisisperiodistico.com\/wp-content\/uploads\/2024\/08\/img-20240803-wa00412162119350086437683.jpg 800w\" sizes=\"(max-width: 300px) 100vw, 300px\" \/><\/figure>\n\n\n\n<figure class=\"wp-block-image\"><img loading=\"lazy\" decoding=\"async\" width=\"300\" height=\"200\" src=\"https:\/\/contextoanalisisperiodistico.com\/wp-content\/uploads\/2024\/08\/img-20240803-wa00441335136044593900171-300x200.jpg\" alt=\"\" class=\"wp-image-29815\" srcset=\"https:\/\/contextoanalisisperiodistico.com\/wp-content\/uploads\/2024\/08\/img-20240803-wa00441335136044593900171-300x200.jpg 300w, https:\/\/contextoanalisisperiodistico.com\/wp-content\/uploads\/2024\/08\/img-20240803-wa00441335136044593900171-768x512.jpg 768w, https:\/\/contextoanalisisperiodistico.com\/wp-content\/uploads\/2024\/08\/img-20240803-wa00441335136044593900171.jpg 800w\" sizes=\"(max-width: 300px) 100vw, 300px\" \/><\/figure>\n\n\n\n<p>Santo Domingo Albarradas, Oax. 3 de agosto de 2024. Para impulsar el desarrollo de este municipio perteneciente a los Valles Centrales, el Gobernador Salom\u00f3n Jara Cruz anunci\u00f3 la inversi\u00f3n de 4 millones 800 mil pesos a trav\u00e9s de diversos programas y apoyos como parte de la estrategia Trabajo que Transforma tu Municipio.<\/p>\n\n\n\n<p>El Mandatario estatal expres\u00f3 que el nuevo modelo de atenci\u00f3n que promueve su gobierno de la Primavera Oaxaque\u00f1a, busca resarcir el lugar n\u00famero 124 que ocupa Santo Domingo Albarradas a nivel estatal en pobreza y el 196, de los 2 mil 500 municipios a nivel nacional.<\/p>\n\n\n\n<p>\u201cNuestro objetivo es atender las necesidades que hay en las comunidades, por eso estamos recorriendo los 570 municipios de Oaxaca\u201d, expres\u00f3 ante la poblaci\u00f3n.<\/p>\n\n\n\n<p>De esta manera, se inform\u00f3 que a trav\u00e9s del Sistema Estatal para el Desarrollo Integral de la Familia se apoyar\u00e1 a las familias de este municipio con los programas de alimentaci\u00f3n y asistencia social.<\/p>\n\n\n\n<p>En apoyo al campo, se dio a conocer que mediante la Secretar\u00eda de Fomento Agroalimentario y Desarrollo Rural (Sefader) se apoyan a 17 personas productoras con el programa de Autosuficiencia Alimentaria para el cultivo de ma\u00edz, frijol y otros granos, con una inversi\u00f3n de 81 mil 430 pesos.<\/p>\n\n\n\n<p>Tambi\u00e9n, para contribuir a la econom\u00eda de 18 jefas de familia, la Secretar\u00eda de Bienestar, Tequio e Inclusi\u00f3n (Sebienti) destina 216 mil pesos a trav\u00e9s de la Tarjeta Margarita Maza.<\/p>\n\n\n\n<p>Para la preservaci\u00f3n de la lengua de esta localidad, la Secretar\u00eda de Interculturalidad, Pueblos y Comunidades Ind\u00edgenas y Afromexicanas (SIPCIA) impulsa desde el 2023, el programa Fomentando Lenguas Ind\u00edgenas que ha requerido una inversi\u00f3n de 75 mil pesos para apoyar a un profesor y sus 10 estudiantes. Este a\u00f1o se buscar\u00e1 tambi\u00e9n emplear 45 mil pesos para apoyar a la localidad con un maestro de m\u00fasica que contribuya a la transmisi\u00f3n de estos dotes.<\/p>\n\n\n\n<p>Mediante el Instituto Estatal de Educaci\u00f3n P\u00fablica de Oaxaca (IEEPO) se beneficiar\u00e1n a las cuatro instituciones que existen en la localidad, con lotes de mobiliario, computadoras, impresoras, proyectores y equipos de oficina, deportivo y de aseo, con una inversi\u00f3n de 680 mil 580 pesos.<\/p>\n\n\n\n<p>Para acrecentar la infraestructura del municipio, a trav\u00e9s de Vivienda Bienestar (Vibien) se apoyar\u00e1 con 641 mil pesos a 40 familias con pisos firmes; y mediante la Secretar\u00eda de las Infraestructura y Comunicaciones se apoyar\u00e1 en la revisi\u00f3n del anteproyecto para la construcci\u00f3n de su techado municipal que requerir\u00e1 una inversi\u00f3n de m\u00e1s de 3 millones de pesos.<\/p>\n\n\n\n<p>-0-<\/p>\n","protected":false},"excerpt":{"rendered":"<p>\u2022 Como parte de un gobierno cercano a la gente, el Gobernador Salom\u00f3n Jara destin\u00f3&#8230;<\/p>\n","protected":false},"author":4,"featured_media":29814,"comment_status":"","ping_status":"open","sticky":false,"template":"","format":"standard","meta":{"footnotes":""},"categories":[9],"tags":[],"jetpack_sharing_enabled":true,"featured_image_urls":{"full":["https:\/\/contextoanalisisperiodistico.com\/wp-content\/uploads\/2024\/08\/IMG-20240803-WA0040.jpg",800,533,false],"thumbnail":["https:\/\/contextoanalisisperiodistico.com\/wp-content\/uploads\/2024\/08\/IMG-20240803-WA0040-150x150.jpg",150,150,true],"medium":["https:\/\/contextoanalisisperiodistico.com\/wp-content\/uploads\/2024\/08\/IMG-20240803-WA0040-300x200.jpg",300,200,true],"medium_large":["https:\/\/contextoanalisisperiodistico.com\/wp-content\/uploads\/2024\/08\/IMG-20240803-WA0040-768x512.jpg",640,427,true],"large":["https:\/\/contextoanalisisperiodistico.com\/wp-content\/uploads\/2024\/08\/IMG-20240803-WA0040.jpg",640,426,false],"1536x1536":["https:\/\/contextoanalisisperiodistico.com\/wp-content\/uploads\/2024\/08\/IMG-20240803-WA0040.jpg",800,533,false],"2048x2048":["https:\/\/contextoanalisisperiodistico.com\/wp-content\/uploads\/2024\/08\/IMG-20240803-WA0040.jpg",800,533,false],"covernews-slider-full":["https:\/\/contextoanalisisperiodistico.com\/wp-content\/uploads\/2024\/08\/IMG-20240803-WA0040.jpg",800,533,false],"covernews-slider-center":["https:\/\/contextoanalisisperiodistico.com\/wp-content\/uploads\/2024\/08\/IMG-20240803-WA0040-800x500.jpg",800,500,true],"covernews-featured":["https:\/\/contextoanalisisperiodistico.com\/wp-content\/uploads\/2024\/08\/IMG-20240803-WA0040.jpg",800,533,false],"covernews-medium":["https:\/\/contextoanalisisperiodistico.com\/wp-content\/uploads\/2024\/08\/IMG-20240803-WA0040-540x340.jpg",540,340,true],"covernews-medium-square":["https:\/\/contextoanalisisperiodistico.com\/wp-content\/uploads\/2024\/08\/IMG-20240803-WA0040-400x250.jpg",400,250,true]},"author_info":{"display_name":"Mario Gir\u00f3n","author_link":"https:\/\/contextoanalisisperiodistico.com\/index.php\/author\/director\/"},"category_info":"<a href=\"https:\/\/contextoanalisisperiodistico.com\/index.php\/category\/politica\/\" rel=\"category tag\">Pol\u00edtica<\/a>","tag_info":"Pol\u00edtica","comment_count":"0","jetpack_featured_media_url":"https:\/\/contextoanalisisperiodistico.com\/wp-content\/uploads\/2024\/08\/IMG-20240803-WA0040.jpg","_links":{"self":[{"href":"https:\/\/contextoanalisisperiodistico.com\/index.php\/wp-json\/wp\/v2\/posts\/29820"}],"collection":[{"href":"https:\/\/contextoanalisisperiodistico.com\/index.php\/wp-json\/wp\/v2\/posts"}],"about":[{"href":"https:\/\/contextoanalisisperiodistico.com\/index.php\/wp-json\/wp\/v2\/types\/post"}],"author":[{"embeddable":true,"href":"https:\/\/contextoanalisisperiodistico.com\/index.php\/wp-json\/wp\/v2\/users\/4"}],"replies":[{"embeddable":true,"href":"https:\/\/contextoanalisisperiodistico.com\/index.php\/wp-json\/wp\/v2\/comments?post=29820"}],"version-history":[{"count":0,"href":"https:\/\/contextoanalisisperiodistico.com\/index.php\/wp-json\/wp\/v2\/posts\/29820\/revisions"}],"wp:featuredmedia":[{"embeddable":true,"href":"https:\/\/contextoanalisisperiodistico.com\/index.php\/wp-json\/wp\/v2\/media\/29814"}],"wp:attachment":[{"href":"https:\/\/contextoanalisisperiodistico.com\/index.php\/wp-json\/wp\/v2\/media?parent=29820"}],"wp:term":[{"taxonomy":"category","embeddable":true,"href":"https:\/\/contextoanalisisperiodistico.com\/index.php\/wp-json\/wp\/v2\/categories?post=29820"},{"taxonomy":"post_tag","embeddable":true,"href":"https:\/\/contextoanalisisperiodistico.com\/index.php\/wp-json\/wp\/v2\/tags?post=29820"}],"curies":[{"name":"wp","href":"https:\/\/api.w.org\/{rel}","templated":true}]}}