{"id":29813,"date":"2024-08-03T22:36:06","date_gmt":"2024-08-04T04:36:06","guid":{"rendered":"https:\/\/contextoanalisisperiodistico.com\/index.php\/2024\/08\/03\/ahora-es-tiempo-de-construir-un-mejor-futuro-para-nosotros-salomon-jara-cruz\/"},"modified":"2024-08-03T22:36:06","modified_gmt":"2024-08-04T04:36:06","slug":"ahora-es-tiempo-de-construir-un-mejor-futuro-para-nosotros-salomon-jara-cruz","status":"publish","type":"post","link":"https:\/\/contextoanalisisperiodistico.com\/index.php\/2024\/08\/03\/ahora-es-tiempo-de-construir-un-mejor-futuro-para-nosotros-salomon-jara-cruz\/","title":{"rendered":"Ahora es tiempo de construir un mejor futuro para nosotros: Salom\u00f3n Jara Cruz"},"content":{"rendered":"<div id=\"fb-root\"><\/div>\n\n<p>\u2022 El Gobernador de Oaxaca anunci\u00f3 diversos apoyos encaminados a resarcir los a\u00f1os de abandono de San Juan del R\u00edo<br \/>San Juan del R\u00edo, Oax. 3 de agosto de 2024. \u201cNuestro destino no es la pobreza, ahora es tiempo de construir un mejor futuro para nosotros\u201d, expres\u00f3 el Gobernador Salom\u00f3n Jara Cruz ante las y los habitantes de este municipio de los Valles Centrales al que arrib\u00f3 como parte de su gira de trabajo para impulsar el desarrollo mediante la estrategia Trabajo que Transforma tu Municipio.<\/p>\n\n\n\n<figure class=\"wp-block-image size-large\"><img fetchpriority=\"high\" decoding=\"async\" width=\"800\" height=\"533\" src=\"https:\/\/contextoanalisisperiodistico.com\/wp-content\/uploads\/2024\/08\/img-20240803-wa00505054802007396524357.jpg\" alt=\"\" class=\"wp-image-29810\" srcset=\"https:\/\/contextoanalisisperiodistico.com\/wp-content\/uploads\/2024\/08\/img-20240803-wa00505054802007396524357.jpg 800w, https:\/\/contextoanalisisperiodistico.com\/wp-content\/uploads\/2024\/08\/img-20240803-wa00505054802007396524357-300x200.jpg 300w, https:\/\/contextoanalisisperiodistico.com\/wp-content\/uploads\/2024\/08\/img-20240803-wa00505054802007396524357-768x512.jpg 768w\" sizes=\"(max-width: 800px) 100vw, 800px\" \/><\/figure>\n\n\n\n<figure class=\"wp-block-image\"><img decoding=\"async\" width=\"300\" height=\"186\" src=\"https:\/\/contextoanalisisperiodistico.com\/wp-content\/uploads\/2024\/08\/img-20240803-wa00513071090198255399253-300x186.jpg\" alt=\"\" class=\"wp-image-29811\" srcset=\"https:\/\/contextoanalisisperiodistico.com\/wp-content\/uploads\/2024\/08\/img-20240803-wa00513071090198255399253-300x186.jpg 300w, https:\/\/contextoanalisisperiodistico.com\/wp-content\/uploads\/2024\/08\/img-20240803-wa00513071090198255399253-768x476.jpg 768w, https:\/\/contextoanalisisperiodistico.com\/wp-content\/uploads\/2024\/08\/img-20240803-wa00513071090198255399253.jpg 800w\" sizes=\"(max-width: 300px) 100vw, 300px\" \/><\/figure>\n\n\n\n<figure class=\"wp-block-image\"><img decoding=\"async\" width=\"300\" height=\"200\" src=\"https:\/\/contextoanalisisperiodistico.com\/wp-content\/uploads\/2024\/08\/img-20240803-wa00474507605624685937628-300x200.jpg\" alt=\"\" class=\"wp-image-29812\" srcset=\"https:\/\/contextoanalisisperiodistico.com\/wp-content\/uploads\/2024\/08\/img-20240803-wa00474507605624685937628-300x200.jpg 300w, https:\/\/contextoanalisisperiodistico.com\/wp-content\/uploads\/2024\/08\/img-20240803-wa00474507605624685937628-768x512.jpg 768w, https:\/\/contextoanalisisperiodistico.com\/wp-content\/uploads\/2024\/08\/img-20240803-wa00474507605624685937628.jpg 800w\" sizes=\"(max-width: 300px) 100vw, 300px\" \/><\/figure>\n\n\n\n<p>Aqu\u00ed, el Mandatario estatal refrend\u00f3 el compromiso de su gobierno para revertir a San Juan del R\u00edo del lugar n\u00famero 354 de pobreza en el que se encuentra a nivel estatal y del 769, a nivel nacional.<\/p>\n\n\n\n<p>De esta manera, para resarcir los a\u00f1os de abandono en el que se encuentra este municipio de los Valles Centrales, inform\u00f3 que mediante la Comisi\u00f3n Estatal del Agua para el Bienestar (Ceabien) se apoyar\u00e1 la solicitud de instalaci\u00f3n de bebederos de agua potable en las escuelas.<\/p>\n\n\n\n<p>Asimismo, mediante el Instituto Estatal de Educaci\u00f3n P\u00fablica de Oaxaca (IEEPO) se apoyar\u00e1n a las tres instituciones educativas del lugar con lotes de mobiliarios, pizarrones, computadoras, impresoras, proyectores, material de oficina, deportivo y de aseo, con un monto de 720 mil pesos.<\/p>\n\n\n\n<p>En este encuentro, el Sistema Estatal para el Desarrollo Integral de la Familia (DIF) Oaxaca dio a conocer que por segundo a\u00f1o consecutivo se seguir\u00e1 apoyando a la poblaci\u00f3n con el programa de Guisos de mi Pueblo, antes Comedores Populares, mediante el cual se destina 244 mil 573 pesos en apoyo a las personas que m\u00e1s lo necesitan.<\/p>\n\n\n\n<p>Mediante la Secretar\u00eda de las Infraestructuras y Comunicaciones se apoyar\u00e1 en la revisi\u00f3n del proyecto de instalaci\u00f3n del sistema de red el\u00e9ctrica y la construcci\u00f3n de un puente en la localidad.<\/p>\n\n\n\n<p>El Secretariado Ejecutivo del Sistema Estatal de Seguridad P\u00fablica (Sesesp) inform\u00f3 las capacitaciones y el proceso de certificaci\u00f3n de los polic\u00edas que pueden realizar a trav\u00e9s de la dependencia para reforzar la seguridad.<\/p>\n\n\n\n<p>De igual manera, se refrend\u00f3 el compromiso con las y los productores del mezcal para apoyarlos a trav\u00e9s de las secretar\u00edas de Fomento Agroalimentario y Desarrollo Rural (Sefader) y de Desarrollo Econ\u00f3mico (Sedeco).<br \/>-0-<\/p>\n","protected":false},"excerpt":{"rendered":"<p>\u2022 El Gobernador de Oaxaca anunci\u00f3 diversos apoyos encaminados a resarcir los a\u00f1os de abandono&#8230;<\/p>\n","protected":false},"author":4,"featured_media":29809,"comment_status":"","ping_status":"open","sticky":false,"template":"","format":"standard","meta":{"footnotes":""},"categories":[9],"tags":[],"jetpack_sharing_enabled":true,"featured_image_urls":{"full":["https:\/\/contextoanalisisperiodistico.com\/wp-content\/uploads\/2024\/08\/IMG-20240803-WA0046.jpg",800,533,false],"thumbnail":["https:\/\/contextoanalisisperiodistico.com\/wp-content\/uploads\/2024\/08\/IMG-20240803-WA0046-150x150.jpg",150,150,true],"medium":["https:\/\/contextoanalisisperiodistico.com\/wp-content\/uploads\/2024\/08\/IMG-20240803-WA0046-300x200.jpg",300,200,true],"medium_large":["https:\/\/contextoanalisisperiodistico.com\/wp-content\/uploads\/2024\/08\/IMG-20240803-WA0046-768x512.jpg",640,427,true],"large":["https:\/\/contextoanalisisperiodistico.com\/wp-content\/uploads\/2024\/08\/IMG-20240803-WA0046.jpg",640,426,false],"1536x1536":["https:\/\/contextoanalisisperiodistico.com\/wp-content\/uploads\/2024\/08\/IMG-20240803-WA0046.jpg",800,533,false],"2048x2048":["https:\/\/contextoanalisisperiodistico.com\/wp-content\/uploads\/2024\/08\/IMG-20240803-WA0046.jpg",800,533,false],"covernews-slider-full":["https:\/\/contextoanalisisperiodistico.com\/wp-content\/uploads\/2024\/08\/IMG-20240803-WA0046.jpg",800,533,false],"covernews-slider-center":["https:\/\/contextoanalisisperiodistico.com\/wp-content\/uploads\/2024\/08\/IMG-20240803-WA0046-800x500.jpg",800,500,true],"covernews-featured":["https:\/\/contextoanalisisperiodistico.com\/wp-content\/uploads\/2024\/08\/IMG-20240803-WA0046.jpg",800,533,false],"covernews-medium":["https:\/\/contextoanalisisperiodistico.com\/wp-content\/uploads\/2024\/08\/IMG-20240803-WA0046-540x340.jpg",540,340,true],"covernews-medium-square":["https:\/\/contextoanalisisperiodistico.com\/wp-content\/uploads\/2024\/08\/IMG-20240803-WA0046-400x250.jpg",400,250,true]},"author_info":{"display_name":"Mario Gir\u00f3n","author_link":"https:\/\/contextoanalisisperiodistico.com\/index.php\/author\/director\/"},"category_info":"<a href=\"https:\/\/contextoanalisisperiodistico.com\/index.php\/category\/politica\/\" rel=\"category tag\">Pol\u00edtica<\/a>","tag_info":"Pol\u00edtica","comment_count":"0","jetpack_featured_media_url":"https:\/\/contextoanalisisperiodistico.com\/wp-content\/uploads\/2024\/08\/IMG-20240803-WA0046.jpg","_links":{"self":[{"href":"https:\/\/contextoanalisisperiodistico.com\/index.php\/wp-json\/wp\/v2\/posts\/29813"}],"collection":[{"href":"https:\/\/contextoanalisisperiodistico.com\/index.php\/wp-json\/wp\/v2\/posts"}],"about":[{"href":"https:\/\/contextoanalisisperiodistico.com\/index.php\/wp-json\/wp\/v2\/types\/post"}],"author":[{"embeddable":true,"href":"https:\/\/contextoanalisisperiodistico.com\/index.php\/wp-json\/wp\/v2\/users\/4"}],"replies":[{"embeddable":true,"href":"https:\/\/contextoanalisisperiodistico.com\/index.php\/wp-json\/wp\/v2\/comments?post=29813"}],"version-history":[{"count":0,"href":"https:\/\/contextoanalisisperiodistico.com\/index.php\/wp-json\/wp\/v2\/posts\/29813\/revisions"}],"wp:featuredmedia":[{"embeddable":true,"href":"https:\/\/contextoanalisisperiodistico.com\/index.php\/wp-json\/wp\/v2\/media\/29809"}],"wp:attachment":[{"href":"https:\/\/contextoanalisisperiodistico.com\/index.php\/wp-json\/wp\/v2\/media?parent=29813"}],"wp:term":[{"taxonomy":"category","embeddable":true,"href":"https:\/\/contextoanalisisperiodistico.com\/index.php\/wp-json\/wp\/v2\/categories?post=29813"},{"taxonomy":"post_tag","embeddable":true,"href":"https:\/\/contextoanalisisperiodistico.com\/index.php\/wp-json\/wp\/v2\/tags?post=29813"}],"curies":[{"name":"wp","href":"https:\/\/api.w.org\/{rel}","templated":true}]}}