{"id":29808,"date":"2024-08-03T14:00:11","date_gmt":"2024-08-03T20:00:11","guid":{"rendered":"https:\/\/contextoanalisisperiodistico.com\/index.php\/2024\/08\/03\/convoca-salomon-jara-a-gobernar-con-planeacion-y-transparencia-a-las-autoridades-electas\/"},"modified":"2024-08-03T14:00:11","modified_gmt":"2024-08-03T20:00:11","slug":"convoca-salomon-jara-a-gobernar-con-planeacion-y-transparencia-a-las-autoridades-electas","status":"publish","type":"post","link":"https:\/\/contextoanalisisperiodistico.com\/index.php\/2024\/08\/03\/convoca-salomon-jara-a-gobernar-con-planeacion-y-transparencia-a-las-autoridades-electas\/","title":{"rendered":"Convoca Salom\u00f3n Jara a\u00a0 gobernar con planeaci\u00f3n y transparencia a las&nbsp; autoridades electas"},"content":{"rendered":"<div id=\"fb-root\"><\/div>\n\n<p>\u2022 El Gobernador de Oaxaca inaugur\u00f3 el curso de Capacitaci\u00f3n a Autoridades Municipales Electas por Sistemas Normativos Ind\u00edgenas que entrar\u00e1n en funciones el 1 de enero de 2025<\/p>\n\n\n\n<p>Santa Luc\u00eda del Camino, Oax. 3 de agosto de 2024.- El Gobernador Salom\u00f3n Jara Cruz convoc\u00f3 a las nuevas autoridades electas que entrar\u00e1n en funciones este 1 de enero de 2025, a gobernar con planeaci\u00f3n, orientar los recursos en obras que contribuyan al desarrollo de sus municipios, de forma transparente y que no obedezcan a caprichos de unos cuantos.<\/p>\n\n\n\n<p>\u201cTenemos que trabajar por el desarrollo de nuestros municipios\u201d, afirm\u00f3 al inaugurar el curso de Capacitaci\u00f3n a Autoridades Municipales Electas por Sistemas Normativos Ind\u00edgenas, que tiene como objetivo dotarles de las herramientas necesarias para el desempe\u00f1o de sus funciones.<\/p>\n\n\n\n<p>En este encuentro celebrado en el Centro Cultural y de Convenciones de Oaxaca (CCCO), el Mandatario estatal asever\u00f3 que para salir de los \u00faltimos lugares de desarrollo en los que la entidad ha sido calificada por el Consejo Nacional de Evaluaci\u00f3n de la Pol\u00edtica de Desarrollo Social (Coneval), requiere de las autoridades municipales para avanzar y tener un crecimiento ordenado que beneficie a todos sus habitantes.<\/p>\n\n\n\n<p>\u201cHay que gobernar bajo las necesidades del pueblo y trabajar con las comunidades, por eso este gobierno recorre los municipios de Oaxaca y entrega apoyos mediante las estrategias Trabajo que Transforma tu Municipio y 100 Municipios Territorios Bienestar\u201d, se\u00f1al\u00f3.<\/p>\n\n\n\n<p>Esta capacitaci\u00f3n dirigida a las mil 250 autoridades de 152 municipios, tendr\u00e1 una duraci\u00f3n de 88 horas para realizarse los d\u00edas s\u00e1bados, durante 5 meses, a fin de que puedan recibir la asesor\u00eda necesaria para realizar su Plan Municipal de Desarrollo y conocer los procesos administrativos que deben realizar para la gesti\u00f3n de recursos, los tengan asignados en tiempo y forma, y lo ejerzan de manera honesta y transparente.<\/p>\n\n\n\n<p>Este curso ser\u00e1 impartido por personal de las secretar\u00edas de Gobierno (Sego), de Finanzas (Sefin), de Honestidad, Transparencia y Funci\u00f3n P\u00fablica, de los Servicios de Salud de Oaxaca (SSO); as\u00ed como de la Consejer\u00eda Jur\u00eddica y del Instituto de Planeaci\u00f3n para el Bienestar (Inplan).<\/p>\n\n\n\n<p>Para garantizar la seguridad en el territorio oaxaque\u00f1o, en esta capacitaci\u00f3n tambi\u00e9n participa la Secretar\u00eda de la Defensa Nacional (Sedena) para generar una mayor coordinaci\u00f3n con los municipios que permita a Oaxaca continuar dentro de los 10 estados m\u00e1s seguros del pa\u00eds.<\/p>\n\n\n\n<p>De esta manera, Jara Cruz reiter\u00f3 el apoyo del Gobierno de la Primavera Oaxaque\u00f1a para trabajar de la mano con las autoridades municipales, cercano a la gente.<\/p>\n\n\n\n<p>-0-<\/p>\n\n\n\n<figure class=\"wp-block-image size-large\"><img fetchpriority=\"high\" decoding=\"async\" width=\"1024\" height=\"683\" src=\"https:\/\/contextoanalisisperiodistico.com\/wp-content\/uploads\/2024\/08\/img-20240803-wa00247015377044896975285-1024x683.jpg\" alt=\"\" class=\"wp-image-29804\" srcset=\"https:\/\/contextoanalisisperiodistico.com\/wp-content\/uploads\/2024\/08\/img-20240803-wa00247015377044896975285-1024x683.jpg 1024w, https:\/\/contextoanalisisperiodistico.com\/wp-content\/uploads\/2024\/08\/img-20240803-wa00247015377044896975285-300x200.jpg 300w, https:\/\/contextoanalisisperiodistico.com\/wp-content\/uploads\/2024\/08\/img-20240803-wa00247015377044896975285-768x512.jpg 768w, https:\/\/contextoanalisisperiodistico.com\/wp-content\/uploads\/2024\/08\/img-20240803-wa00247015377044896975285-1536x1024.jpg 1536w, https:\/\/contextoanalisisperiodistico.com\/wp-content\/uploads\/2024\/08\/img-20240803-wa00247015377044896975285.jpg 1600w\" sizes=\"(max-width: 1024px) 100vw, 1024px\" \/><\/figure>\n\n\n\n<figure class=\"wp-block-image\"><img decoding=\"async\" width=\"1024\" height=\"683\" src=\"https:\/\/contextoanalisisperiodistico.com\/wp-content\/uploads\/2024\/08\/img-20240803-wa00258024345756903392697-1024x683.jpg\" alt=\"\" class=\"wp-image-29806\" srcset=\"https:\/\/contextoanalisisperiodistico.com\/wp-content\/uploads\/2024\/08\/img-20240803-wa00258024345756903392697-1024x683.jpg 1024w, https:\/\/contextoanalisisperiodistico.com\/wp-content\/uploads\/2024\/08\/img-20240803-wa00258024345756903392697-300x200.jpg 300w, https:\/\/contextoanalisisperiodistico.com\/wp-content\/uploads\/2024\/08\/img-20240803-wa00258024345756903392697-768x512.jpg 768w, https:\/\/contextoanalisisperiodistico.com\/wp-content\/uploads\/2024\/08\/img-20240803-wa00258024345756903392697-1536x1024.jpg 1536w, https:\/\/contextoanalisisperiodistico.com\/wp-content\/uploads\/2024\/08\/img-20240803-wa00258024345756903392697.jpg 1600w\" sizes=\"(max-width: 1024px) 100vw, 1024px\" \/><\/figure>\n\n\n\n<figure class=\"wp-block-image\"><img decoding=\"async\" width=\"1024\" height=\"683\" src=\"https:\/\/contextoanalisisperiodistico.com\/wp-content\/uploads\/2024\/08\/img-20240803-wa00228084083459394365482-1024x683.jpg\" alt=\"\" class=\"wp-image-29807\" srcset=\"https:\/\/contextoanalisisperiodistico.com\/wp-content\/uploads\/2024\/08\/img-20240803-wa00228084083459394365482-1024x683.jpg 1024w, https:\/\/contextoanalisisperiodistico.com\/wp-content\/uploads\/2024\/08\/img-20240803-wa00228084083459394365482-300x200.jpg 300w, https:\/\/contextoanalisisperiodistico.com\/wp-content\/uploads\/2024\/08\/img-20240803-wa00228084083459394365482-768x512.jpg 768w, https:\/\/contextoanalisisperiodistico.com\/wp-content\/uploads\/2024\/08\/img-20240803-wa00228084083459394365482-1536x1024.jpg 1536w, https:\/\/contextoanalisisperiodistico.com\/wp-content\/uploads\/2024\/08\/img-20240803-wa00228084083459394365482.jpg 1600w\" sizes=\"(max-width: 1024px) 100vw, 1024px\" \/><\/figure>\n\n\n\n<figure class=\"wp-block-image\"><img loading=\"lazy\" decoding=\"async\" width=\"1024\" height=\"683\" src=\"https:\/\/contextoanalisisperiodistico.com\/wp-content\/uploads\/2024\/08\/img-20240803-wa00235126023722842118838-1024x683.jpg\" alt=\"\" class=\"wp-image-29805\" srcset=\"https:\/\/contextoanalisisperiodistico.com\/wp-content\/uploads\/2024\/08\/img-20240803-wa00235126023722842118838-1024x683.jpg 1024w, https:\/\/contextoanalisisperiodistico.com\/wp-content\/uploads\/2024\/08\/img-20240803-wa00235126023722842118838-300x200.jpg 300w, https:\/\/contextoanalisisperiodistico.com\/wp-content\/uploads\/2024\/08\/img-20240803-wa00235126023722842118838-768x512.jpg 768w, https:\/\/contextoanalisisperiodistico.com\/wp-content\/uploads\/2024\/08\/img-20240803-wa00235126023722842118838-1536x1024.jpg 1536w, https:\/\/contextoanalisisperiodistico.com\/wp-content\/uploads\/2024\/08\/img-20240803-wa00235126023722842118838.jpg 1600w\" sizes=\"(max-width: 1024px) 100vw, 1024px\" \/><\/figure>\n","protected":false},"excerpt":{"rendered":"<p>\u2022 El Gobernador de Oaxaca inaugur\u00f3 el curso de Capacitaci\u00f3n a Autoridades Municipales Electas por&#8230;<\/p>\n","protected":false},"author":4,"featured_media":29803,"comment_status":"","ping_status":"open","sticky":false,"template":"","format":"standard","meta":{"footnotes":""},"categories":[9],"tags":[],"jetpack_sharing_enabled":true,"featured_image_urls":{"full":["https:\/\/contextoanalisisperiodistico.com\/wp-content\/uploads\/2024\/08\/IMG-20240803-WA0026.jpg",1600,1067,false],"thumbnail":["https:\/\/contextoanalisisperiodistico.com\/wp-content\/uploads\/2024\/08\/IMG-20240803-WA0026-150x150.jpg",150,150,true],"medium":["https:\/\/contextoanalisisperiodistico.com\/wp-content\/uploads\/2024\/08\/IMG-20240803-WA0026-300x200.jpg",300,200,true],"medium_large":["https:\/\/contextoanalisisperiodistico.com\/wp-content\/uploads\/2024\/08\/IMG-20240803-WA0026-768x512.jpg",640,427,true],"large":["https:\/\/contextoanalisisperiodistico.com\/wp-content\/uploads\/2024\/08\/IMG-20240803-WA0026-1024x683.jpg",640,427,true],"1536x1536":["https:\/\/contextoanalisisperiodistico.com\/wp-content\/uploads\/2024\/08\/IMG-20240803-WA0026-1536x1024.jpg",1536,1024,true],"2048x2048":["https:\/\/contextoanalisisperiodistico.com\/wp-content\/uploads\/2024\/08\/IMG-20240803-WA0026.jpg",1600,1067,false],"covernews-slider-full":["https:\/\/contextoanalisisperiodistico.com\/wp-content\/uploads\/2024\/08\/IMG-20240803-WA0026-1115x715.jpg",1115,715,true],"covernews-slider-center":["https:\/\/contextoanalisisperiodistico.com\/wp-content\/uploads\/2024\/08\/IMG-20240803-WA0026-800x500.jpg",800,500,true],"covernews-featured":["https:\/\/contextoanalisisperiodistico.com\/wp-content\/uploads\/2024\/08\/IMG-20240803-WA0026-1024x683.jpg",1024,683,true],"covernews-medium":["https:\/\/contextoanalisisperiodistico.com\/wp-content\/uploads\/2024\/08\/IMG-20240803-WA0026-540x340.jpg",540,340,true],"covernews-medium-square":["https:\/\/contextoanalisisperiodistico.com\/wp-content\/uploads\/2024\/08\/IMG-20240803-WA0026-400x250.jpg",400,250,true]},"author_info":{"display_name":"Mario Gir\u00f3n","author_link":"https:\/\/contextoanalisisperiodistico.com\/index.php\/author\/director\/"},"category_info":"<a href=\"https:\/\/contextoanalisisperiodistico.com\/index.php\/category\/politica\/\" rel=\"category tag\">Pol\u00edtica<\/a>","tag_info":"Pol\u00edtica","comment_count":"0","jetpack_featured_media_url":"https:\/\/contextoanalisisperiodistico.com\/wp-content\/uploads\/2024\/08\/IMG-20240803-WA0026.jpg","_links":{"self":[{"href":"https:\/\/contextoanalisisperiodistico.com\/index.php\/wp-json\/wp\/v2\/posts\/29808"}],"collection":[{"href":"https:\/\/contextoanalisisperiodistico.com\/index.php\/wp-json\/wp\/v2\/posts"}],"about":[{"href":"https:\/\/contextoanalisisperiodistico.com\/index.php\/wp-json\/wp\/v2\/types\/post"}],"author":[{"embeddable":true,"href":"https:\/\/contextoanalisisperiodistico.com\/index.php\/wp-json\/wp\/v2\/users\/4"}],"replies":[{"embeddable":true,"href":"https:\/\/contextoanalisisperiodistico.com\/index.php\/wp-json\/wp\/v2\/comments?post=29808"}],"version-history":[{"count":0,"href":"https:\/\/contextoanalisisperiodistico.com\/index.php\/wp-json\/wp\/v2\/posts\/29808\/revisions"}],"wp:featuredmedia":[{"embeddable":true,"href":"https:\/\/contextoanalisisperiodistico.com\/index.php\/wp-json\/wp\/v2\/media\/29803"}],"wp:attachment":[{"href":"https:\/\/contextoanalisisperiodistico.com\/index.php\/wp-json\/wp\/v2\/media?parent=29808"}],"wp:term":[{"taxonomy":"category","embeddable":true,"href":"https:\/\/contextoanalisisperiodistico.com\/index.php\/wp-json\/wp\/v2\/categories?post=29808"},{"taxonomy":"post_tag","embeddable":true,"href":"https:\/\/contextoanalisisperiodistico.com\/index.php\/wp-json\/wp\/v2\/tags?post=29808"}],"curies":[{"name":"wp","href":"https:\/\/api.w.org\/{rel}","templated":true}]}}