{"id":29798,"date":"2024-08-03T10:18:13","date_gmt":"2024-08-03T16:18:13","guid":{"rendered":"https:\/\/contextoanalisisperiodistico.com\/index.php\/2024\/08\/03\/implementa-semovi-y-citybus-oaxaca-transporte-gratuito-para-el-festival-vera-ninez\/"},"modified":"2024-08-03T10:18:13","modified_gmt":"2024-08-03T16:18:13","slug":"implementa-semovi-y-citybus-oaxaca-transporte-gratuito-para-el-festival-vera-ninez","status":"publish","type":"post","link":"https:\/\/contextoanalisisperiodistico.com\/index.php\/2024\/08\/03\/implementa-semovi-y-citybus-oaxaca-transporte-gratuito-para-el-festival-vera-ninez\/","title":{"rendered":"Implementa Semovi y CityBus Oaxaca transporte gratuito para el Festival Vera Ni\u00f1ez"},"content":{"rendered":"<div id=\"fb-root\"><\/div>\n\n<p>\u2022 Del 1 al 25 de agosto, ni\u00f1as y ni\u00f1os, junto con sus familias, podr\u00e1n asistir a las actividades organizadas en el Parque Ciudad de las Canteras<\/p>\n\n\n\n<p>San Antonio de la Cal, Oax. 3 de agosto de 2024. Con motivo del Festival Vera Ni\u00f1ez que impulsa el Gobierno del Estado a trav\u00e9s del Sistema DIF Oaxaca en el Parque Ciudad de las Canteras, la Secretar\u00eda de Movilidad (Semovi) dio a conocer que del 1 al 25 de agosto se implementar\u00e1 una ruta gratuita para que las y los ni\u00f1os, acompa\u00f1ados de sus familias puedan acudir a este espacio.<\/p>\n\n\n\n<p>La titular de la Semovi, Claudina De Gyves Mendoza expres\u00f3 que en un trabajo coordinado con el CityBus Oaxaca se habilitar\u00e1n tres unidades para otorgar, en un horario de 10:00 a 17:00 horas, el servicio de transporte gratuito hacia este espacio ubicado en la agencia Santa Mar\u00eda Ixcotel, del municipio de Santa Luc\u00eda del Camino.<\/p>\n\n\n\n<p>La ruta cuenta con 7 puntos para ascenso y descenso de personas pasajeras. La salida y llegada es el Parque Ciudad de las Canteras, sobre la Carretera Federal 190.<\/p>\n\n\n\n<p>El recorrido incluye paradas en el Centro Cultural y de Convenciones de Oaxaca (CCCO); el Parque A. Galeana, sobre avenida Jos\u00e9 Mar\u00eda Morelos, y continuar\u00e1 por la calle Pino Su\u00e1rez. Adem\u00e1s, pasar\u00e1n por la terminal de autobuses ADO y el Estadio de B\u00e9isbol Eduardo Vasconcelos.<\/p>\n\n\n\n<p>De Gyves Mendoza resalt\u00f3 la importancia de sumarse a estas actividades l\u00fadicas que promueven la convivencia familiar y el desarrollo integral de las infancias, por lo que invit\u00f3 a las familias oaxaque\u00f1as asistir a este Festival que con diversos talleres promueve el bienestar y desarrollo de las infancias.<\/p>\n\n\n\n<p>-0-<\/p>\n\n\n\n<figure class=\"wp-block-image size-large\"><img fetchpriority=\"high\" decoding=\"async\" width=\"900\" height=\"598\" src=\"https:\/\/contextoanalisisperiodistico.com\/wp-content\/uploads\/2024\/08\/img-20240803-wa00077565510795084478902.jpg\" alt=\"\" class=\"wp-image-29797\" srcset=\"https:\/\/contextoanalisisperiodistico.com\/wp-content\/uploads\/2024\/08\/img-20240803-wa00077565510795084478902.jpg 900w, https:\/\/contextoanalisisperiodistico.com\/wp-content\/uploads\/2024\/08\/img-20240803-wa00077565510795084478902-300x199.jpg 300w, https:\/\/contextoanalisisperiodistico.com\/wp-content\/uploads\/2024\/08\/img-20240803-wa00077565510795084478902-768x510.jpg 768w\" sizes=\"(max-width: 900px) 100vw, 900px\" \/><\/figure>\n","protected":false},"excerpt":{"rendered":"<p>\u2022 Del 1 al 25 de agosto, ni\u00f1as y ni\u00f1os, junto con sus familias, podr\u00e1n&#8230;<\/p>\n","protected":false},"author":4,"featured_media":29796,"comment_status":"","ping_status":"open","sticky":false,"template":"","format":"standard","meta":{"footnotes":""},"categories":[3],"tags":[],"jetpack_sharing_enabled":true,"featured_image_urls":{"full":["https:\/\/contextoanalisisperiodistico.com\/wp-content\/uploads\/2024\/08\/IMG-20240803-WA0008.jpg",800,532,false],"thumbnail":["https:\/\/contextoanalisisperiodistico.com\/wp-content\/uploads\/2024\/08\/IMG-20240803-WA0008-150x150.jpg",150,150,true],"medium":["https:\/\/contextoanalisisperiodistico.com\/wp-content\/uploads\/2024\/08\/IMG-20240803-WA0008-300x200.jpg",300,200,true],"medium_large":["https:\/\/contextoanalisisperiodistico.com\/wp-content\/uploads\/2024\/08\/IMG-20240803-WA0008-768x511.jpg",640,426,true],"large":["https:\/\/contextoanalisisperiodistico.com\/wp-content\/uploads\/2024\/08\/IMG-20240803-WA0008.jpg",640,426,false],"1536x1536":["https:\/\/contextoanalisisperiodistico.com\/wp-content\/uploads\/2024\/08\/IMG-20240803-WA0008.jpg",800,532,false],"2048x2048":["https:\/\/contextoanalisisperiodistico.com\/wp-content\/uploads\/2024\/08\/IMG-20240803-WA0008.jpg",800,532,false],"covernews-slider-full":["https:\/\/contextoanalisisperiodistico.com\/wp-content\/uploads\/2024\/08\/IMG-20240803-WA0008.jpg",800,532,false],"covernews-slider-center":["https:\/\/contextoanalisisperiodistico.com\/wp-content\/uploads\/2024\/08\/IMG-20240803-WA0008-800x500.jpg",800,500,true],"covernews-featured":["https:\/\/contextoanalisisperiodistico.com\/wp-content\/uploads\/2024\/08\/IMG-20240803-WA0008.jpg",800,532,false],"covernews-medium":["https:\/\/contextoanalisisperiodistico.com\/wp-content\/uploads\/2024\/08\/IMG-20240803-WA0008-540x340.jpg",540,340,true],"covernews-medium-square":["https:\/\/contextoanalisisperiodistico.com\/wp-content\/uploads\/2024\/08\/IMG-20240803-WA0008-400x250.jpg",400,250,true]},"author_info":{"display_name":"Mario Gir\u00f3n","author_link":"https:\/\/contextoanalisisperiodistico.com\/index.php\/author\/director\/"},"category_info":"<a href=\"https:\/\/contextoanalisisperiodistico.com\/index.php\/category\/ciudad\/\" rel=\"category tag\">Ciudad<\/a>","tag_info":"Ciudad","comment_count":"0","jetpack_featured_media_url":"https:\/\/contextoanalisisperiodistico.com\/wp-content\/uploads\/2024\/08\/IMG-20240803-WA0008.jpg","_links":{"self":[{"href":"https:\/\/contextoanalisisperiodistico.com\/index.php\/wp-json\/wp\/v2\/posts\/29798"}],"collection":[{"href":"https:\/\/contextoanalisisperiodistico.com\/index.php\/wp-json\/wp\/v2\/posts"}],"about":[{"href":"https:\/\/contextoanalisisperiodistico.com\/index.php\/wp-json\/wp\/v2\/types\/post"}],"author":[{"embeddable":true,"href":"https:\/\/contextoanalisisperiodistico.com\/index.php\/wp-json\/wp\/v2\/users\/4"}],"replies":[{"embeddable":true,"href":"https:\/\/contextoanalisisperiodistico.com\/index.php\/wp-json\/wp\/v2\/comments?post=29798"}],"version-history":[{"count":0,"href":"https:\/\/contextoanalisisperiodistico.com\/index.php\/wp-json\/wp\/v2\/posts\/29798\/revisions"}],"wp:featuredmedia":[{"embeddable":true,"href":"https:\/\/contextoanalisisperiodistico.com\/index.php\/wp-json\/wp\/v2\/media\/29796"}],"wp:attachment":[{"href":"https:\/\/contextoanalisisperiodistico.com\/index.php\/wp-json\/wp\/v2\/media?parent=29798"}],"wp:term":[{"taxonomy":"category","embeddable":true,"href":"https:\/\/contextoanalisisperiodistico.com\/index.php\/wp-json\/wp\/v2\/categories?post=29798"},{"taxonomy":"post_tag","embeddable":true,"href":"https:\/\/contextoanalisisperiodistico.com\/index.php\/wp-json\/wp\/v2\/tags?post=29798"}],"curies":[{"name":"wp","href":"https:\/\/api.w.org\/{rel}","templated":true}]}}