{"id":29795,"date":"2024-08-02T22:05:39","date_gmt":"2024-08-03T04:05:39","guid":{"rendered":"https:\/\/contextoanalisisperiodistico.com\/index.php\/2024\/08\/02\/celebra-segundo-aniversario-orquesta-sinfonica-y-coro-de-la-central-de-abasto\/"},"modified":"2024-08-02T22:05:39","modified_gmt":"2024-08-03T04:05:39","slug":"celebra-segundo-aniversario-orquesta-sinfonica-y-coro-de-la-central-de-abasto","status":"publish","type":"post","link":"https:\/\/contextoanalisisperiodistico.com\/index.php\/2024\/08\/02\/celebra-segundo-aniversario-orquesta-sinfonica-y-coro-de-la-central-de-abasto\/","title":{"rendered":"Celebra segundo aniversario Orquesta Sinf\u00f3nica y Coro de la Central de Abasto"},"content":{"rendered":"<div id=\"fb-root\"><\/div>\n\n<ul class=\"wp-block-list\">\n<li>Se cumple con el objetivo de integrar a m\u00e1s familias en entornos de sano desarrollo y de beneficio para las nuevas generaciones: DIF Municipal<\/li>\n<\/ul>\n\n\n\n<figure class=\"wp-block-image size-large\"><img fetchpriority=\"high\" decoding=\"async\" width=\"1024\" height=\"500\" src=\"https:\/\/contextoanalisisperiodistico.com\/wp-content\/uploads\/2024\/08\/fotoblt020820242758575634333081881-1024x500.jpg\" alt=\"\" class=\"wp-image-29794\" srcset=\"https:\/\/contextoanalisisperiodistico.com\/wp-content\/uploads\/2024\/08\/fotoblt020820242758575634333081881-1024x500.jpg 1024w, https:\/\/contextoanalisisperiodistico.com\/wp-content\/uploads\/2024\/08\/fotoblt020820242758575634333081881-300x147.jpg 300w, https:\/\/contextoanalisisperiodistico.com\/wp-content\/uploads\/2024\/08\/fotoblt020820242758575634333081881-768x375.jpg 768w, https:\/\/contextoanalisisperiodistico.com\/wp-content\/uploads\/2024\/08\/fotoblt020820242758575634333081881-1536x751.jpg 1536w, https:\/\/contextoanalisisperiodistico.com\/wp-content\/uploads\/2024\/08\/fotoblt020820242758575634333081881.jpg 1600w\" sizes=\"(max-width: 1024px) 100vw, 1024px\" \/><\/figure>\n\n\n\n<p>Oaxaca de Ju\u00e1rez, Oaxaca, a 2 de agosto de 2024.- El Presidente Municipal, Francisco Mart\u00ednez Neri, atestigu\u00f3 el concierto realizado en el marco del segundo aniversario de la creaci\u00f3n de la Orquesta Sinf\u00f3nica y Coro de la Central de Abasto con Esperanza Azteca, una iniciativa de la Presidenta Honoraria del Sistema DIF Municipal, Bernarda Gonz\u00e1lez Rivas.<\/p>\n\n\n\n<p>\u201cProyectos de esta naturaleza tienen que continuar necesariamente en beneficio de la gente y que la sociedad civil tiene que impulsarlos para que puedan concretarse en acciones de beneficio, no solamente en lo art\u00edstico, sino en la creaci\u00f3n de ciudadan\u00eda\u201d, se\u00f1al\u00f3 Mart\u00ednez Neri ante familias que se dieron cita en la Plaza \u201cLa Cruz de Piedra\u201d.<\/p>\n\n\n\n<p>Con la asistencia de padres y madres de familia que han procurado la m\u00fasica en sus hijos, el edil capitalino invit\u00f3 a ni\u00f1as, ni\u00f1os y adolescentes a seguir realizando actividades que coadyuven en la construcci\u00f3n de ciudadanas y ciudadanos de bien para servir en sociedad.<\/p>\n\n\n\n<p>\u201cHacer arte, es una de las actividades m\u00e1s importantes que deben impulsar los tres \u00f3rdenes de gobierno en toda la naci\u00f3n y como administraci\u00f3n municipal, eso estamos haciendo con ustedes\u201d, concluy\u00f3 el Primer Concejal con la asistencia de Bel\u00e9n Nolasco Legaspi, directora general del DIF Municipal de Oaxaca de Ju\u00e1rez.<\/p>\n\n\n\n<p>Por su parte, la Presidenta Honoraria del Sistema DIF Municipal, Bernarda Gonz\u00e1lez Rivas, resalt\u00f3 que, con la conformaci\u00f3n de la orquesta y la realizaci\u00f3n de estas actividades culturales, se cumple con el objetivo de integrar a m\u00e1s familias en entornos de sano desarrollo y de beneficio para las nuevas generaciones.<\/p>\n\n\n\n<p>\u201cEsta es una de las satisfacciones m\u00e1s grandes que me he llevado, este segundo aniversario de la orquesta result\u00f3 excelente; se les quiere mucho y con esto podemos decir que hemos cambiado rumbos de vida de nuevas y nuevos ciudadanos\u201d, subray\u00f3 Gonz\u00e1lez Rivas.<\/p>\n\n\n\n<p>Posterior al mensaje de bienvenida a cargo de la alumna, Eunice Ch\u00e1vez Velasco, la Orquesta Sinf\u00f3nica y Coro de la Central de Abasto con Esperanza Azteca, deleit\u00f3 a locales, nacionales y extranjeros con temas como: \u201cCarmina Burana\u201d de Carl Off, \u201cLa Bamba\u201d versi\u00f3n de Ritchie Valens, \u201cHuapango\u201d de Juan Pablo Moncayo, \u201cDios Nunca Muere\u201d de Macedonio Alcal\u00e1, entre otras.<\/p>\n\n\n\n<p>Al evento cultural asistieron funcionarios municipales y representantes vecinales de la zona de los Arquitos y Xochimilco y ciudadan\u00eda en general.<\/p>\n","protected":false},"excerpt":{"rendered":"<p>Oaxaca de Ju\u00e1rez, Oaxaca, a 2 de agosto de 2024.- El Presidente Municipal, Francisco Mart\u00ednez&#8230;<\/p>\n","protected":false},"author":4,"featured_media":29793,"comment_status":"","ping_status":"open","sticky":false,"template":"","format":"standard","meta":{"footnotes":""},"categories":[9],"tags":[],"jetpack_sharing_enabled":true,"featured_image_urls":{"full":["https:\/\/contextoanalisisperiodistico.com\/wp-content\/uploads\/2024\/08\/FOTOBLT020824.jpg",1552,764,false],"thumbnail":["https:\/\/contextoanalisisperiodistico.com\/wp-content\/uploads\/2024\/08\/FOTOBLT020824-150x150.jpg",150,150,true],"medium":["https:\/\/contextoanalisisperiodistico.com\/wp-content\/uploads\/2024\/08\/FOTOBLT020824-300x148.jpg",300,148,true],"medium_large":["https:\/\/contextoanalisisperiodistico.com\/wp-content\/uploads\/2024\/08\/FOTOBLT020824-768x378.jpg",640,315,true],"large":["https:\/\/contextoanalisisperiodistico.com\/wp-content\/uploads\/2024\/08\/FOTOBLT020824-1024x504.jpg",640,315,true],"1536x1536":["https:\/\/contextoanalisisperiodistico.com\/wp-content\/uploads\/2024\/08\/FOTOBLT020824-1536x756.jpg",1536,756,true],"2048x2048":["https:\/\/contextoanalisisperiodistico.com\/wp-content\/uploads\/2024\/08\/FOTOBLT020824.jpg",1552,764,false],"covernews-slider-full":["https:\/\/contextoanalisisperiodistico.com\/wp-content\/uploads\/2024\/08\/FOTOBLT020824-1115x715.jpg",1115,715,true],"covernews-slider-center":["https:\/\/contextoanalisisperiodistico.com\/wp-content\/uploads\/2024\/08\/FOTOBLT020824-800x500.jpg",800,500,true],"covernews-featured":["https:\/\/contextoanalisisperiodistico.com\/wp-content\/uploads\/2024\/08\/FOTOBLT020824-1024x504.jpg",1024,504,true],"covernews-medium":["https:\/\/contextoanalisisperiodistico.com\/wp-content\/uploads\/2024\/08\/FOTOBLT020824-540x340.jpg",540,340,true],"covernews-medium-square":["https:\/\/contextoanalisisperiodistico.com\/wp-content\/uploads\/2024\/08\/FOTOBLT020824-400x250.jpg",400,250,true]},"author_info":{"display_name":"Mario Gir\u00f3n","author_link":"https:\/\/contextoanalisisperiodistico.com\/index.php\/author\/director\/"},"category_info":"<a href=\"https:\/\/contextoanalisisperiodistico.com\/index.php\/category\/politica\/\" rel=\"category tag\">Pol\u00edtica<\/a>","tag_info":"Pol\u00edtica","comment_count":"0","jetpack_featured_media_url":"https:\/\/contextoanalisisperiodistico.com\/wp-content\/uploads\/2024\/08\/FOTOBLT020824.jpg","_links":{"self":[{"href":"https:\/\/contextoanalisisperiodistico.com\/index.php\/wp-json\/wp\/v2\/posts\/29795"}],"collection":[{"href":"https:\/\/contextoanalisisperiodistico.com\/index.php\/wp-json\/wp\/v2\/posts"}],"about":[{"href":"https:\/\/contextoanalisisperiodistico.com\/index.php\/wp-json\/wp\/v2\/types\/post"}],"author":[{"embeddable":true,"href":"https:\/\/contextoanalisisperiodistico.com\/index.php\/wp-json\/wp\/v2\/users\/4"}],"replies":[{"embeddable":true,"href":"https:\/\/contextoanalisisperiodistico.com\/index.php\/wp-json\/wp\/v2\/comments?post=29795"}],"version-history":[{"count":0,"href":"https:\/\/contextoanalisisperiodistico.com\/index.php\/wp-json\/wp\/v2\/posts\/29795\/revisions"}],"wp:featuredmedia":[{"embeddable":true,"href":"https:\/\/contextoanalisisperiodistico.com\/index.php\/wp-json\/wp\/v2\/media\/29793"}],"wp:attachment":[{"href":"https:\/\/contextoanalisisperiodistico.com\/index.php\/wp-json\/wp\/v2\/media?parent=29795"}],"wp:term":[{"taxonomy":"category","embeddable":true,"href":"https:\/\/contextoanalisisperiodistico.com\/index.php\/wp-json\/wp\/v2\/categories?post=29795"},{"taxonomy":"post_tag","embeddable":true,"href":"https:\/\/contextoanalisisperiodistico.com\/index.php\/wp-json\/wp\/v2\/tags?post=29795"}],"curies":[{"name":"wp","href":"https:\/\/api.w.org\/{rel}","templated":true}]}}