{"id":29747,"date":"2024-08-02T10:54:30","date_gmt":"2024-08-02T16:54:30","guid":{"rendered":"https:\/\/contextoanalisisperiodistico.com\/index.php\/2024\/08\/02\/con-cerca-de-5-mil-registros-concluye-segunda-convocatoria-del-programa-mi-primera-chamba\/"},"modified":"2024-08-02T10:54:30","modified_gmt":"2024-08-02T16:54:30","slug":"con-cerca-de-5-mil-registros-concluye-segunda-convocatoria-del-programa-mi-primera-chamba","status":"publish","type":"post","link":"https:\/\/contextoanalisisperiodistico.com\/index.php\/2024\/08\/02\/con-cerca-de-5-mil-registros-concluye-segunda-convocatoria-del-programa-mi-primera-chamba\/","title":{"rendered":"Con cerca de 5 mil registros, concluye segunda convocatoria del programa Mi Primera Chamba"},"content":{"rendered":"<div id=\"fb-root\"><\/div>\n\n<p>\u2022 Estuvo vigente hasta el 30 de julio; el siguiente paso es la validaci\u00f3n y asignaci\u00f3n a las Unidades Receptoras<\/p>\n\n\n\n<p>Oaxaca de Ju\u00e1rez, Oax. 2 de agosto de 2024.- La Subsecretar\u00eda de Pol\u00edtica Social para el Bienestar de la Secretar\u00eda de Bienestar, Tequio e Inclusi\u00f3n (Sebienti) informa que la segunda convocatoria del programa Mi Primera Chamba, Experiencia que Transforma, concluy\u00f3 con cerca de 5 mil registros.<\/p>\n\n\n\n<p>Este proceso, que termin\u00f3 el 30 de julio, est\u00e1 dirigido a las juventudes egresadas de universidades p\u00fablicas y privadas de Oaxaca, as\u00ed como a las instituciones, personas f\u00edsicas o morales con actividades empresariales y profesionales.<\/p>\n\n\n\n<p>Al respecto, el titular de la Subsecretar\u00eda Diego Mois\u00e9s P\u00e9rez de la Cruz dio a conocer que el siguiente paso son las validaciones de las solicitudes y posteriormente las asignaciones a las Unidades Receptoras que colaboran con estancias productivas de acuerdo a los perfiles profesionales.<\/p>\n\n\n\n<p>\u00abMi Primera Chamba, es un programa social que impulsa el Gobierno de la Primavera Oaxaque\u00f1a en seguimiento a La Reparaci\u00f3n Hist\u00f3rica de los Pueblos a trav\u00e9s de las Pol\u00edticas de Bienestar Transformador, promoviendo as\u00ed el desarrollo de habilidades y el crecimiento profesional de las y los j\u00f3venes\u201d, dijo.<\/p>\n\n\n\n<p>Quienes deseen m\u00e1s informaci\u00f3n pueden visitar la plataforma digital: miprimerachamba.oaxaca.gob.mx o llamar a los n\u00fameros telef\u00f3nicos de Atenci\u00f3n Ciudadana 951 188 0470 o 951 117 5952.<\/p>\n\n\n\n<p>-0-<\/p>\n","protected":false},"excerpt":{"rendered":"<p>\u2022 Estuvo vigente hasta el 30 de julio; el siguiente paso es la validaci\u00f3n y&#8230;<\/p>\n","protected":false},"author":4,"featured_media":29746,"comment_status":"","ping_status":"open","sticky":false,"template":"","format":"standard","meta":{"footnotes":""},"categories":[9],"tags":[],"jetpack_sharing_enabled":true,"featured_image_urls":{"full":["https:\/\/contextoanalisisperiodistico.com\/wp-content\/uploads\/2024\/08\/IMG-20240802-WA0005.jpg",1600,1066,false],"thumbnail":["https:\/\/contextoanalisisperiodistico.com\/wp-content\/uploads\/2024\/08\/IMG-20240802-WA0005-150x150.jpg",150,150,true],"medium":["https:\/\/contextoanalisisperiodistico.com\/wp-content\/uploads\/2024\/08\/IMG-20240802-WA0005-300x200.jpg",300,200,true],"medium_large":["https:\/\/contextoanalisisperiodistico.com\/wp-content\/uploads\/2024\/08\/IMG-20240802-WA0005-768x512.jpg",640,427,true],"large":["https:\/\/contextoanalisisperiodistico.com\/wp-content\/uploads\/2024\/08\/IMG-20240802-WA0005-1024x682.jpg",640,426,true],"1536x1536":["https:\/\/contextoanalisisperiodistico.com\/wp-content\/uploads\/2024\/08\/IMG-20240802-WA0005-1536x1023.jpg",1536,1023,true],"2048x2048":["https:\/\/contextoanalisisperiodistico.com\/wp-content\/uploads\/2024\/08\/IMG-20240802-WA0005.jpg",1600,1066,false],"covernews-slider-full":["https:\/\/contextoanalisisperiodistico.com\/wp-content\/uploads\/2024\/08\/IMG-20240802-WA0005-1115x715.jpg",1115,715,true],"covernews-slider-center":["https:\/\/contextoanalisisperiodistico.com\/wp-content\/uploads\/2024\/08\/IMG-20240802-WA0005-800x500.jpg",800,500,true],"covernews-featured":["https:\/\/contextoanalisisperiodistico.com\/wp-content\/uploads\/2024\/08\/IMG-20240802-WA0005-1024x682.jpg",1024,682,true],"covernews-medium":["https:\/\/contextoanalisisperiodistico.com\/wp-content\/uploads\/2024\/08\/IMG-20240802-WA0005-540x340.jpg",540,340,true],"covernews-medium-square":["https:\/\/contextoanalisisperiodistico.com\/wp-content\/uploads\/2024\/08\/IMG-20240802-WA0005-400x250.jpg",400,250,true]},"author_info":{"display_name":"Mario Gir\u00f3n","author_link":"https:\/\/contextoanalisisperiodistico.com\/index.php\/author\/director\/"},"category_info":"<a href=\"https:\/\/contextoanalisisperiodistico.com\/index.php\/category\/politica\/\" rel=\"category tag\">Pol\u00edtica<\/a>","tag_info":"Pol\u00edtica","comment_count":"0","jetpack_featured_media_url":"https:\/\/contextoanalisisperiodistico.com\/wp-content\/uploads\/2024\/08\/IMG-20240802-WA0005.jpg","_links":{"self":[{"href":"https:\/\/contextoanalisisperiodistico.com\/index.php\/wp-json\/wp\/v2\/posts\/29747"}],"collection":[{"href":"https:\/\/contextoanalisisperiodistico.com\/index.php\/wp-json\/wp\/v2\/posts"}],"about":[{"href":"https:\/\/contextoanalisisperiodistico.com\/index.php\/wp-json\/wp\/v2\/types\/post"}],"author":[{"embeddable":true,"href":"https:\/\/contextoanalisisperiodistico.com\/index.php\/wp-json\/wp\/v2\/users\/4"}],"replies":[{"embeddable":true,"href":"https:\/\/contextoanalisisperiodistico.com\/index.php\/wp-json\/wp\/v2\/comments?post=29747"}],"version-history":[{"count":0,"href":"https:\/\/contextoanalisisperiodistico.com\/index.php\/wp-json\/wp\/v2\/posts\/29747\/revisions"}],"wp:featuredmedia":[{"embeddable":true,"href":"https:\/\/contextoanalisisperiodistico.com\/index.php\/wp-json\/wp\/v2\/media\/29746"}],"wp:attachment":[{"href":"https:\/\/contextoanalisisperiodistico.com\/index.php\/wp-json\/wp\/v2\/media?parent=29747"}],"wp:term":[{"taxonomy":"category","embeddable":true,"href":"https:\/\/contextoanalisisperiodistico.com\/index.php\/wp-json\/wp\/v2\/categories?post=29747"},{"taxonomy":"post_tag","embeddable":true,"href":"https:\/\/contextoanalisisperiodistico.com\/index.php\/wp-json\/wp\/v2\/tags?post=29747"}],"curies":[{"name":"wp","href":"https:\/\/api.w.org\/{rel}","templated":true}]}}