{"id":29652,"date":"2024-07-31T20:54:41","date_gmt":"2024-08-01T02:54:41","guid":{"rendered":"https:\/\/contextoanalisisperiodistico.com\/index.php\/2024\/07\/31\/cierra-con-exito-la-segunda-edicion-del-tianguis-gastronomico-desde-mis-raices-con-sus-sabores\/"},"modified":"2024-07-31T20:55:16","modified_gmt":"2024-08-01T02:55:16","slug":"cierra-con-exito-la-segunda-edicion-del-tianguis-gastronomico-desde-mis-raices-con-sus-sabores","status":"publish","type":"post","link":"https:\/\/contextoanalisisperiodistico.com\/index.php\/2024\/07\/31\/cierra-con-exito-la-segunda-edicion-del-tianguis-gastronomico-desde-mis-raices-con-sus-sabores\/","title":{"rendered":"Cierra con \u00e9xito segunda edici\u00f3n del tianguis gastron\u00f3mico Desde mis Ra\u00edces con sus Sabores"},"content":{"rendered":"<div id=\"fb-root\"><\/div>\n\n<p>\u2022 Durante 15 d\u00edas, 42 cocineras y cocineros tradicionales compartieron los saberes y sabores representativos de las comunidades<\/p>\n\n\n\n<figure class=\"wp-block-image size-large\"><img fetchpriority=\"high\" decoding=\"async\" width=\"1024\" height=\"682\" src=\"https:\/\/contextoanalisisperiodistico.com\/wp-content\/uploads\/2024\/07\/img-20240731-wa00945155105624324541696-1024x682.jpg\" alt=\"\" class=\"wp-image-29647\" srcset=\"https:\/\/contextoanalisisperiodistico.com\/wp-content\/uploads\/2024\/07\/img-20240731-wa00945155105624324541696-1024x682.jpg 1024w, https:\/\/contextoanalisisperiodistico.com\/wp-content\/uploads\/2024\/07\/img-20240731-wa00945155105624324541696-300x200.jpg 300w, https:\/\/contextoanalisisperiodistico.com\/wp-content\/uploads\/2024\/07\/img-20240731-wa00945155105624324541696-768x512.jpg 768w, https:\/\/contextoanalisisperiodistico.com\/wp-content\/uploads\/2024\/07\/img-20240731-wa00945155105624324541696-1536x1023.jpg 1536w, https:\/\/contextoanalisisperiodistico.com\/wp-content\/uploads\/2024\/07\/img-20240731-wa00945155105624324541696.jpg 1600w\" sizes=\"(max-width: 1024px) 100vw, 1024px\" \/><\/figure>\n\n\n\n<figure class=\"wp-block-image\"><img decoding=\"async\" width=\"1024\" height=\"682\" src=\"https:\/\/contextoanalisisperiodistico.com\/wp-content\/uploads\/2024\/07\/img-20240731-wa00972658290732706748394-1024x682.jpg\" alt=\"\" class=\"wp-image-29646\" srcset=\"https:\/\/contextoanalisisperiodistico.com\/wp-content\/uploads\/2024\/07\/img-20240731-wa00972658290732706748394-1024x682.jpg 1024w, https:\/\/contextoanalisisperiodistico.com\/wp-content\/uploads\/2024\/07\/img-20240731-wa00972658290732706748394-300x200.jpg 300w, https:\/\/contextoanalisisperiodistico.com\/wp-content\/uploads\/2024\/07\/img-20240731-wa00972658290732706748394-768x512.jpg 768w, https:\/\/contextoanalisisperiodistico.com\/wp-content\/uploads\/2024\/07\/img-20240731-wa00972658290732706748394-1536x1023.jpg 1536w, https:\/\/contextoanalisisperiodistico.com\/wp-content\/uploads\/2024\/07\/img-20240731-wa00972658290732706748394.jpg 1600w\" sizes=\"(max-width: 1024px) 100vw, 1024px\" \/><\/figure>\n\n\n\n<figure class=\"wp-block-image\"><img decoding=\"async\" width=\"1024\" height=\"682\" src=\"https:\/\/contextoanalisisperiodistico.com\/wp-content\/uploads\/2024\/07\/img-20240731-wa00961691048504594132093-1024x682.jpg\" alt=\"\" class=\"wp-image-29650\" srcset=\"https:\/\/contextoanalisisperiodistico.com\/wp-content\/uploads\/2024\/07\/img-20240731-wa00961691048504594132093-1024x682.jpg 1024w, https:\/\/contextoanalisisperiodistico.com\/wp-content\/uploads\/2024\/07\/img-20240731-wa00961691048504594132093-300x200.jpg 300w, https:\/\/contextoanalisisperiodistico.com\/wp-content\/uploads\/2024\/07\/img-20240731-wa00961691048504594132093-768x512.jpg 768w, https:\/\/contextoanalisisperiodistico.com\/wp-content\/uploads\/2024\/07\/img-20240731-wa00961691048504594132093-1536x1023.jpg 1536w, https:\/\/contextoanalisisperiodistico.com\/wp-content\/uploads\/2024\/07\/img-20240731-wa00961691048504594132093.jpg 1600w\" sizes=\"(max-width: 1024px) 100vw, 1024px\" \/><\/figure>\n\n\n\n<figure class=\"wp-block-image\"><img loading=\"lazy\" decoding=\"async\" width=\"1024\" height=\"682\" src=\"https:\/\/contextoanalisisperiodistico.com\/wp-content\/uploads\/2024\/07\/img-20240731-wa00982351672385471946018-1024x682.jpg\" alt=\"\" class=\"wp-image-29648\" srcset=\"https:\/\/contextoanalisisperiodistico.com\/wp-content\/uploads\/2024\/07\/img-20240731-wa00982351672385471946018-1024x682.jpg 1024w, https:\/\/contextoanalisisperiodistico.com\/wp-content\/uploads\/2024\/07\/img-20240731-wa00982351672385471946018-300x200.jpg 300w, https:\/\/contextoanalisisperiodistico.com\/wp-content\/uploads\/2024\/07\/img-20240731-wa00982351672385471946018-768x512.jpg 768w, https:\/\/contextoanalisisperiodistico.com\/wp-content\/uploads\/2024\/07\/img-20240731-wa00982351672385471946018-1536x1023.jpg 1536w, https:\/\/contextoanalisisperiodistico.com\/wp-content\/uploads\/2024\/07\/img-20240731-wa00982351672385471946018.jpg 1600w\" sizes=\"(max-width: 1024px) 100vw, 1024px\" \/><\/figure>\n\n\n\n<figure class=\"wp-block-image\"><img loading=\"lazy\" decoding=\"async\" width=\"1024\" height=\"682\" src=\"https:\/\/contextoanalisisperiodistico.com\/wp-content\/uploads\/2024\/07\/img-20240731-wa009314934881773731991-1024x682.jpg\" alt=\"\" class=\"wp-image-29649\" srcset=\"https:\/\/contextoanalisisperiodistico.com\/wp-content\/uploads\/2024\/07\/img-20240731-wa009314934881773731991-1024x682.jpg 1024w, https:\/\/contextoanalisisperiodistico.com\/wp-content\/uploads\/2024\/07\/img-20240731-wa009314934881773731991-300x200.jpg 300w, https:\/\/contextoanalisisperiodistico.com\/wp-content\/uploads\/2024\/07\/img-20240731-wa009314934881773731991-768x512.jpg 768w, https:\/\/contextoanalisisperiodistico.com\/wp-content\/uploads\/2024\/07\/img-20240731-wa009314934881773731991-1536x1023.jpg 1536w, https:\/\/contextoanalisisperiodistico.com\/wp-content\/uploads\/2024\/07\/img-20240731-wa009314934881773731991.jpg 1600w\" sizes=\"(max-width: 1024px) 100vw, 1024px\" \/><\/figure>\n\n\n\n<figure class=\"wp-block-image\"><img loading=\"lazy\" decoding=\"async\" width=\"1024\" height=\"682\" src=\"https:\/\/contextoanalisisperiodistico.com\/wp-content\/uploads\/2024\/07\/img-20240731-wa00929154495623675319101-1024x682.jpg\" alt=\"\" class=\"wp-image-29651\" srcset=\"https:\/\/contextoanalisisperiodistico.com\/wp-content\/uploads\/2024\/07\/img-20240731-wa00929154495623675319101-1024x682.jpg 1024w, https:\/\/contextoanalisisperiodistico.com\/wp-content\/uploads\/2024\/07\/img-20240731-wa00929154495623675319101-300x200.jpg 300w, https:\/\/contextoanalisisperiodistico.com\/wp-content\/uploads\/2024\/07\/img-20240731-wa00929154495623675319101-768x512.jpg 768w, https:\/\/contextoanalisisperiodistico.com\/wp-content\/uploads\/2024\/07\/img-20240731-wa00929154495623675319101-1536x1023.jpg 1536w, https:\/\/contextoanalisisperiodistico.com\/wp-content\/uploads\/2024\/07\/img-20240731-wa00929154495623675319101.jpg 1600w\" sizes=\"(max-width: 1024px) 100vw, 1024px\" \/><\/figure>\n\n\n\n<p>Oaxaca de Ju\u00e1rez, Oax., 31 de julio de 2024.- Con \u00e9xito y gratitud, concluy\u00f3 la segunda edici\u00f3n del tianguis gastron\u00f3mico Desde mis Ra\u00edces con sus Sabores organizado por el Sistema para el Desarrollo Integral de la Familia (DIF) Oaxaca en la Plaza de la Danza, evento en el que se compartieron los saberes ancestrales y herencia cultural de las comunidades de las ocho regiones del estado.<\/p>\n\n\n\n<p>Durante 15 d\u00edas, esta actividad que form\u00f3 parte del programa Julio, Mes de la Guelaguetza 2024, reuni\u00f3 lo mejor de la comida ancestral protagonizada por las 42 cocineras y cocineros tradicionales, quienes fueron el coraz\u00f3n de este evento que permiti\u00f3 conocer a trav\u00e9s de los sentidos la riqueza gastron\u00f3mica de Oaxaca.<\/p>\n\n\n\n<p>\u201cDesde los antojitos regionales hasta las diferentes variedades de mole, cada platillo que hemos disfrutado a lo largo de estos d\u00edas, nos ha contado una historia de la identidad de los saberes representativos de las comunidades\u201d, destac\u00f3 en su participaci\u00f3n la Presidenta Honoraria del Sistema DIF Oaxaca, Irma Bola\u00f1os Quijano, en compa\u00f1\u00eda de comensales y personal del organismo estatal.<\/p>\n\n\n\n<p>Expres\u00f3 que esta celebraci\u00f3n a la gastronom\u00eda oaxaque\u00f1a es tambi\u00e9n un homenaje al pasado y la riqueza inagotable de la tierra.<\/p>\n\n\n\n<p>\u201cAgradezco a las familias que vinieron a disfrutar de esta fiesta y les invito a que sigamos reivindicando cotidianamente el arte de nuestra gastronom\u00eda\u201d, destac\u00f3 Bola\u00f1os Quijano al tiempo de tambi\u00e9n reconocer al equipo del organismo estatal por hacer posible este evento en el coraz\u00f3n cultural de M\u00e9xico.<\/p>\n\n\n\n<p>A su vez, la directora general del organismo Maribel Salinas Velasco dijo sentirse satisfecha por la respuesta que se obtuvo de las y los visitantes locales y extranjeros, porque todos los d\u00edas hubo lleno total, resultado que adem\u00e1s de generar alegr\u00eda, se cumpli\u00f3 con la expectativa del tianguis gastron\u00f3mico.<\/p>\n\n\n\n<p>\u201cDesde mis Ra\u00edces con sus Sabores logr\u00f3 esencialmente tres prop\u00f3sitos: preservar nuestras tradiciones culinarias, promover a nuestras cocineras y cocineros tradicionales y por supuesto, ofrecerles a ustedes las y los comensales, ricos platillos t\u00edpicos de nuestras regiones para el deleite de su paladar en un ambiente festivo y de total esparcimiento familiar\u201d, comparti\u00f3 Salinas Velasco.<\/p>\n\n\n\n<p>Reiter\u00f3 el agradecimiento por parte del Sistema DIF Oaxaca a las y los cocineros tradicionales y personal de apoyo que, con su presencia hicieron posible este gran tianguis gastron\u00f3mico.<\/p>\n\n\n\n<p>Finalmente, la cocinera originaria de Tlaxiaco, Eustolia Gonz\u00e1lez Ruiz visiblemente emocionada comparti\u00f3 su gratitud por permitirles compartir los sabores y saberes de las ocho regiones del estado.<\/p>\n\n\n\n<p>-0-<\/p>\n","protected":false},"excerpt":{"rendered":"<p>\u2022 Durante 15 d\u00edas, 42 cocineras y cocineros tradicionales compartieron los saberes y sabores representativos&#8230;<\/p>\n","protected":false},"author":4,"featured_media":29645,"comment_status":"closed","ping_status":"open","sticky":false,"template":"","format":"standard","meta":{"footnotes":""},"categories":[3],"tags":[],"jetpack_sharing_enabled":true,"featured_image_urls":{"full":["https:\/\/contextoanalisisperiodistico.com\/wp-content\/uploads\/2024\/07\/IMG-20240731-WA0095.jpg",1600,1066,false],"thumbnail":["https:\/\/contextoanalisisperiodistico.com\/wp-content\/uploads\/2024\/07\/IMG-20240731-WA0095-150x150.jpg",150,150,true],"medium":["https:\/\/contextoanalisisperiodistico.com\/wp-content\/uploads\/2024\/07\/IMG-20240731-WA0095-300x200.jpg",300,200,true],"medium_large":["https:\/\/contextoanalisisperiodistico.com\/wp-content\/uploads\/2024\/07\/IMG-20240731-WA0095-768x512.jpg",640,427,true],"large":["https:\/\/contextoanalisisperiodistico.com\/wp-content\/uploads\/2024\/07\/IMG-20240731-WA0095-1024x682.jpg",640,426,true],"1536x1536":["https:\/\/contextoanalisisperiodistico.com\/wp-content\/uploads\/2024\/07\/IMG-20240731-WA0095-1536x1023.jpg",1536,1023,true],"2048x2048":["https:\/\/contextoanalisisperiodistico.com\/wp-content\/uploads\/2024\/07\/IMG-20240731-WA0095.jpg",1600,1066,false],"covernews-slider-full":["https:\/\/contextoanalisisperiodistico.com\/wp-content\/uploads\/2024\/07\/IMG-20240731-WA0095-1115x715.jpg",1115,715,true],"covernews-slider-center":["https:\/\/contextoanalisisperiodistico.com\/wp-content\/uploads\/2024\/07\/IMG-20240731-WA0095-800x500.jpg",800,500,true],"covernews-featured":["https:\/\/contextoanalisisperiodistico.com\/wp-content\/uploads\/2024\/07\/IMG-20240731-WA0095-1024x682.jpg",1024,682,true],"covernews-medium":["https:\/\/contextoanalisisperiodistico.com\/wp-content\/uploads\/2024\/07\/IMG-20240731-WA0095-540x340.jpg",540,340,true],"covernews-medium-square":["https:\/\/contextoanalisisperiodistico.com\/wp-content\/uploads\/2024\/07\/IMG-20240731-WA0095-400x250.jpg",400,250,true]},"author_info":{"display_name":"Mario Gir\u00f3n","author_link":"https:\/\/contextoanalisisperiodistico.com\/index.php\/author\/director\/"},"category_info":"<a href=\"https:\/\/contextoanalisisperiodistico.com\/index.php\/category\/ciudad\/\" rel=\"category tag\">Ciudad<\/a>","tag_info":"Ciudad","comment_count":"0","jetpack_featured_media_url":"https:\/\/contextoanalisisperiodistico.com\/wp-content\/uploads\/2024\/07\/IMG-20240731-WA0095.jpg","_links":{"self":[{"href":"https:\/\/contextoanalisisperiodistico.com\/index.php\/wp-json\/wp\/v2\/posts\/29652"}],"collection":[{"href":"https:\/\/contextoanalisisperiodistico.com\/index.php\/wp-json\/wp\/v2\/posts"}],"about":[{"href":"https:\/\/contextoanalisisperiodistico.com\/index.php\/wp-json\/wp\/v2\/types\/post"}],"author":[{"embeddable":true,"href":"https:\/\/contextoanalisisperiodistico.com\/index.php\/wp-json\/wp\/v2\/users\/4"}],"replies":[{"embeddable":true,"href":"https:\/\/contextoanalisisperiodistico.com\/index.php\/wp-json\/wp\/v2\/comments?post=29652"}],"version-history":[{"count":1,"href":"https:\/\/contextoanalisisperiodistico.com\/index.php\/wp-json\/wp\/v2\/posts\/29652\/revisions"}],"predecessor-version":[{"id":29653,"href":"https:\/\/contextoanalisisperiodistico.com\/index.php\/wp-json\/wp\/v2\/posts\/29652\/revisions\/29653"}],"wp:featuredmedia":[{"embeddable":true,"href":"https:\/\/contextoanalisisperiodistico.com\/index.php\/wp-json\/wp\/v2\/media\/29645"}],"wp:attachment":[{"href":"https:\/\/contextoanalisisperiodistico.com\/index.php\/wp-json\/wp\/v2\/media?parent=29652"}],"wp:term":[{"taxonomy":"category","embeddable":true,"href":"https:\/\/contextoanalisisperiodistico.com\/index.php\/wp-json\/wp\/v2\/categories?post=29652"},{"taxonomy":"post_tag","embeddable":true,"href":"https:\/\/contextoanalisisperiodistico.com\/index.php\/wp-json\/wp\/v2\/tags?post=29652"}],"curies":[{"name":"wp","href":"https:\/\/api.w.org\/{rel}","templated":true}]}}