{"id":29633,"date":"2024-07-31T19:44:17","date_gmt":"2024-08-01T01:44:17","guid":{"rendered":"https:\/\/contextoanalisisperiodistico.com\/index.php\/2024\/07\/31\/invita-dif-municipal-a-concierto-gratuito-de-la-orquesta-sinfonica-y-coro-de-la-central-de-abasto-con-esperanza-azteca\/"},"modified":"2024-07-31T19:44:58","modified_gmt":"2024-08-01T01:44:58","slug":"invita-dif-municipal-a-concierto-gratuito-de-la-orquesta-sinfonica-y-coro-de-la-central-de-abasto-con-esperanza-azteca","status":"publish","type":"post","link":"https:\/\/contextoanalisisperiodistico.com\/index.php\/2024\/07\/31\/invita-dif-municipal-a-concierto-gratuito-de-la-orquesta-sinfonica-y-coro-de-la-central-de-abasto-con-esperanza-azteca\/","title":{"rendered":"Invita DIF Municipal a concierto de la Orquesta Sinf\u00f3nica y Coro de la Central de Abasto con Esperanza Azteca"},"content":{"rendered":"<div id=\"fb-root\"><\/div>\n\n<ul class=\"wp-block-list\">\n<li>Celebrar\u00e1n el primer aniversario bajo la direcci\u00f3n del maestro Pedro Cervantes Ojeda<\/li>\n<\/ul>\n\n\n\n<figure class=\"wp-block-image size-large\"><img fetchpriority=\"high\" decoding=\"async\" width=\"1024\" height=\"685\" src=\"https:\/\/contextoanalisisperiodistico.com\/wp-content\/uploads\/2024\/07\/fotoblt31042024283298696511410175681658-1024x685.jpeg\" alt=\"\" class=\"wp-image-29631\" srcset=\"https:\/\/contextoanalisisperiodistico.com\/wp-content\/uploads\/2024\/07\/fotoblt31042024283298696511410175681658-1024x685.jpeg 1024w, https:\/\/contextoanalisisperiodistico.com\/wp-content\/uploads\/2024\/07\/fotoblt31042024283298696511410175681658-300x201.jpeg 300w, https:\/\/contextoanalisisperiodistico.com\/wp-content\/uploads\/2024\/07\/fotoblt31042024283298696511410175681658-768x514.jpeg 768w, https:\/\/contextoanalisisperiodistico.com\/wp-content\/uploads\/2024\/07\/fotoblt31042024283298696511410175681658-1536x1027.jpeg 1536w, https:\/\/contextoanalisisperiodistico.com\/wp-content\/uploads\/2024\/07\/fotoblt31042024283298696511410175681658.jpeg 1600w\" sizes=\"(max-width: 1024px) 100vw, 1024px\" \/><\/figure>\n\n\n\n<figure class=\"wp-block-image\"><img decoding=\"async\" width=\"1024\" height=\"684\" src=\"https:\/\/contextoanalisisperiodistico.com\/wp-content\/uploads\/2024\/07\/fotoblt31072024281298389750316457270453-1024x684.jpg\" alt=\"\" class=\"wp-image-29632\" srcset=\"https:\/\/contextoanalisisperiodistico.com\/wp-content\/uploads\/2024\/07\/fotoblt31072024281298389750316457270453-1024x684.jpg 1024w, https:\/\/contextoanalisisperiodistico.com\/wp-content\/uploads\/2024\/07\/fotoblt31072024281298389750316457270453-300x200.jpg 300w, https:\/\/contextoanalisisperiodistico.com\/wp-content\/uploads\/2024\/07\/fotoblt31072024281298389750316457270453-768x513.jpg 768w, https:\/\/contextoanalisisperiodistico.com\/wp-content\/uploads\/2024\/07\/fotoblt31072024281298389750316457270453-1536x1025.jpg 1536w, https:\/\/contextoanalisisperiodistico.com\/wp-content\/uploads\/2024\/07\/fotoblt31072024281298389750316457270453.jpg 1600w\" sizes=\"(max-width: 1024px) 100vw, 1024px\" \/><\/figure>\n\n\n\n<p>Oaxaca de Ju\u00e1rez, Oaxaca, a 31 de julio de 2024.- El Ayuntamiento de Oaxaca de Ju\u00e1rez a trav\u00e9s del DIF Municipal invita a ni\u00f1as, ni\u00f1os, j\u00f3venes y personas adultas al concierto con motivo del 1er Aniversario de la Orquesta Sinf\u00f3nica y Coro de la Central de Abasto con Esperanza Azteca.<\/p>\n\n\n\n<p>Se llevar\u00e1 a cabo el pr\u00f3ximo 2 de agosto a las 17:00 horas en la Plaza de \u201cLa Cruz de Piedra\u201d, con la finalidad generar una convivencia al aire libre y de esa manera, las familias disfruten del evento que se realizar\u00e1 bajo la direcci\u00f3n del maestro Pedro Cervantes Ojeda.<\/p>\n\n\n\n<p>Ni\u00f1as y ni\u00f1os que integran esta importante agrupaci\u00f3n, conformada a iniciativa del Presidente Municipal, Francisco Mart\u00ednez Neri, y gracias al impulso de la Presidenta Honoraria del Sistema DIF Municipal, Bernarda Gonz\u00e1lez Rivas, deleitar\u00e1n al p\u00fablico local y extranjero que contin\u00faa disfrutando de la capital luego de las fiestas de \u201cJulio, mes de la Guelaguetza\u201d.<\/p>\n\n\n\n<p>La Orquesta Sinf\u00f3nica y Coro de la Central de Abasto con Esperanza Azteca es una de las cuatro orquestas sinf\u00f3nicas y coros \u201cEsperanza Azteca\u201d en el pa\u00eds, lo que demuestra el alto compromiso del Ayuntamiento capitalino por impulsar actividades art\u00edsticas para el disfrute y alcance de todos los sectores de la sociedad.<\/p>\n\n\n\n<p>Cabe resaltar que a lo largo del a\u00f1o, la orquesta ha dado acompa\u00f1amiento a eventos de gran relevancia en la capital, con lo que se promueve la cultura y se fomenta el arte desde el \u00e1mbito musical.<\/p>\n\n\n\n<p><\/p>\n\n\n\n<p><\/p>\n","protected":false},"excerpt":{"rendered":"<p>Oaxaca de Ju\u00e1rez, Oaxaca, a 31 de julio de 2024.- El Ayuntamiento de Oaxaca de&#8230;<\/p>\n","protected":false},"author":4,"featured_media":29630,"comment_status":"closed","ping_status":"open","sticky":false,"template":"","format":"standard","meta":{"footnotes":""},"categories":[9],"tags":[],"jetpack_sharing_enabled":true,"featured_image_urls":{"full":["https:\/\/contextoanalisisperiodistico.com\/wp-content\/uploads\/2024\/07\/FOTOBLT31072428229.jpeg",1600,1068,false],"thumbnail":["https:\/\/contextoanalisisperiodistico.com\/wp-content\/uploads\/2024\/07\/FOTOBLT31072428229-150x150.jpeg",150,150,true],"medium":["https:\/\/contextoanalisisperiodistico.com\/wp-content\/uploads\/2024\/07\/FOTOBLT31072428229-300x200.jpeg",300,200,true],"medium_large":["https:\/\/contextoanalisisperiodistico.com\/wp-content\/uploads\/2024\/07\/FOTOBLT31072428229-768x513.jpeg",640,428,true],"large":["https:\/\/contextoanalisisperiodistico.com\/wp-content\/uploads\/2024\/07\/FOTOBLT31072428229-1024x684.jpeg",640,428,true],"1536x1536":["https:\/\/contextoanalisisperiodistico.com\/wp-content\/uploads\/2024\/07\/FOTOBLT31072428229-1536x1025.jpeg",1536,1025,true],"2048x2048":["https:\/\/contextoanalisisperiodistico.com\/wp-content\/uploads\/2024\/07\/FOTOBLT31072428229.jpeg",1600,1068,false],"covernews-slider-full":["https:\/\/contextoanalisisperiodistico.com\/wp-content\/uploads\/2024\/07\/FOTOBLT31072428229-1115x715.jpeg",1115,715,true],"covernews-slider-center":["https:\/\/contextoanalisisperiodistico.com\/wp-content\/uploads\/2024\/07\/FOTOBLT31072428229-800x500.jpeg",800,500,true],"covernews-featured":["https:\/\/contextoanalisisperiodistico.com\/wp-content\/uploads\/2024\/07\/FOTOBLT31072428229-1024x684.jpeg",1024,684,true],"covernews-medium":["https:\/\/contextoanalisisperiodistico.com\/wp-content\/uploads\/2024\/07\/FOTOBLT31072428229-540x340.jpeg",540,340,true],"covernews-medium-square":["https:\/\/contextoanalisisperiodistico.com\/wp-content\/uploads\/2024\/07\/FOTOBLT31072428229-400x250.jpeg",400,250,true]},"author_info":{"display_name":"Mario Gir\u00f3n","author_link":"https:\/\/contextoanalisisperiodistico.com\/index.php\/author\/director\/"},"category_info":"<a href=\"https:\/\/contextoanalisisperiodistico.com\/index.php\/category\/politica\/\" rel=\"category tag\">Pol\u00edtica<\/a>","tag_info":"Pol\u00edtica","comment_count":"0","jetpack_featured_media_url":"https:\/\/contextoanalisisperiodistico.com\/wp-content\/uploads\/2024\/07\/FOTOBLT31072428229.jpeg","_links":{"self":[{"href":"https:\/\/contextoanalisisperiodistico.com\/index.php\/wp-json\/wp\/v2\/posts\/29633"}],"collection":[{"href":"https:\/\/contextoanalisisperiodistico.com\/index.php\/wp-json\/wp\/v2\/posts"}],"about":[{"href":"https:\/\/contextoanalisisperiodistico.com\/index.php\/wp-json\/wp\/v2\/types\/post"}],"author":[{"embeddable":true,"href":"https:\/\/contextoanalisisperiodistico.com\/index.php\/wp-json\/wp\/v2\/users\/4"}],"replies":[{"embeddable":true,"href":"https:\/\/contextoanalisisperiodistico.com\/index.php\/wp-json\/wp\/v2\/comments?post=29633"}],"version-history":[{"count":1,"href":"https:\/\/contextoanalisisperiodistico.com\/index.php\/wp-json\/wp\/v2\/posts\/29633\/revisions"}],"predecessor-version":[{"id":29634,"href":"https:\/\/contextoanalisisperiodistico.com\/index.php\/wp-json\/wp\/v2\/posts\/29633\/revisions\/29634"}],"wp:featuredmedia":[{"embeddable":true,"href":"https:\/\/contextoanalisisperiodistico.com\/index.php\/wp-json\/wp\/v2\/media\/29630"}],"wp:attachment":[{"href":"https:\/\/contextoanalisisperiodistico.com\/index.php\/wp-json\/wp\/v2\/media?parent=29633"}],"wp:term":[{"taxonomy":"category","embeddable":true,"href":"https:\/\/contextoanalisisperiodistico.com\/index.php\/wp-json\/wp\/v2\/categories?post=29633"},{"taxonomy":"post_tag","embeddable":true,"href":"https:\/\/contextoanalisisperiodistico.com\/index.php\/wp-json\/wp\/v2\/tags?post=29633"}],"curies":[{"name":"wp","href":"https:\/\/api.w.org\/{rel}","templated":true}]}}