{"id":29629,"date":"2024-07-31T19:29:25","date_gmt":"2024-08-01T01:29:25","guid":{"rendered":"https:\/\/contextoanalisisperiodistico.com\/index.php\/2024\/07\/31\/paga-ieepo-apoyos-economicos-a-asesores-externos-especializados-del-programa-nacional-de-ingles\/"},"modified":"2024-07-31T19:29:25","modified_gmt":"2024-08-01T01:29:25","slug":"paga-ieepo-apoyos-economicos-a-asesores-externos-especializados-del-programa-nacional-de-ingles","status":"publish","type":"post","link":"https:\/\/contextoanalisisperiodistico.com\/index.php\/2024\/07\/31\/paga-ieepo-apoyos-economicos-a-asesores-externos-especializados-del-programa-nacional-de-ingles\/","title":{"rendered":"Paga IEEPO apoyos econ\u00f3micos a asesores externos especializados del Programa Nacional de Ingl\u00e9s"},"content":{"rendered":"<div id=\"fb-root\"><\/div>\n\n<p>\u2022 Se cumple con el primer periodo que comprende del 4 de marzo al 12 de julio de 2024<\/p>\n\n\n\n<p>Oaxaca de Ju\u00e1rez, Oax. 31 de julio de 2024.- El Instituto Estatal de Educaci\u00f3n P\u00fablica de Oaxaca (IEEPO), realiz\u00f3 a las y los asesores externos especializados del Programa Nacional de Ingl\u00e9s (Proni), el pago v\u00eda dep\u00f3sito bancario de los apoyos econ\u00f3micos correspondientes al primer periodo que comprende del 4 de marzo al 12 de julio de 2024.<\/p>\n\n\n\n<p>Dicho programa, instrumentado por la Secretar\u00eda de Educaci\u00f3n P\u00fablica (SEP) a nivel federal, est\u00e1 sujeto a las reglas de operaci\u00f3n que lo rigen, adem\u00e1s de que los recursos con los que opera tambi\u00e9n provienen de la federaci\u00f3n.<\/p>\n\n\n\n<p>A nombre del director general del IEEPO, Emilio Montero P\u00e9rez, la Coordinaci\u00f3n Estatal del Proni en la entidad, reconoci\u00f3 el desempe\u00f1o de las y los asesores externos especializados, quienes brindan sus conocimientos y apoyo para la ense\u00f1anza del idioma ingl\u00e9s en grupos de tercero de preescolar, y de primero a sexto grado de Primaria en Educaci\u00f3n B\u00e1sica.<\/p>\n\n\n\n<p>Destac\u00f3 que su labor es relevante en el desarrollo acad\u00e9mico integral de las y los estudiantes del nivel b\u00e1sico, tomando en consideraci\u00f3n la importancia en los tiempos actuales del dominio de un idioma extranjero.<\/p>\n\n\n\n<p>El IEEPO reitera su compromiso de continuar con las gestiones correspondientes para que los pagos se entreguen en tiempo y forma, como ha sido la indicaci\u00f3n del Director General, al ser una prioridad en la administraci\u00f3n del Gobernador Salom\u00f3n Jara Cruz el impulso a la educaci\u00f3n de calidad.<br \/>-0-<\/p>\n\n\n\n<p><\/p>\n\n\n\n<p><\/p>\n","protected":false},"excerpt":{"rendered":"<p>\u2022 Se cumple con el primer periodo que comprende del 4 de marzo al 12&#8230;<\/p>\n","protected":false},"author":4,"featured_media":29628,"comment_status":"","ping_status":"open","sticky":false,"template":"","format":"standard","meta":{"footnotes":""},"categories":[9],"tags":[],"jetpack_sharing_enabled":true,"featured_image_urls":{"full":["https:\/\/contextoanalisisperiodistico.com\/wp-content\/uploads\/2024\/07\/IMG-20240731-WA0090.jpg",1600,1600,false],"thumbnail":["https:\/\/contextoanalisisperiodistico.com\/wp-content\/uploads\/2024\/07\/IMG-20240731-WA0090-150x150.jpg",150,150,true],"medium":["https:\/\/contextoanalisisperiodistico.com\/wp-content\/uploads\/2024\/07\/IMG-20240731-WA0090-300x300.jpg",300,300,true],"medium_large":["https:\/\/contextoanalisisperiodistico.com\/wp-content\/uploads\/2024\/07\/IMG-20240731-WA0090-768x768.jpg",640,640,true],"large":["https:\/\/contextoanalisisperiodistico.com\/wp-content\/uploads\/2024\/07\/IMG-20240731-WA0090-1024x1024.jpg",640,640,true],"1536x1536":["https:\/\/contextoanalisisperiodistico.com\/wp-content\/uploads\/2024\/07\/IMG-20240731-WA0090-1536x1536.jpg",1536,1536,true],"2048x2048":["https:\/\/contextoanalisisperiodistico.com\/wp-content\/uploads\/2024\/07\/IMG-20240731-WA0090.jpg",1600,1600,false],"covernews-slider-full":["https:\/\/contextoanalisisperiodistico.com\/wp-content\/uploads\/2024\/07\/IMG-20240731-WA0090-1115x715.jpg",1115,715,true],"covernews-slider-center":["https:\/\/contextoanalisisperiodistico.com\/wp-content\/uploads\/2024\/07\/IMG-20240731-WA0090-800x500.jpg",800,500,true],"covernews-featured":["https:\/\/contextoanalisisperiodistico.com\/wp-content\/uploads\/2024\/07\/IMG-20240731-WA0090-1024x1024.jpg",1024,1024,true],"covernews-medium":["https:\/\/contextoanalisisperiodistico.com\/wp-content\/uploads\/2024\/07\/IMG-20240731-WA0090-540x340.jpg",540,340,true],"covernews-medium-square":["https:\/\/contextoanalisisperiodistico.com\/wp-content\/uploads\/2024\/07\/IMG-20240731-WA0090-400x250.jpg",400,250,true]},"author_info":{"display_name":"Mario Gir\u00f3n","author_link":"https:\/\/contextoanalisisperiodistico.com\/index.php\/author\/director\/"},"category_info":"<a href=\"https:\/\/contextoanalisisperiodistico.com\/index.php\/category\/politica\/\" rel=\"category tag\">Pol\u00edtica<\/a>","tag_info":"Pol\u00edtica","comment_count":"0","jetpack_featured_media_url":"https:\/\/contextoanalisisperiodistico.com\/wp-content\/uploads\/2024\/07\/IMG-20240731-WA0090.jpg","_links":{"self":[{"href":"https:\/\/contextoanalisisperiodistico.com\/index.php\/wp-json\/wp\/v2\/posts\/29629"}],"collection":[{"href":"https:\/\/contextoanalisisperiodistico.com\/index.php\/wp-json\/wp\/v2\/posts"}],"about":[{"href":"https:\/\/contextoanalisisperiodistico.com\/index.php\/wp-json\/wp\/v2\/types\/post"}],"author":[{"embeddable":true,"href":"https:\/\/contextoanalisisperiodistico.com\/index.php\/wp-json\/wp\/v2\/users\/4"}],"replies":[{"embeddable":true,"href":"https:\/\/contextoanalisisperiodistico.com\/index.php\/wp-json\/wp\/v2\/comments?post=29629"}],"version-history":[{"count":0,"href":"https:\/\/contextoanalisisperiodistico.com\/index.php\/wp-json\/wp\/v2\/posts\/29629\/revisions"}],"wp:featuredmedia":[{"embeddable":true,"href":"https:\/\/contextoanalisisperiodistico.com\/index.php\/wp-json\/wp\/v2\/media\/29628"}],"wp:attachment":[{"href":"https:\/\/contextoanalisisperiodistico.com\/index.php\/wp-json\/wp\/v2\/media?parent=29629"}],"wp:term":[{"taxonomy":"category","embeddable":true,"href":"https:\/\/contextoanalisisperiodistico.com\/index.php\/wp-json\/wp\/v2\/categories?post=29629"},{"taxonomy":"post_tag","embeddable":true,"href":"https:\/\/contextoanalisisperiodistico.com\/index.php\/wp-json\/wp\/v2\/tags?post=29629"}],"curies":[{"name":"wp","href":"https:\/\/api.w.org\/{rel}","templated":true}]}}