{"id":29627,"date":"2024-07-31T19:25:30","date_gmt":"2024-08-01T01:25:30","guid":{"rendered":"https:\/\/contextoanalisisperiodistico.com\/index.php\/2024\/07\/31\/reinstalan-comite-tecnico-estatal-de-politicas-de-salud-publica-y-promocion-de-la-salud\/"},"modified":"2024-07-31T19:25:30","modified_gmt":"2024-08-01T01:25:30","slug":"reinstalan-comite-tecnico-estatal-de-politicas-de-salud-publica-y-promocion-de-la-salud","status":"publish","type":"post","link":"https:\/\/contextoanalisisperiodistico.com\/index.php\/2024\/07\/31\/reinstalan-comite-tecnico-estatal-de-politicas-de-salud-publica-y-promocion-de-la-salud\/","title":{"rendered":"Reinstalan Comit\u00e9 T\u00e9cnico Estatal de Pol\u00edticas de Salud P\u00fablica y Promoci\u00f3n de la Salud"},"content":{"rendered":"<div id=\"fb-root\"><\/div>\n\n<p>\u2022 Se busca fortalecer la participaci\u00f3n municipal y de la comunidad para abordar los problemas m\u00e1s apremiantes de este rubro<\/p>\n\n\n\n<figure class=\"wp-block-image size-large\"><img fetchpriority=\"high\" decoding=\"async\" width=\"900\" height=\"600\" src=\"https:\/\/contextoanalisisperiodistico.com\/wp-content\/uploads\/2024\/07\/img-20240731-wa00765880251000034999149.jpg\" alt=\"\" class=\"wp-image-29625\" srcset=\"https:\/\/contextoanalisisperiodistico.com\/wp-content\/uploads\/2024\/07\/img-20240731-wa00765880251000034999149.jpg 900w, https:\/\/contextoanalisisperiodistico.com\/wp-content\/uploads\/2024\/07\/img-20240731-wa00765880251000034999149-300x200.jpg 300w, https:\/\/contextoanalisisperiodistico.com\/wp-content\/uploads\/2024\/07\/img-20240731-wa00765880251000034999149-768x512.jpg 768w\" sizes=\"(max-width: 900px) 100vw, 900px\" \/><\/figure>\n\n\n\n<figure class=\"wp-block-image\"><img decoding=\"async\" width=\"300\" height=\"200\" src=\"https:\/\/contextoanalisisperiodistico.com\/wp-content\/uploads\/2024\/07\/img-20240731-wa00773602419727319755070-300x200.jpg\" alt=\"\" class=\"wp-image-29626\" srcset=\"https:\/\/contextoanalisisperiodistico.com\/wp-content\/uploads\/2024\/07\/img-20240731-wa00773602419727319755070-300x200.jpg 300w, https:\/\/contextoanalisisperiodistico.com\/wp-content\/uploads\/2024\/07\/img-20240731-wa00773602419727319755070-768x512.jpg 768w, https:\/\/contextoanalisisperiodistico.com\/wp-content\/uploads\/2024\/07\/img-20240731-wa00773602419727319755070.jpg 900w\" sizes=\"(max-width: 300px) 100vw, 300px\" \/><\/figure>\n\n\n\n<p>Oaxaca de Ju\u00e1rez, Oax. 31 de julio de 2024.- Con la finalidad de planear, coordinar, supervisar, evaluar e impulsar estrategias para promover el bienestar de la poblaci\u00f3n, se llev\u00f3 a cabo la reinstalaci\u00f3n del Comit\u00e9 T\u00e9cnico Estatal de Pol\u00edticas de Salud P\u00fablica y Promoci\u00f3n de la Salud.<\/p>\n\n\n\n<p>Durante la firma del acta constitutiva, en representaci\u00f3n de la secretaria de Salud Alma Lilia Velasco Hern\u00e1ndez, el director de Prevenci\u00f3n y Promoci\u00f3n de Servicios de Salud de Oaxaca (SSO) Ignacio Z\u00e1rate Blas tom\u00f3 protesta a las y los nuevos integrantes de este grupo de expertos, a quienes exhort\u00f3 a redoblar esfuerzos en la construcci\u00f3n de una cultura de corresponsabilidad y autocuidado de las y los oaxaque\u00f1os.<\/p>\n\n\n\n<p>Puntualiz\u00f3 que esta estrategia busca fortalecer la participaci\u00f3n municipal y de la comunidad para abordar los problemas m\u00e1s apremiantes de este rubro, as\u00ed como optimizar los recursos e incrementar las acciones con resultados \u00f3ptimos.<\/p>\n\n\n\n<p>Durante 3 a\u00f1os, quienes conforman este comit\u00e9 deber\u00e1n participar en la certificaci\u00f3n de: municipios, comunidades, viviendas, escuelas, sitios de trabajo, unidades de salud, zonas de esparcimiento, mercados y albergues para migrantes. Aunado a contribuir activamente en las capacitaciones y orientaciones del personal comunitario y de los ayuntamientos sobre temas de salud p\u00fablica.<\/p>\n\n\n\n<p>La Comisi\u00f3n qued\u00f3 integrada por: el Director de Prevenci\u00f3n y Promoci\u00f3n de la Salud como presidente; el jefe del departamento de Promoci\u00f3n a la Salud Uziel Castellanos Ortega como secretario t\u00e9cnico; el jefe de la Unidad de Salud P\u00fablica Daniel L\u00f3pez Regalado como secretario y 31 personas vocales.<\/p>\n\n\n\n<p>-0-<\/p>\n","protected":false},"excerpt":{"rendered":"<p>\u2022 Se busca fortalecer la participaci\u00f3n municipal y de la comunidad para abordar los problemas&#8230;<\/p>\n","protected":false},"author":4,"featured_media":29624,"comment_status":"","ping_status":"open","sticky":false,"template":"","format":"standard","meta":{"footnotes":""},"categories":[92],"tags":[],"jetpack_sharing_enabled":true,"featured_image_urls":{"full":["https:\/\/contextoanalisisperiodistico.com\/wp-content\/uploads\/2024\/07\/IMG-20240731-WA0078.jpg",862,517,false],"thumbnail":["https:\/\/contextoanalisisperiodistico.com\/wp-content\/uploads\/2024\/07\/IMG-20240731-WA0078-150x150.jpg",150,150,true],"medium":["https:\/\/contextoanalisisperiodistico.com\/wp-content\/uploads\/2024\/07\/IMG-20240731-WA0078-300x180.jpg",300,180,true],"medium_large":["https:\/\/contextoanalisisperiodistico.com\/wp-content\/uploads\/2024\/07\/IMG-20240731-WA0078-768x461.jpg",640,384,true],"large":["https:\/\/contextoanalisisperiodistico.com\/wp-content\/uploads\/2024\/07\/IMG-20240731-WA0078.jpg",640,384,false],"1536x1536":["https:\/\/contextoanalisisperiodistico.com\/wp-content\/uploads\/2024\/07\/IMG-20240731-WA0078.jpg",862,517,false],"2048x2048":["https:\/\/contextoanalisisperiodistico.com\/wp-content\/uploads\/2024\/07\/IMG-20240731-WA0078.jpg",862,517,false],"covernews-slider-full":["https:\/\/contextoanalisisperiodistico.com\/wp-content\/uploads\/2024\/07\/IMG-20240731-WA0078.jpg",862,517,false],"covernews-slider-center":["https:\/\/contextoanalisisperiodistico.com\/wp-content\/uploads\/2024\/07\/IMG-20240731-WA0078-800x500.jpg",800,500,true],"covernews-featured":["https:\/\/contextoanalisisperiodistico.com\/wp-content\/uploads\/2024\/07\/IMG-20240731-WA0078.jpg",862,517,false],"covernews-medium":["https:\/\/contextoanalisisperiodistico.com\/wp-content\/uploads\/2024\/07\/IMG-20240731-WA0078-540x340.jpg",540,340,true],"covernews-medium-square":["https:\/\/contextoanalisisperiodistico.com\/wp-content\/uploads\/2024\/07\/IMG-20240731-WA0078-400x250.jpg",400,250,true]},"author_info":{"display_name":"Mario Gir\u00f3n","author_link":"https:\/\/contextoanalisisperiodistico.com\/index.php\/author\/director\/"},"category_info":"<a href=\"https:\/\/contextoanalisisperiodistico.com\/index.php\/category\/salud\/\" rel=\"category tag\">Salud<\/a>","tag_info":"Salud","comment_count":"0","jetpack_featured_media_url":"https:\/\/contextoanalisisperiodistico.com\/wp-content\/uploads\/2024\/07\/IMG-20240731-WA0078.jpg","_links":{"self":[{"href":"https:\/\/contextoanalisisperiodistico.com\/index.php\/wp-json\/wp\/v2\/posts\/29627"}],"collection":[{"href":"https:\/\/contextoanalisisperiodistico.com\/index.php\/wp-json\/wp\/v2\/posts"}],"about":[{"href":"https:\/\/contextoanalisisperiodistico.com\/index.php\/wp-json\/wp\/v2\/types\/post"}],"author":[{"embeddable":true,"href":"https:\/\/contextoanalisisperiodistico.com\/index.php\/wp-json\/wp\/v2\/users\/4"}],"replies":[{"embeddable":true,"href":"https:\/\/contextoanalisisperiodistico.com\/index.php\/wp-json\/wp\/v2\/comments?post=29627"}],"version-history":[{"count":0,"href":"https:\/\/contextoanalisisperiodistico.com\/index.php\/wp-json\/wp\/v2\/posts\/29627\/revisions"}],"wp:featuredmedia":[{"embeddable":true,"href":"https:\/\/contextoanalisisperiodistico.com\/index.php\/wp-json\/wp\/v2\/media\/29624"}],"wp:attachment":[{"href":"https:\/\/contextoanalisisperiodistico.com\/index.php\/wp-json\/wp\/v2\/media?parent=29627"}],"wp:term":[{"taxonomy":"category","embeddable":true,"href":"https:\/\/contextoanalisisperiodistico.com\/index.php\/wp-json\/wp\/v2\/categories?post=29627"},{"taxonomy":"post_tag","embeddable":true,"href":"https:\/\/contextoanalisisperiodistico.com\/index.php\/wp-json\/wp\/v2\/tags?post=29627"}],"curies":[{"name":"wp","href":"https:\/\/api.w.org\/{rel}","templated":true}]}}