{"id":29605,"date":"2024-07-31T10:21:07","date_gmt":"2024-07-31T16:21:07","guid":{"rendered":"https:\/\/contextoanalisisperiodistico.com\/index.php\/2024\/07\/31\/ninguna-persona-defensora-de-dh-del-mecanismo-de-proteccion-ha-perdido-la-vida-en-oaxaca\/"},"modified":"2024-07-31T10:21:07","modified_gmt":"2024-07-31T16:21:07","slug":"ninguna-persona-defensora-de-dh-del-mecanismo-de-proteccion-ha-perdido-la-vida-en-oaxaca","status":"publish","type":"post","link":"https:\/\/contextoanalisisperiodistico.com\/index.php\/2024\/07\/31\/ninguna-persona-defensora-de-dh-del-mecanismo-de-proteccion-ha-perdido-la-vida-en-oaxaca\/","title":{"rendered":"Ninguna persona defensora de DH del Mecanismo de Protecci\u00f3n ha perdido la vida en Oaxaca"},"content":{"rendered":"<div id=\"fb-root\"><\/div>\n\n<p>Oaxaca de Ju\u00e1rez, Oax. 31 de julio de 2024.- La Coordinaci\u00f3n de Atenci\u00f3n a los Derechos Humanos del Poder Ejecutivo (CADH) informa que, durante la actual administraci\u00f3n, ninguna persona defensora de derechos humanos que se encuentra dentro del Mecanismo de Protecci\u00f3n para Personas Defensoras de los Derechos Humanos y Periodistas de la Secretar\u00eda de Gobernaci\u00f3n (Segob), ha perdido la vida.<\/p>\n\n\n\n<p>Luego de las cifras presentadas por el Centro de Derechos Humanos y Asesor\u00eda a Pueblos Ind\u00edgenas (Cedhapi) y el Centro Regional de Derechos Humanos \u201cBartolom\u00e9 Carrasco Brise\u00f1o\u201d, en la que se\u00f1ala el asesinato de 42 personas defensoras en 2024, la CADH precisa que dichas cifras carecen de sustento alguno del Mecanismo de Protecci\u00f3n, de organismos protectores a derechos humanos como la Comisi\u00f3n Nacional de los Derechos Humanos (CNDH) o de las fiscal\u00edas del pa\u00eds.<\/p>\n\n\n\n<p>Por el contrario, durante la administraci\u00f3n que encabeza el Gobernador Salom\u00f3n Jara Cruz, se destaca la disminuci\u00f3n de casos reportados al Mecanismo de Protecci\u00f3n del Gobierno Federal, al tratarse de un gobierno que respeta y se preocupa por difundir los derechos de la poblaci\u00f3n.<\/p>\n\n\n\n<p>Y es que, de enero del 2022 a diciembre del mismo, el mecanismo conoci\u00f3 la incorporaci\u00f3n de 21 casos, de los cuales seis eran por agresiones a personas defensoras de derechos humanos.<\/p>\n\n\n\n<p>Mientras que, durante el 2023 el Mecanismo \u00fanicamente conoci\u00f3 12 casos, de los cuales cuatro correspond\u00edan a agresiones a personas defensoras de derechos humanos, las cuales no han perdido la vida; lo que muestra una disminuci\u00f3n en los reportes atendidos por dicho mecanismo.<\/p>\n\n\n\n<p>Por ello, se hizo un llamado a dichas organizaciones a no lucrar con la figura de \u201cpersona defensora\u201d, ya que las declaraciones sin fundamento o fuera de contexto, en nada abonan a la construcci\u00f3n de instituciones s\u00f3lidas y ponen en entredicho la seriedad de las agrupaciones.<\/p>\n\n\n\n<p>Cabe recordar que el t\u00e9rmino \u201cdefensora o defensor de los derechos humanos\u201d se utiliza para describir a la persona que, individualmente o junto con otras, se esfuerza en promover o proteger los derechos humanos. Adem\u00e1s, se les reconoce por el trabajo a favor de los derechos de otras personas y no por el nombramiento que las organizaciones civiles o sociales hagan de ellas.<\/p>\n\n\n\n<p>El Gobierno del Estado reconoce que las Personas Defensoras de los Derechos Humanos son fundamentales para la construcci\u00f3n de la democracia y del estado de derecho, por ello, la administraci\u00f3n tiene la obligaci\u00f3n de garantizar espacios seguros para el ejercicio de su trabajo.<\/p>\n\n\n\n<p>-0-<\/p>\n","protected":false},"excerpt":{"rendered":"<p>Oaxaca de Ju\u00e1rez, Oax. 31 de julio de 2024.- La Coordinaci\u00f3n de Atenci\u00f3n a los&#8230;<\/p>\n","protected":false},"author":4,"featured_media":29604,"comment_status":"","ping_status":"open","sticky":false,"template":"","format":"standard","meta":{"footnotes":""},"categories":[9],"tags":[],"jetpack_sharing_enabled":true,"featured_image_urls":{"full":["https:\/\/contextoanalisisperiodistico.com\/wp-content\/uploads\/2024\/07\/IMG-20240731-WA0010.jpg",1600,1600,false],"thumbnail":["https:\/\/contextoanalisisperiodistico.com\/wp-content\/uploads\/2024\/07\/IMG-20240731-WA0010-150x150.jpg",150,150,true],"medium":["https:\/\/contextoanalisisperiodistico.com\/wp-content\/uploads\/2024\/07\/IMG-20240731-WA0010-300x300.jpg",300,300,true],"medium_large":["https:\/\/contextoanalisisperiodistico.com\/wp-content\/uploads\/2024\/07\/IMG-20240731-WA0010-768x768.jpg",640,640,true],"large":["https:\/\/contextoanalisisperiodistico.com\/wp-content\/uploads\/2024\/07\/IMG-20240731-WA0010-1024x1024.jpg",640,640,true],"1536x1536":["https:\/\/contextoanalisisperiodistico.com\/wp-content\/uploads\/2024\/07\/IMG-20240731-WA0010-1536x1536.jpg",1536,1536,true],"2048x2048":["https:\/\/contextoanalisisperiodistico.com\/wp-content\/uploads\/2024\/07\/IMG-20240731-WA0010.jpg",1600,1600,false],"covernews-slider-full":["https:\/\/contextoanalisisperiodistico.com\/wp-content\/uploads\/2024\/07\/IMG-20240731-WA0010-1115x715.jpg",1115,715,true],"covernews-slider-center":["https:\/\/contextoanalisisperiodistico.com\/wp-content\/uploads\/2024\/07\/IMG-20240731-WA0010-800x500.jpg",800,500,true],"covernews-featured":["https:\/\/contextoanalisisperiodistico.com\/wp-content\/uploads\/2024\/07\/IMG-20240731-WA0010-1024x1024.jpg",1024,1024,true],"covernews-medium":["https:\/\/contextoanalisisperiodistico.com\/wp-content\/uploads\/2024\/07\/IMG-20240731-WA0010-540x340.jpg",540,340,true],"covernews-medium-square":["https:\/\/contextoanalisisperiodistico.com\/wp-content\/uploads\/2024\/07\/IMG-20240731-WA0010-400x250.jpg",400,250,true]},"author_info":{"display_name":"Mario Gir\u00f3n","author_link":"https:\/\/contextoanalisisperiodistico.com\/index.php\/author\/director\/"},"category_info":"<a href=\"https:\/\/contextoanalisisperiodistico.com\/index.php\/category\/politica\/\" rel=\"category tag\">Pol\u00edtica<\/a>","tag_info":"Pol\u00edtica","comment_count":"0","jetpack_featured_media_url":"https:\/\/contextoanalisisperiodistico.com\/wp-content\/uploads\/2024\/07\/IMG-20240731-WA0010.jpg","_links":{"self":[{"href":"https:\/\/contextoanalisisperiodistico.com\/index.php\/wp-json\/wp\/v2\/posts\/29605"}],"collection":[{"href":"https:\/\/contextoanalisisperiodistico.com\/index.php\/wp-json\/wp\/v2\/posts"}],"about":[{"href":"https:\/\/contextoanalisisperiodistico.com\/index.php\/wp-json\/wp\/v2\/types\/post"}],"author":[{"embeddable":true,"href":"https:\/\/contextoanalisisperiodistico.com\/index.php\/wp-json\/wp\/v2\/users\/4"}],"replies":[{"embeddable":true,"href":"https:\/\/contextoanalisisperiodistico.com\/index.php\/wp-json\/wp\/v2\/comments?post=29605"}],"version-history":[{"count":0,"href":"https:\/\/contextoanalisisperiodistico.com\/index.php\/wp-json\/wp\/v2\/posts\/29605\/revisions"}],"wp:featuredmedia":[{"embeddable":true,"href":"https:\/\/contextoanalisisperiodistico.com\/index.php\/wp-json\/wp\/v2\/media\/29604"}],"wp:attachment":[{"href":"https:\/\/contextoanalisisperiodistico.com\/index.php\/wp-json\/wp\/v2\/media?parent=29605"}],"wp:term":[{"taxonomy":"category","embeddable":true,"href":"https:\/\/contextoanalisisperiodistico.com\/index.php\/wp-json\/wp\/v2\/categories?post=29605"},{"taxonomy":"post_tag","embeddable":true,"href":"https:\/\/contextoanalisisperiodistico.com\/index.php\/wp-json\/wp\/v2\/tags?post=29605"}],"curies":[{"name":"wp","href":"https:\/\/api.w.org\/{rel}","templated":true}]}}