{"id":29594,"date":"2024-07-30T20:41:48","date_gmt":"2024-07-31T02:41:48","guid":{"rendered":"https:\/\/contextoanalisisperiodistico.com\/index.php\/2024\/07\/30\/restaura-municipio-monumento-a-juarez-en-viguera\/"},"modified":"2024-07-30T20:41:48","modified_gmt":"2024-07-31T02:41:48","slug":"restaura-municipio-monumento-a-juarez-en-viguera","status":"publish","type":"post","link":"https:\/\/contextoanalisisperiodistico.com\/index.php\/2024\/07\/30\/restaura-municipio-monumento-a-juarez-en-viguera\/","title":{"rendered":"Restaura municipio Monumento a Ju\u00e1rez en Viguera"},"content":{"rendered":"<div id=\"fb-root\"><\/div>\n\n<ul class=\"wp-block-list\">\n<li>La dignificaci\u00f3n de los espacios p\u00fablicos ser\u00e1 un legado para la ciudadan\u00eda.<\/li>\n<\/ul>\n\n\n\n<p>Oaxaca de Ju\u00e1rez, Oaxaca, a 30 de julio de 2024.- Para mantener en buenas condiciones los espacios p\u00fablicos de la capital, el Ayuntamiento de Oaxaca de Ju\u00e1rez a trav\u00e9s de la Secretar\u00eda de Obras P\u00fablicas y Desarrollo Urbano realiz\u00f3 trabajos de restauraci\u00f3n en el Monumento a Benito Ju\u00e1rez, ubicado en la agencia de Trinidad de Viguera.<\/p>\n\n\n\n<p>La intervenci\u00f3n consisti\u00f3 en la colocaci\u00f3n de letras a base de placa de 1\/8 de grosor cortadas con l\u00e1ser, con lo que se busca garantizar una mayor resistencia y durabilidad de los materiales ante inclemencias derivadas del clima u otros factores que los desgastan.<\/p>\n\n\n\n<p>Asimismo, gracias a un trabajo de sublimaci\u00f3n de las letras colocadas en el monumento, se asegura que estas se encuentren a la medida y con ello se eviten da\u00f1os innecesarios al inmueble.<\/p>\n\n\n\n<p>Entre las acciones m\u00e1s relevantes, adem\u00e1s de tareas de pintura, se realiz\u00f3 el taqueteado y la soldadura de las letras que conforman la leyenda \u201cEl respeto al derecho ajeno es la paz\u201d, con la finalidad de mantenerlas fijas por un lapso mayor y garantice la durabilidad de los trabajos de mantenimiento.<\/p>\n\n\n\n<p>Con estas acciones de mantenimiento y cuidado de los monumentos hist\u00f3ricos, el Ayuntamiento capitalino reafirma el compromiso de atender la infraestructura urbana mediante trabajos de preservaci\u00f3n del legado hist\u00f3rico oaxaque\u00f1o.<\/p>\n\n\n\n<p>El monumento a Benito Ju\u00e1rez en la entrada de la ciudad nos recuerda el valor de la lucha emprendida por el Benem\u00e9rito de las Am\u00e9ricas en busca de un mejor destino para M\u00e9xico.<\/p>\n","protected":false},"excerpt":{"rendered":"<p>Oaxaca de Ju\u00e1rez, Oaxaca, a 30 de julio de 2024.- Para mantener en buenas condiciones&#8230;<\/p>\n","protected":false},"author":4,"featured_media":29593,"comment_status":"","ping_status":"open","sticky":false,"template":"","format":"standard","meta":{"footnotes":""},"categories":[9],"tags":[],"jetpack_sharing_enabled":true,"featured_image_urls":{"full":["https:\/\/contextoanalisisperiodistico.com\/wp-content\/uploads\/2024\/07\/FOTOBLT30-07-2024.png",1500,1125,false],"thumbnail":["https:\/\/contextoanalisisperiodistico.com\/wp-content\/uploads\/2024\/07\/FOTOBLT30-07-2024-150x150.png",150,150,true],"medium":["https:\/\/contextoanalisisperiodistico.com\/wp-content\/uploads\/2024\/07\/FOTOBLT30-07-2024-300x225.png",300,225,true],"medium_large":["https:\/\/contextoanalisisperiodistico.com\/wp-content\/uploads\/2024\/07\/FOTOBLT30-07-2024-768x576.png",640,480,true],"large":["https:\/\/contextoanalisisperiodistico.com\/wp-content\/uploads\/2024\/07\/FOTOBLT30-07-2024-1024x768.png",640,480,true],"1536x1536":["https:\/\/contextoanalisisperiodistico.com\/wp-content\/uploads\/2024\/07\/FOTOBLT30-07-2024.png",1500,1125,false],"2048x2048":["https:\/\/contextoanalisisperiodistico.com\/wp-content\/uploads\/2024\/07\/FOTOBLT30-07-2024.png",1500,1125,false],"covernews-slider-full":["https:\/\/contextoanalisisperiodistico.com\/wp-content\/uploads\/2024\/07\/FOTOBLT30-07-2024-1115x715.png",1115,715,true],"covernews-slider-center":["https:\/\/contextoanalisisperiodistico.com\/wp-content\/uploads\/2024\/07\/FOTOBLT30-07-2024-800x500.png",800,500,true],"covernews-featured":["https:\/\/contextoanalisisperiodistico.com\/wp-content\/uploads\/2024\/07\/FOTOBLT30-07-2024-1024x768.png",1024,768,true],"covernews-medium":["https:\/\/contextoanalisisperiodistico.com\/wp-content\/uploads\/2024\/07\/FOTOBLT30-07-2024-540x340.png",540,340,true],"covernews-medium-square":["https:\/\/contextoanalisisperiodistico.com\/wp-content\/uploads\/2024\/07\/FOTOBLT30-07-2024-400x250.png",400,250,true]},"author_info":{"display_name":"Mario Gir\u00f3n","author_link":"https:\/\/contextoanalisisperiodistico.com\/index.php\/author\/director\/"},"category_info":"<a href=\"https:\/\/contextoanalisisperiodistico.com\/index.php\/category\/politica\/\" rel=\"category tag\">Pol\u00edtica<\/a>","tag_info":"Pol\u00edtica","comment_count":"0","jetpack_featured_media_url":"https:\/\/contextoanalisisperiodistico.com\/wp-content\/uploads\/2024\/07\/FOTOBLT30-07-2024.png","_links":{"self":[{"href":"https:\/\/contextoanalisisperiodistico.com\/index.php\/wp-json\/wp\/v2\/posts\/29594"}],"collection":[{"href":"https:\/\/contextoanalisisperiodistico.com\/index.php\/wp-json\/wp\/v2\/posts"}],"about":[{"href":"https:\/\/contextoanalisisperiodistico.com\/index.php\/wp-json\/wp\/v2\/types\/post"}],"author":[{"embeddable":true,"href":"https:\/\/contextoanalisisperiodistico.com\/index.php\/wp-json\/wp\/v2\/users\/4"}],"replies":[{"embeddable":true,"href":"https:\/\/contextoanalisisperiodistico.com\/index.php\/wp-json\/wp\/v2\/comments?post=29594"}],"version-history":[{"count":0,"href":"https:\/\/contextoanalisisperiodistico.com\/index.php\/wp-json\/wp\/v2\/posts\/29594\/revisions"}],"wp:featuredmedia":[{"embeddable":true,"href":"https:\/\/contextoanalisisperiodistico.com\/index.php\/wp-json\/wp\/v2\/media\/29593"}],"wp:attachment":[{"href":"https:\/\/contextoanalisisperiodistico.com\/index.php\/wp-json\/wp\/v2\/media?parent=29594"}],"wp:term":[{"taxonomy":"category","embeddable":true,"href":"https:\/\/contextoanalisisperiodistico.com\/index.php\/wp-json\/wp\/v2\/categories?post=29594"},{"taxonomy":"post_tag","embeddable":true,"href":"https:\/\/contextoanalisisperiodistico.com\/index.php\/wp-json\/wp\/v2\/tags?post=29594"}],"curies":[{"name":"wp","href":"https:\/\/api.w.org\/{rel}","templated":true}]}}