{"id":29586,"date":"2024-07-30T20:05:34","date_gmt":"2024-07-31T02:05:34","guid":{"rendered":"https:\/\/contextoanalisisperiodistico.com\/index.php\/2024\/07\/30\/resguarda-dif-oaxaca-a-nueve-ninos-y-adolescentes-originarios-de-chiapas\/"},"modified":"2024-07-30T20:05:34","modified_gmt":"2024-07-31T02:05:34","slug":"resguarda-dif-oaxaca-a-nueve-ninos-y-adolescentes-originarios-de-chiapas","status":"publish","type":"post","link":"https:\/\/contextoanalisisperiodistico.com\/index.php\/2024\/07\/30\/resguarda-dif-oaxaca-a-nueve-ninos-y-adolescentes-originarios-de-chiapas\/","title":{"rendered":"Resguarda DIF Oaxaca a nueve ni\u00f1os y adolescentes originarios de Chiapas"},"content":{"rendered":"<div id=\"fb-root\"><\/div>\n\n<p>\u2022 La recuperaci\u00f3n de los menores de edad se logr\u00f3 gracias a una denuncia presentada por la Prodennao ante la Fiscal\u00eda General del Estado<\/p>\n\n\n\n<figure class=\"wp-block-image size-large\"><img fetchpriority=\"high\" decoding=\"async\" width=\"1024\" height=\"682\" src=\"https:\/\/contextoanalisisperiodistico.com\/wp-content\/uploads\/2024\/07\/img-20240730-wa01051194415613253279779-1024x682.jpg\" alt=\"\" class=\"wp-image-29584\" srcset=\"https:\/\/contextoanalisisperiodistico.com\/wp-content\/uploads\/2024\/07\/img-20240730-wa01051194415613253279779-1024x682.jpg 1024w, https:\/\/contextoanalisisperiodistico.com\/wp-content\/uploads\/2024\/07\/img-20240730-wa01051194415613253279779-300x200.jpg 300w, https:\/\/contextoanalisisperiodistico.com\/wp-content\/uploads\/2024\/07\/img-20240730-wa01051194415613253279779-768x512.jpg 768w, https:\/\/contextoanalisisperiodistico.com\/wp-content\/uploads\/2024\/07\/img-20240730-wa01051194415613253279779.jpg 1280w\" sizes=\"(max-width: 1024px) 100vw, 1024px\" \/><\/figure>\n\n\n\n<figure class=\"wp-block-image\"><img decoding=\"async\" width=\"1024\" height=\"682\" src=\"https:\/\/contextoanalisisperiodistico.com\/wp-content\/uploads\/2024\/07\/img-20240730-wa01076082971909537166953-1024x682.jpg\" alt=\"\" class=\"wp-image-29585\" srcset=\"https:\/\/contextoanalisisperiodistico.com\/wp-content\/uploads\/2024\/07\/img-20240730-wa01076082971909537166953-1024x682.jpg 1024w, https:\/\/contextoanalisisperiodistico.com\/wp-content\/uploads\/2024\/07\/img-20240730-wa01076082971909537166953-300x200.jpg 300w, https:\/\/contextoanalisisperiodistico.com\/wp-content\/uploads\/2024\/07\/img-20240730-wa01076082971909537166953-768x512.jpg 768w, https:\/\/contextoanalisisperiodistico.com\/wp-content\/uploads\/2024\/07\/img-20240730-wa01076082971909537166953.jpg 1280w\" sizes=\"(max-width: 1024px) 100vw, 1024px\" \/><\/figure>\n\n\n\n<p>\u2022 Las personas responsables se encuentran en prisi\u00f3n preventiva justificada por el delito de trata de personas<\/p>\n\n\n\n<p>Oaxaca de Ju\u00e1rez, Oax., 30 de julio de 2024.- En el marco del D\u00eda Mundial contra la Trata de Personas, la procuradora Estatal de Protecci\u00f3n de los Derechos de Ni\u00f1as, Ni\u00f1os y Adolescentes del Estado de Oaxaca (Prodennao), Yarib Hern\u00e1ndez Garc\u00eda inform\u00f3 que el 17 de julio del presente a\u00f1o, la Fiscal\u00eda General del Estado logr\u00f3 la recuperaci\u00f3n de nueve ni\u00f1os y adolescentes originarios de Chiapas, quienes eran obligados a trabajar y viv\u00edan en condiciones insalubres y de hacinamiento en la capital oaxaque\u00f1a.<br \/>Este resultado se obtuvo derivado de la denuncia presentada por la Prodennao dependiente del Sistema Estatal para el Desarrollo Integral de la Familia (DIF) ante la Fiscal\u00eda General del Estado, instancia que logr\u00f3 la detenci\u00f3n de dos sujetos del sexo masculino, debido a que presuntamente les obligaban a vender dulces y cigarros en las calles del centro de la ciudad de Oaxaca de Ju\u00e1rez, en horarios excesivos desde las 16:00 horas hasta pasada la medianoche todos los d\u00edas de la semana.<br \/>Explic\u00f3 que a partir de esa fecha los menores de edad se encuentran en un Centro de Asistencia Social (CAS) del Sistema Estatal DIF, donde se les ha brindado atenci\u00f3n m\u00e9dica, psicol\u00f3gica, representaci\u00f3n legal y cuidados.<\/p>\n\n\n\n<p>Detall\u00f3 que, al momento se ha detectado la vulneraci\u00f3n de sus derechos de acceso a la educaci\u00f3n, a la salud, a la integridad, al descanso y al esparcimiento, as\u00ed como a la libertad de expresi\u00f3n, de acceso a la informaci\u00f3n y a una vida libre de violencia.<\/p>\n\n\n\n<p>Respecto a las personas detenidas, coment\u00f3 que el juez determin\u00f3 vincularlas a proceso y actualmente se encuentran en prisi\u00f3n preventiva justificada por el delito de trata de personas en su modalidad de captaci\u00f3n, traslado y alojamiento con fines de explotaci\u00f3n laboral.<\/p>\n\n\n\n<p>\u201cEliminar la explotaci\u00f3n laboral es una prioridad para el Sistema DIF Oaxaca y a trav\u00e9s de un esfuerzo continuo y coordinado por parte de todas las instituciones y la sociedad, se podr\u00e1n generar entornos seguros para las Ni\u00f1as, Ni\u00f1os y Adolescentes (NNA)\u201d, concluy\u00f3.<\/p>\n\n\n\n<p>Cabe destacar que en el mes de mayo de manera conjunta con la Secretar\u00eda del trabajo, y la Procuradur\u00eda Municipal de Derechos de NNA del Municipio de Oaxaca de Ju\u00e1rez, la Prodennao realiz\u00f3 una Brigada de detecci\u00f3n de trabajo infantil en el centro hist\u00f3rico. Del resultado, elaboraron un diagn\u00f3stico y se present\u00f3 una denuncia ante la Fiscal\u00eda General del Estado por la comisi\u00f3n de delitos en agravio de NNA.<br \/>-0-<\/p>\n","protected":false},"excerpt":{"rendered":"<p>\u2022 La recuperaci\u00f3n de los menores de edad se logr\u00f3 gracias a una denuncia presentada&#8230;<\/p>\n","protected":false},"author":4,"featured_media":29583,"comment_status":"","ping_status":"open","sticky":false,"template":"","format":"standard","meta":{"footnotes":""},"categories":[9],"tags":[],"jetpack_sharing_enabled":true,"featured_image_urls":{"full":["https:\/\/contextoanalisisperiodistico.com\/wp-content\/uploads\/2024\/07\/IMG-20240730-WA0106.jpg",1280,853,false],"thumbnail":["https:\/\/contextoanalisisperiodistico.com\/wp-content\/uploads\/2024\/07\/IMG-20240730-WA0106-150x150.jpg",150,150,true],"medium":["https:\/\/contextoanalisisperiodistico.com\/wp-content\/uploads\/2024\/07\/IMG-20240730-WA0106-300x200.jpg",300,200,true],"medium_large":["https:\/\/contextoanalisisperiodistico.com\/wp-content\/uploads\/2024\/07\/IMG-20240730-WA0106-768x512.jpg",640,427,true],"large":["https:\/\/contextoanalisisperiodistico.com\/wp-content\/uploads\/2024\/07\/IMG-20240730-WA0106-1024x682.jpg",640,426,true],"1536x1536":["https:\/\/contextoanalisisperiodistico.com\/wp-content\/uploads\/2024\/07\/IMG-20240730-WA0106.jpg",1280,853,false],"2048x2048":["https:\/\/contextoanalisisperiodistico.com\/wp-content\/uploads\/2024\/07\/IMG-20240730-WA0106.jpg",1280,853,false],"covernews-slider-full":["https:\/\/contextoanalisisperiodistico.com\/wp-content\/uploads\/2024\/07\/IMG-20240730-WA0106-1115x715.jpg",1115,715,true],"covernews-slider-center":["https:\/\/contextoanalisisperiodistico.com\/wp-content\/uploads\/2024\/07\/IMG-20240730-WA0106-800x500.jpg",800,500,true],"covernews-featured":["https:\/\/contextoanalisisperiodistico.com\/wp-content\/uploads\/2024\/07\/IMG-20240730-WA0106-1024x682.jpg",1024,682,true],"covernews-medium":["https:\/\/contextoanalisisperiodistico.com\/wp-content\/uploads\/2024\/07\/IMG-20240730-WA0106-540x340.jpg",540,340,true],"covernews-medium-square":["https:\/\/contextoanalisisperiodistico.com\/wp-content\/uploads\/2024\/07\/IMG-20240730-WA0106-400x250.jpg",400,250,true]},"author_info":{"display_name":"Mario Gir\u00f3n","author_link":"https:\/\/contextoanalisisperiodistico.com\/index.php\/author\/director\/"},"category_info":"<a href=\"https:\/\/contextoanalisisperiodistico.com\/index.php\/category\/politica\/\" rel=\"category tag\">Pol\u00edtica<\/a>","tag_info":"Pol\u00edtica","comment_count":"0","jetpack_featured_media_url":"https:\/\/contextoanalisisperiodistico.com\/wp-content\/uploads\/2024\/07\/IMG-20240730-WA0106.jpg","_links":{"self":[{"href":"https:\/\/contextoanalisisperiodistico.com\/index.php\/wp-json\/wp\/v2\/posts\/29586"}],"collection":[{"href":"https:\/\/contextoanalisisperiodistico.com\/index.php\/wp-json\/wp\/v2\/posts"}],"about":[{"href":"https:\/\/contextoanalisisperiodistico.com\/index.php\/wp-json\/wp\/v2\/types\/post"}],"author":[{"embeddable":true,"href":"https:\/\/contextoanalisisperiodistico.com\/index.php\/wp-json\/wp\/v2\/users\/4"}],"replies":[{"embeddable":true,"href":"https:\/\/contextoanalisisperiodistico.com\/index.php\/wp-json\/wp\/v2\/comments?post=29586"}],"version-history":[{"count":0,"href":"https:\/\/contextoanalisisperiodistico.com\/index.php\/wp-json\/wp\/v2\/posts\/29586\/revisions"}],"wp:featuredmedia":[{"embeddable":true,"href":"https:\/\/contextoanalisisperiodistico.com\/index.php\/wp-json\/wp\/v2\/media\/29583"}],"wp:attachment":[{"href":"https:\/\/contextoanalisisperiodistico.com\/index.php\/wp-json\/wp\/v2\/media?parent=29586"}],"wp:term":[{"taxonomy":"category","embeddable":true,"href":"https:\/\/contextoanalisisperiodistico.com\/index.php\/wp-json\/wp\/v2\/categories?post=29586"},{"taxonomy":"post_tag","embeddable":true,"href":"https:\/\/contextoanalisisperiodistico.com\/index.php\/wp-json\/wp\/v2\/tags?post=29586"}],"curies":[{"name":"wp","href":"https:\/\/api.w.org\/{rel}","templated":true}]}}