{"id":29566,"date":"2024-07-30T15:29:57","date_gmt":"2024-07-30T21:29:57","guid":{"rendered":"https:\/\/contextoanalisisperiodistico.com\/index.php\/2024\/07\/30\/monitorea-proteccion-civil-canales-de-baja-presion-con-probabilidad-de-desarrollo-ciclonico-en-oaxaca\/"},"modified":"2024-07-30T15:29:57","modified_gmt":"2024-07-30T21:29:57","slug":"monitorea-proteccion-civil-canales-de-baja-presion-con-probabilidad-de-desarrollo-ciclonico-en-oaxaca","status":"publish","type":"post","link":"https:\/\/contextoanalisisperiodistico.com\/index.php\/2024\/07\/30\/monitorea-proteccion-civil-canales-de-baja-presion-con-probabilidad-de-desarrollo-ciclonico-en-oaxaca\/","title":{"rendered":"Monitorea Protecci\u00f3n Civil canales de baja presi\u00f3n con probabilidad de desarrollo cicl\u00f3nico en Oaxaca"},"content":{"rendered":"<div id=\"fb-root\"><\/div>\n\n<p>Oaxaca de Ju\u00e1rez, Oax. 30 de julio de 2024.- La Coordinaci\u00f3n Estatal de Protecci\u00f3n Civil y Gesti\u00f3n de Riesgos (CEPCyGR) informa que se mantiene el monitoreo constante de dos canales de baja presi\u00f3n con probabilidad para desarrollo cicl\u00f3nico a desarrollarse en siete d\u00edas y que puede afectar al estado de Oaxaca.<\/p>\n\n\n\n<p>El primero se encuentra ubicado al sur de Michoac\u00e1n, est\u00e1 asociado con la onda tropical n\u00famero 14 y hasta el momento se mantiene en un 90 por ciento de probabilidad para desarrollo cicl\u00f3nico en 48 horas y a siete d\u00edas.<\/p>\n\n\n\n<p>Mientras que el segundo canal de baja presi\u00f3n se posiciona al sur de Chiapas, Oaxaca y Guerrero, mantiene un 70 por ciento la probabilidad de desarrollo cicl\u00f3nico en siete d\u00edas.<\/p>\n\n\n\n<p>De acuerdo con el Servicio Meteorol\u00f3gico Nacional (SMN) estos fen\u00f3menos naturales dejar\u00e1n lluvias intensas, tormentas acompa\u00f1adas de actividad el\u00e9ctrica y rachas de viento en diferentes puntos del estado de Oaxaca, contribuyendo en el incremento de los niveles de r\u00edos o arroyos de respuesta r\u00e1pida, deslaves, ca\u00edda de \u00e1rboles, encharcamientos urbanos e inundaciones en partes bajas.<\/p>\n\n\n\n<p>Por lo que la dependencia emite las siguientes recomendaciones a la poblaci\u00f3n:<\/p>\n\n\n\n<p>\u2022 Localizar los lugares altos y las rutas por donde se pueda llegar a los refugios temporales<br \/>\u2022 Informarse a trav\u00e9s de los medios de comunicaci\u00f3n, de los avisos o pron\u00f3sticos de lluvias<br \/>\u2022 Obedecer las recomendaciones de las unidades de Protecci\u00f3n Civil<br \/>\u2022 Evitar cruzar puentes cuando el nivel del r\u00edo lo alcance<br \/>\u2022 Si habitan en ca\u00f1adas o laderas muy inclinadas estar atentos a los cambios que presenten para prevenir un deslizamiento de tierra o cualquier otro incidente<br \/>\u2022 Evitar cruzar cualquier r\u00edo en veh\u00edculo o caminando ya que podr\u00eda ser arrastrado<br \/>\u2022 Practicar con tiempo una evacuaci\u00f3n hacia zonas m\u00e1s seguras<br \/>Se exhorta a la poblaci\u00f3n atender las recomendaciones de Protecci\u00f3n Civil y Capitan\u00edas de Puerto, as\u00ed como a mantenerse informada de las condiciones meteorol\u00f3gicas a trav\u00e9s de los medios y redes sociales oficiales: Facebook @CEPCYGRGobOax y en X @CEPCyGR_GobOax.<\/p>\n\n\n\n<p>-0-<\/p>\n","protected":false},"excerpt":{"rendered":"<p>Oaxaca de Ju\u00e1rez, Oax. 30 de julio de 2024.- La Coordinaci\u00f3n Estatal de Protecci\u00f3n Civil&#8230;<\/p>\n","protected":false},"author":4,"featured_media":29565,"comment_status":"","ping_status":"open","sticky":false,"template":"","format":"standard","meta":{"footnotes":""},"categories":[9],"tags":[],"jetpack_sharing_enabled":true,"featured_image_urls":{"full":["https:\/\/contextoanalisisperiodistico.com\/wp-content\/uploads\/2024\/07\/IMG-20240730-WA0054.jpg",1600,918,false],"thumbnail":["https:\/\/contextoanalisisperiodistico.com\/wp-content\/uploads\/2024\/07\/IMG-20240730-WA0054-150x150.jpg",150,150,true],"medium":["https:\/\/contextoanalisisperiodistico.com\/wp-content\/uploads\/2024\/07\/IMG-20240730-WA0054-300x172.jpg",300,172,true],"medium_large":["https:\/\/contextoanalisisperiodistico.com\/wp-content\/uploads\/2024\/07\/IMG-20240730-WA0054-768x441.jpg",640,368,true],"large":["https:\/\/contextoanalisisperiodistico.com\/wp-content\/uploads\/2024\/07\/IMG-20240730-WA0054-1024x588.jpg",640,368,true],"1536x1536":["https:\/\/contextoanalisisperiodistico.com\/wp-content\/uploads\/2024\/07\/IMG-20240730-WA0054-1536x881.jpg",1536,881,true],"2048x2048":["https:\/\/contextoanalisisperiodistico.com\/wp-content\/uploads\/2024\/07\/IMG-20240730-WA0054.jpg",1600,918,false],"covernews-slider-full":["https:\/\/contextoanalisisperiodistico.com\/wp-content\/uploads\/2024\/07\/IMG-20240730-WA0054-1115x715.jpg",1115,715,true],"covernews-slider-center":["https:\/\/contextoanalisisperiodistico.com\/wp-content\/uploads\/2024\/07\/IMG-20240730-WA0054-800x500.jpg",800,500,true],"covernews-featured":["https:\/\/contextoanalisisperiodistico.com\/wp-content\/uploads\/2024\/07\/IMG-20240730-WA0054-1024x588.jpg",1024,588,true],"covernews-medium":["https:\/\/contextoanalisisperiodistico.com\/wp-content\/uploads\/2024\/07\/IMG-20240730-WA0054-540x340.jpg",540,340,true],"covernews-medium-square":["https:\/\/contextoanalisisperiodistico.com\/wp-content\/uploads\/2024\/07\/IMG-20240730-WA0054-400x250.jpg",400,250,true]},"author_info":{"display_name":"Mario Gir\u00f3n","author_link":"https:\/\/contextoanalisisperiodistico.com\/index.php\/author\/director\/"},"category_info":"<a href=\"https:\/\/contextoanalisisperiodistico.com\/index.php\/category\/politica\/\" rel=\"category tag\">Pol\u00edtica<\/a>","tag_info":"Pol\u00edtica","comment_count":"0","jetpack_featured_media_url":"https:\/\/contextoanalisisperiodistico.com\/wp-content\/uploads\/2024\/07\/IMG-20240730-WA0054.jpg","_links":{"self":[{"href":"https:\/\/contextoanalisisperiodistico.com\/index.php\/wp-json\/wp\/v2\/posts\/29566"}],"collection":[{"href":"https:\/\/contextoanalisisperiodistico.com\/index.php\/wp-json\/wp\/v2\/posts"}],"about":[{"href":"https:\/\/contextoanalisisperiodistico.com\/index.php\/wp-json\/wp\/v2\/types\/post"}],"author":[{"embeddable":true,"href":"https:\/\/contextoanalisisperiodistico.com\/index.php\/wp-json\/wp\/v2\/users\/4"}],"replies":[{"embeddable":true,"href":"https:\/\/contextoanalisisperiodistico.com\/index.php\/wp-json\/wp\/v2\/comments?post=29566"}],"version-history":[{"count":0,"href":"https:\/\/contextoanalisisperiodistico.com\/index.php\/wp-json\/wp\/v2\/posts\/29566\/revisions"}],"wp:featuredmedia":[{"embeddable":true,"href":"https:\/\/contextoanalisisperiodistico.com\/index.php\/wp-json\/wp\/v2\/media\/29565"}],"wp:attachment":[{"href":"https:\/\/contextoanalisisperiodistico.com\/index.php\/wp-json\/wp\/v2\/media?parent=29566"}],"wp:term":[{"taxonomy":"category","embeddable":true,"href":"https:\/\/contextoanalisisperiodistico.com\/index.php\/wp-json\/wp\/v2\/categories?post=29566"},{"taxonomy":"post_tag","embeddable":true,"href":"https:\/\/contextoanalisisperiodistico.com\/index.php\/wp-json\/wp\/v2\/tags?post=29566"}],"curies":[{"name":"wp","href":"https:\/\/api.w.org\/{rel}","templated":true}]}}