{"id":29564,"date":"2024-07-30T15:22:50","date_gmt":"2024-07-30T21:22:50","guid":{"rendered":"https:\/\/contextoanalisisperiodistico.com\/index.php\/2024\/07\/30\/sso-y-autoridades-del-istmo-unen-esfuerzos-contra-el-dengue\/"},"modified":"2024-07-30T15:22:50","modified_gmt":"2024-07-30T21:22:50","slug":"sso-y-autoridades-del-istmo-unen-esfuerzos-contra-el-dengue","status":"publish","type":"post","link":"https:\/\/contextoanalisisperiodistico.com\/index.php\/2024\/07\/30\/sso-y-autoridades-del-istmo-unen-esfuerzos-contra-el-dengue\/","title":{"rendered":"SSO y autoridades del Istmo unen esfuerzos contra el dengue"},"content":{"rendered":"<div id=\"fb-root\"><\/div>\n\n<p>\u2022 Coinciden Servicios de Salud de Oaxaca y 17 municipios en fortalecer estrategias en localidades de riesgo para la activa participaci\u00f3n comunitaria, fundamental en la prevenci\u00f3n del vector<br \/>Juchit\u00e1n de Zaragoza, Oax. 30 de julio de 2024.- En seguimiento a las actividades contra el mosco transmisor del dengue, los Servicios de Salud de Oaxaca (SSO) a trav\u00e9s de la Jurisdicci\u00f3n Sanitaria 2 Istmo y 17 autoridades municipales de la regi\u00f3n, llevaron a cabo una reuni\u00f3n de trabajo.<\/p>\n\n\n\n<figure class=\"wp-block-image size-large\"><img fetchpriority=\"high\" decoding=\"async\" width=\"1024\" height=\"631\" src=\"https:\/\/contextoanalisisperiodistico.com\/wp-content\/uploads\/2024\/07\/img-20240730-wa00484432422075725400463-1024x631.jpg\" alt=\"\" class=\"wp-image-29563\" srcset=\"https:\/\/contextoanalisisperiodistico.com\/wp-content\/uploads\/2024\/07\/img-20240730-wa00484432422075725400463-1024x631.jpg 1024w, https:\/\/contextoanalisisperiodistico.com\/wp-content\/uploads\/2024\/07\/img-20240730-wa00484432422075725400463-300x185.jpg 300w, https:\/\/contextoanalisisperiodistico.com\/wp-content\/uploads\/2024\/07\/img-20240730-wa00484432422075725400463-768x473.jpg 768w, https:\/\/contextoanalisisperiodistico.com\/wp-content\/uploads\/2024\/07\/img-20240730-wa00484432422075725400463-1536x947.jpg 1536w, https:\/\/contextoanalisisperiodistico.com\/wp-content\/uploads\/2024\/07\/img-20240730-wa00484432422075725400463.jpg 1600w\" sizes=\"(max-width: 1024px) 100vw, 1024px\" \/><\/figure>\n\n\n\n<figure class=\"wp-block-image\"><img decoding=\"async\" width=\"1024\" height=\"768\" src=\"https:\/\/contextoanalisisperiodistico.com\/wp-content\/uploads\/2024\/07\/img-20240730-wa0050822759044013061793-1024x768.jpg\" alt=\"\" class=\"wp-image-29561\" srcset=\"https:\/\/contextoanalisisperiodistico.com\/wp-content\/uploads\/2024\/07\/img-20240730-wa0050822759044013061793-1024x768.jpg 1024w, https:\/\/contextoanalisisperiodistico.com\/wp-content\/uploads\/2024\/07\/img-20240730-wa0050822759044013061793-300x225.jpg 300w, https:\/\/contextoanalisisperiodistico.com\/wp-content\/uploads\/2024\/07\/img-20240730-wa0050822759044013061793-768x576.jpg 768w, https:\/\/contextoanalisisperiodistico.com\/wp-content\/uploads\/2024\/07\/img-20240730-wa0050822759044013061793.jpg 1280w\" sizes=\"(max-width: 1024px) 100vw, 1024px\" \/><\/figure>\n\n\n\n<figure class=\"wp-block-image\"><img decoding=\"async\" width=\"1024\" height=\"768\" src=\"https:\/\/contextoanalisisperiodistico.com\/wp-content\/uploads\/2024\/07\/img-20240730-wa00518701885753674969832-1024x768.jpg\" alt=\"\" class=\"wp-image-29562\" srcset=\"https:\/\/contextoanalisisperiodistico.com\/wp-content\/uploads\/2024\/07\/img-20240730-wa00518701885753674969832-1024x768.jpg 1024w, https:\/\/contextoanalisisperiodistico.com\/wp-content\/uploads\/2024\/07\/img-20240730-wa00518701885753674969832-300x225.jpg 300w, https:\/\/contextoanalisisperiodistico.com\/wp-content\/uploads\/2024\/07\/img-20240730-wa00518701885753674969832-768x576.jpg 768w, https:\/\/contextoanalisisperiodistico.com\/wp-content\/uploads\/2024\/07\/img-20240730-wa00518701885753674969832-1536x1152.jpg 1536w, https:\/\/contextoanalisisperiodistico.com\/wp-content\/uploads\/2024\/07\/img-20240730-wa00518701885753674969832.jpg 1600w\" sizes=\"(max-width: 1024px) 100vw, 1024px\" \/><\/figure>\n\n\n\n<p>El objetivo es intensificar y sumar esfuerzos para robustecer en esta temporada de lluvia el Plan Estrat\u00e9gico Oaxaca Unida contra el Dengue, as\u00ed como para incentivar la participaci\u00f3n comunitaria y mejorar los resultados ante este problema de salud p\u00fablica.<\/p>\n\n\n\n<p>Durante el encuentro, representantes de las \u00e1reas de Vigilancia Epidemiol\u00f3gica, Vectores, Promoci\u00f3n de la Salud y Atenci\u00f3n M\u00e9dica, expusieron el panorama epidemiol\u00f3gico y entomol\u00f3gico, y recordaron las acciones fundamentales de Promoci\u00f3n a la Salud para contrarrestar esta enfermedad: lava, tapa, voltea y tira.<\/p>\n\n\n\n<p>Destacaron que hasta la semana epidemiol\u00f3gica n\u00famero 29, se tienen registrados en la demarcaci\u00f3n, 24 casos confirmados por laboratorio, de los cuales, diez corresponden a dengue con S\u00edntomas de Alarma (DCSA), diez No Graves (DNG) y cuatro corresponden a Dengue Grave (DG).<\/p>\n\n\n\n<p>De lo anterior, los municipios m\u00e1s afectados son San Pedro Huamelula con seis casos, Santo Domingo Tehuantepec y San Mateo del Mar con cuatro, San Francisco Ixhuat\u00e1n con tres, Salina Cruz con dos, El Barrio La Soledad, Juchit\u00e1n de Zaragoza, San Juan Cotzoc\u00f3n, San Pedro Tapanatepec y Uni\u00f3n Hidalgo con un caso respectivamente.<\/p>\n\n\n\n<p>Siendo el grupo de edad m\u00e1s vulnerable, de cinco a 19 a\u00f1os, as\u00ed como de 30 a 34 a\u00f1os y de 60 y m\u00e1s.<\/p>\n\n\n\n<p>De esta manera, se refrend\u00f3 el compromiso para fortalecer, diseminar y estimular las actividades de prevenci\u00f3n y promoci\u00f3n de la salud, mediante alianzas estrat\u00e9gicas con la comunidad, para mejorar las condiciones<\/p>\n\n\n\n<p>En esta alianza participaron representantes de los municipios de Juchit\u00e1n de Zaragoza, Santo Domingo Tehuantepec, Ciudad Ixtepec, San Francisco Ixhuat\u00e1n, Mat\u00edas Romero Avenda\u00f1o, San Mateo del Mar, San Pedro Huamelula, El Barrio La Soledad, Chahuites, San Pedro Huilotepec, Santa Mar\u00eda Mixtequilla, San Pedro Comitancillo, Santo Domingo Ingenio, Santa Mar\u00eda Xadani, Asunci\u00f3n Tlacolulita, El Espinal, Santo Domingo Chihuit\u00e1n, entre otros.<\/p>\n\n\n\n<p>-0-<\/p>\n","protected":false},"excerpt":{"rendered":"<p>\u2022 Coinciden Servicios de Salud de Oaxaca y 17 municipios en fortalecer estrategias en localidades&#8230;<\/p>\n","protected":false},"author":4,"featured_media":29560,"comment_status":"","ping_status":"open","sticky":false,"template":"","format":"standard","meta":{"footnotes":""},"categories":[92],"tags":[],"jetpack_sharing_enabled":true,"featured_image_urls":{"full":["https:\/\/contextoanalisisperiodistico.com\/wp-content\/uploads\/2024\/07\/IMG-20240730-WA0049.jpg",1600,951,false],"thumbnail":["https:\/\/contextoanalisisperiodistico.com\/wp-content\/uploads\/2024\/07\/IMG-20240730-WA0049-150x150.jpg",150,150,true],"medium":["https:\/\/contextoanalisisperiodistico.com\/wp-content\/uploads\/2024\/07\/IMG-20240730-WA0049-300x178.jpg",300,178,true],"medium_large":["https:\/\/contextoanalisisperiodistico.com\/wp-content\/uploads\/2024\/07\/IMG-20240730-WA0049-768x456.jpg",640,380,true],"large":["https:\/\/contextoanalisisperiodistico.com\/wp-content\/uploads\/2024\/07\/IMG-20240730-WA0049-1024x609.jpg",640,381,true],"1536x1536":["https:\/\/contextoanalisisperiodistico.com\/wp-content\/uploads\/2024\/07\/IMG-20240730-WA0049-1536x913.jpg",1536,913,true],"2048x2048":["https:\/\/contextoanalisisperiodistico.com\/wp-content\/uploads\/2024\/07\/IMG-20240730-WA0049.jpg",1600,951,false],"covernews-slider-full":["https:\/\/contextoanalisisperiodistico.com\/wp-content\/uploads\/2024\/07\/IMG-20240730-WA0049-1115x715.jpg",1115,715,true],"covernews-slider-center":["https:\/\/contextoanalisisperiodistico.com\/wp-content\/uploads\/2024\/07\/IMG-20240730-WA0049-800x500.jpg",800,500,true],"covernews-featured":["https:\/\/contextoanalisisperiodistico.com\/wp-content\/uploads\/2024\/07\/IMG-20240730-WA0049-1024x609.jpg",1024,609,true],"covernews-medium":["https:\/\/contextoanalisisperiodistico.com\/wp-content\/uploads\/2024\/07\/IMG-20240730-WA0049-540x340.jpg",540,340,true],"covernews-medium-square":["https:\/\/contextoanalisisperiodistico.com\/wp-content\/uploads\/2024\/07\/IMG-20240730-WA0049-400x250.jpg",400,250,true]},"author_info":{"display_name":"Mario Gir\u00f3n","author_link":"https:\/\/contextoanalisisperiodistico.com\/index.php\/author\/director\/"},"category_info":"<a href=\"https:\/\/contextoanalisisperiodistico.com\/index.php\/category\/salud\/\" rel=\"category tag\">Salud<\/a>","tag_info":"Salud","comment_count":"0","jetpack_featured_media_url":"https:\/\/contextoanalisisperiodistico.com\/wp-content\/uploads\/2024\/07\/IMG-20240730-WA0049.jpg","_links":{"self":[{"href":"https:\/\/contextoanalisisperiodistico.com\/index.php\/wp-json\/wp\/v2\/posts\/29564"}],"collection":[{"href":"https:\/\/contextoanalisisperiodistico.com\/index.php\/wp-json\/wp\/v2\/posts"}],"about":[{"href":"https:\/\/contextoanalisisperiodistico.com\/index.php\/wp-json\/wp\/v2\/types\/post"}],"author":[{"embeddable":true,"href":"https:\/\/contextoanalisisperiodistico.com\/index.php\/wp-json\/wp\/v2\/users\/4"}],"replies":[{"embeddable":true,"href":"https:\/\/contextoanalisisperiodistico.com\/index.php\/wp-json\/wp\/v2\/comments?post=29564"}],"version-history":[{"count":0,"href":"https:\/\/contextoanalisisperiodistico.com\/index.php\/wp-json\/wp\/v2\/posts\/29564\/revisions"}],"wp:featuredmedia":[{"embeddable":true,"href":"https:\/\/contextoanalisisperiodistico.com\/index.php\/wp-json\/wp\/v2\/media\/29560"}],"wp:attachment":[{"href":"https:\/\/contextoanalisisperiodistico.com\/index.php\/wp-json\/wp\/v2\/media?parent=29564"}],"wp:term":[{"taxonomy":"category","embeddable":true,"href":"https:\/\/contextoanalisisperiodistico.com\/index.php\/wp-json\/wp\/v2\/categories?post=29564"},{"taxonomy":"post_tag","embeddable":true,"href":"https:\/\/contextoanalisisperiodistico.com\/index.php\/wp-json\/wp\/v2\/tags?post=29564"}],"curies":[{"name":"wp","href":"https:\/\/api.w.org\/{rel}","templated":true}]}}