{"id":29555,"date":"2024-07-30T13:30:43","date_gmt":"2024-07-30T19:30:43","guid":{"rendered":"https:\/\/contextoanalisisperiodistico.com\/index.php\/2024\/07\/30\/impulsa-gobierno-del-estado-empresas-familiares-con-hecho-en-oaxaca\/"},"modified":"2024-07-30T13:30:43","modified_gmt":"2024-07-30T19:30:43","slug":"impulsa-gobierno-del-estado-empresas-familiares-con-hecho-en-oaxaca","status":"publish","type":"post","link":"https:\/\/contextoanalisisperiodistico.com\/index.php\/2024\/07\/30\/impulsa-gobierno-del-estado-empresas-familiares-con-hecho-en-oaxaca\/","title":{"rendered":"Impulsa Gobierno del Estado empresas familiares con Hecho en Oaxaca"},"content":{"rendered":"<div id=\"fb-root\"><\/div>\n\n<p>\u2022 La marca otorgada a trav\u00e9s de la Sedeco garantiza calidad, origen comunitario y ampl\u00eda mercados nacionales e internacionales<\/p>\n\n\n\n<p>Santa Luc\u00eda del Camino, Oax. 30 de julio de 2024.- Representantes de empresas familiares que recibieron la certificaci\u00f3n Hecho en Oaxaca, durante la Feria del Mezcal 2024, dieron a conocer que la marca ampl\u00eda de manera importante las oportunidades para comercializar productos oaxaque\u00f1os en tiendas departamentales estatales y nacionales, incluso para llegar a compradores de otros pa\u00edses.<\/p>\n\n\n\n<p>Son 25 productoras y productores de las ramas agroindustrial, artesanal, bebidas alcoh\u00f3licas e industrial quienes recibieron el certificado a trav\u00e9s del titular de la Secretar\u00eda de Desarrollo Econ\u00f3mico (Sedeco), Ra\u00fal Ruiz Robles y podr\u00e1n utilizar el logotipo que garantiza manufactura artesanal y apegada a las tradiciones de las comunidades.<\/p>\n\n\n\n<p>Leticia Ambrosio Ju\u00e1rez de la empresa familiar Diii Zaallil, elabora garbanzo y trigo molido en varias presentaciones, as\u00ed como champurrado y atoles en polvo artesanales y libres de conservadores.<\/p>\n\n\n\n<p>Agradeci\u00f3 al Gobierno del Estado y a la Sedeco por su asesor\u00eda y acompa\u00f1amiento para obtener esta insignia. \u201cHecho en Oaxaca aporta valor a los productos, invito a todas las personas productoras a que tramiten este certificado tan importante para ampliar nuestras ventas\u201d, dijo.<\/p>\n\n\n\n<p>En tanto, Nelson Hern\u00e1ndez Santos proveniente de Santo Tom\u00e1s Jalieza, es tejedor de oficio, fabrica textiles, ropa, bolsas en algod\u00f3n, lana, seda y lino, te\u00f1idos con tintes naturales y tejidos en telar de cintura. Su taller Guenda rescata la siembra del algod\u00f3n coyuche, una especie casi extinta, utilizada en tiempos prehisp\u00e1nicos.<\/p>\n\n\n\n<p>\u201cEl apoyo de la Sedeco ha sido fundamental, nos ayud\u00f3 a obtener la marca para que nuestras artesan\u00edas tengan mayor valor y compitan a nivel estatal, nacional e internacional con firmas de prestigio\u201d, afirm\u00f3.<\/p>\n\n\n\n<p>Por su parte, Gisela Garc\u00eda Cuevas expres\u00f3 que este distintivo impulsa a proyectar el trabajo que se realiza en su taller familiar Suakele, en Huautla de Jim\u00e9nez, de textiles tradicionales y ropa estilizada de la regi\u00f3n mazateca, elaborados con hilos de algod\u00f3n y manta. \u201cCuando conoc\u00ed al Secretario le dije que necesit\u00e1bamos apoyo y he aqu\u00ed el resultado. Estamos con nuestro certificado de marca muy contentos\u201d.<\/p>\n\n\n\n<p>-0-<\/p>\n","protected":false},"excerpt":{"rendered":"<p>\u2022 La marca otorgada a trav\u00e9s de la Sedeco garantiza calidad, origen comunitario y ampl\u00eda&#8230;<\/p>\n","protected":false},"author":4,"featured_media":29554,"comment_status":"","ping_status":"open","sticky":false,"template":"","format":"standard","meta":{"footnotes":""},"categories":[3],"tags":[],"jetpack_sharing_enabled":true,"featured_image_urls":{"full":["https:\/\/contextoanalisisperiodistico.com\/wp-content\/uploads\/2024\/07\/IMG-20240730-WA0037.jpg",1600,974,false],"thumbnail":["https:\/\/contextoanalisisperiodistico.com\/wp-content\/uploads\/2024\/07\/IMG-20240730-WA0037-150x150.jpg",150,150,true],"medium":["https:\/\/contextoanalisisperiodistico.com\/wp-content\/uploads\/2024\/07\/IMG-20240730-WA0037-300x183.jpg",300,183,true],"medium_large":["https:\/\/contextoanalisisperiodistico.com\/wp-content\/uploads\/2024\/07\/IMG-20240730-WA0037-768x468.jpg",640,390,true],"large":["https:\/\/contextoanalisisperiodistico.com\/wp-content\/uploads\/2024\/07\/IMG-20240730-WA0037-1024x623.jpg",640,389,true],"1536x1536":["https:\/\/contextoanalisisperiodistico.com\/wp-content\/uploads\/2024\/07\/IMG-20240730-WA0037-1536x935.jpg",1536,935,true],"2048x2048":["https:\/\/contextoanalisisperiodistico.com\/wp-content\/uploads\/2024\/07\/IMG-20240730-WA0037.jpg",1600,974,false],"covernews-slider-full":["https:\/\/contextoanalisisperiodistico.com\/wp-content\/uploads\/2024\/07\/IMG-20240730-WA0037-1115x715.jpg",1115,715,true],"covernews-slider-center":["https:\/\/contextoanalisisperiodistico.com\/wp-content\/uploads\/2024\/07\/IMG-20240730-WA0037-800x500.jpg",800,500,true],"covernews-featured":["https:\/\/contextoanalisisperiodistico.com\/wp-content\/uploads\/2024\/07\/IMG-20240730-WA0037-1024x623.jpg",1024,623,true],"covernews-medium":["https:\/\/contextoanalisisperiodistico.com\/wp-content\/uploads\/2024\/07\/IMG-20240730-WA0037-540x340.jpg",540,340,true],"covernews-medium-square":["https:\/\/contextoanalisisperiodistico.com\/wp-content\/uploads\/2024\/07\/IMG-20240730-WA0037-400x250.jpg",400,250,true]},"author_info":{"display_name":"Mario Gir\u00f3n","author_link":"https:\/\/contextoanalisisperiodistico.com\/index.php\/author\/director\/"},"category_info":"<a href=\"https:\/\/contextoanalisisperiodistico.com\/index.php\/category\/ciudad\/\" rel=\"category tag\">Ciudad<\/a>","tag_info":"Ciudad","comment_count":"0","jetpack_featured_media_url":"https:\/\/contextoanalisisperiodistico.com\/wp-content\/uploads\/2024\/07\/IMG-20240730-WA0037.jpg","_links":{"self":[{"href":"https:\/\/contextoanalisisperiodistico.com\/index.php\/wp-json\/wp\/v2\/posts\/29555"}],"collection":[{"href":"https:\/\/contextoanalisisperiodistico.com\/index.php\/wp-json\/wp\/v2\/posts"}],"about":[{"href":"https:\/\/contextoanalisisperiodistico.com\/index.php\/wp-json\/wp\/v2\/types\/post"}],"author":[{"embeddable":true,"href":"https:\/\/contextoanalisisperiodistico.com\/index.php\/wp-json\/wp\/v2\/users\/4"}],"replies":[{"embeddable":true,"href":"https:\/\/contextoanalisisperiodistico.com\/index.php\/wp-json\/wp\/v2\/comments?post=29555"}],"version-history":[{"count":0,"href":"https:\/\/contextoanalisisperiodistico.com\/index.php\/wp-json\/wp\/v2\/posts\/29555\/revisions"}],"wp:featuredmedia":[{"embeddable":true,"href":"https:\/\/contextoanalisisperiodistico.com\/index.php\/wp-json\/wp\/v2\/media\/29554"}],"wp:attachment":[{"href":"https:\/\/contextoanalisisperiodistico.com\/index.php\/wp-json\/wp\/v2\/media?parent=29555"}],"wp:term":[{"taxonomy":"category","embeddable":true,"href":"https:\/\/contextoanalisisperiodistico.com\/index.php\/wp-json\/wp\/v2\/categories?post=29555"},{"taxonomy":"post_tag","embeddable":true,"href":"https:\/\/contextoanalisisperiodistico.com\/index.php\/wp-json\/wp\/v2\/tags?post=29555"}],"curies":[{"name":"wp","href":"https:\/\/api.w.org\/{rel}","templated":true}]}}