{"id":29553,"date":"2024-07-30T13:19:26","date_gmt":"2024-07-30T19:19:26","guid":{"rendered":"https:\/\/contextoanalisisperiodistico.com\/index.php\/2024\/07\/30\/firman-convenio-de-colaboracion-sefader-y-oceana-mexico-a-c\/"},"modified":"2024-07-30T13:19:26","modified_gmt":"2024-07-30T19:19:26","slug":"firman-convenio-de-colaboracion-sefader-y-oceana-mexico-a-c","status":"publish","type":"post","link":"https:\/\/contextoanalisisperiodistico.com\/index.php\/2024\/07\/30\/firman-convenio-de-colaboracion-sefader-y-oceana-mexico-a-c\/","title":{"rendered":"Firman convenio de colaboraci\u00f3n Sefader y Oceana M\u00e9xico A.C"},"content":{"rendered":"<div id=\"fb-root\"><\/div>\n\n<p>\u2022 Trabajar\u00e1n en una agenda conjunta para impulsar la seguridad alimentaria, con alianza para realizar pesca y acuacultura sustentable<\/p>\n\n\n\n<figure class=\"wp-block-image size-large\"><img fetchpriority=\"high\" decoding=\"async\" width=\"1024\" height=\"682\" src=\"https:\/\/contextoanalisisperiodistico.com\/wp-content\/uploads\/2024\/07\/img-20240730-wa00361234713706193497470-1024x682.jpg\" alt=\"\" class=\"wp-image-29551\" srcset=\"https:\/\/contextoanalisisperiodistico.com\/wp-content\/uploads\/2024\/07\/img-20240730-wa00361234713706193497470-1024x682.jpg 1024w, https:\/\/contextoanalisisperiodistico.com\/wp-content\/uploads\/2024\/07\/img-20240730-wa00361234713706193497470-300x200.jpg 300w, https:\/\/contextoanalisisperiodistico.com\/wp-content\/uploads\/2024\/07\/img-20240730-wa00361234713706193497470-768x512.jpg 768w, https:\/\/contextoanalisisperiodistico.com\/wp-content\/uploads\/2024\/07\/img-20240730-wa00361234713706193497470-1536x1023.jpg 1536w, https:\/\/contextoanalisisperiodistico.com\/wp-content\/uploads\/2024\/07\/img-20240730-wa00361234713706193497470.jpg 1600w\" sizes=\"(max-width: 1024px) 100vw, 1024px\" \/><\/figure>\n\n\n\n<figure class=\"wp-block-image\"><img decoding=\"async\" width=\"1024\" height=\"651\" src=\"https:\/\/contextoanalisisperiodistico.com\/wp-content\/uploads\/2024\/07\/img-20240730-wa00352114435472135125446-1024x651.jpg\" alt=\"\" class=\"wp-image-29552\" srcset=\"https:\/\/contextoanalisisperiodistico.com\/wp-content\/uploads\/2024\/07\/img-20240730-wa00352114435472135125446-1024x651.jpg 1024w, https:\/\/contextoanalisisperiodistico.com\/wp-content\/uploads\/2024\/07\/img-20240730-wa00352114435472135125446-300x191.jpg 300w, https:\/\/contextoanalisisperiodistico.com\/wp-content\/uploads\/2024\/07\/img-20240730-wa00352114435472135125446-768x488.jpg 768w, https:\/\/contextoanalisisperiodistico.com\/wp-content\/uploads\/2024\/07\/img-20240730-wa00352114435472135125446.jpg 1391w\" sizes=\"(max-width: 1024px) 100vw, 1024px\" \/><\/figure>\n\n\n\n<p>San Bartolo Coyotepec, Oax. 30 de julio de 2024.- El Gobierno del Estado de Oaxaca a trav\u00e9s de la Secretar\u00eda de Fomento Agroalimentario y Desarrollo Rural (Sefader), suscribi\u00f3 un convenio de colaboraci\u00f3n con la organizaci\u00f3n no gubernamental Oceana M\u00e9xico A.C, para potenciar el desarrollo de la pesca y acuacultura sustentable en la entidad.<\/p>\n\n\n\n<p>En las oficinas de la dependencia se realiz\u00f3 esta firma para establecer canales de comunicaci\u00f3n, coordinaci\u00f3n y colaboraci\u00f3n que permitan el logro de objetivos de Desarrollo Sostenible en la conservaci\u00f3n de oc\u00e9anos, arrecifes y playas como lo impulsa el gobierno de la Primavera Oaxaque\u00f1a.<\/p>\n\n\n\n<p>Tambi\u00e9n, para lograr una agenda de sustentabilidad y pol\u00edticas p\u00fablicas de trabajo, principalmente coadyuvar para lograr la seguridad alimentaria de las comunidades m\u00e1s marginadas al proveer prote\u00edna animal de origen pesquero y acu\u00edcola.<\/p>\n\n\n\n<p>As\u00ed como potenciar el desarrollo de la pesca y acuacultura sustentable en los cerca de 600 kil\u00f3metros de costa en el Oc\u00e9ano Pac\u00edfico.<\/p>\n\n\n\n<p>El secretario V\u00edctor L\u00f3pez Leyva junto con la representante legal de Oceana M\u00e9xico, Gabriela Renata Terrazas Tapia, encabezaron la firma del convenio que permitir\u00e1 el acompa\u00f1amiento, asistencia t\u00e9cnica, asesoramiento y dem\u00e1s actividades que realicen en com\u00fan ambas instituciones.<\/p>\n\n\n\n<p>El Gobierno del Estado trabaja en la construcci\u00f3n de las bases para el Desarrollo Integral y Sustentable de las ocho regiones de Oaxaca y busca desarrollar vocaciones productivas de cada una de ellas.<\/p>\n\n\n\n<p>-0-<\/p>\n","protected":false},"excerpt":{"rendered":"<p>\u2022 Trabajar\u00e1n en una agenda conjunta para impulsar la seguridad alimentaria, con alianza para realizar&#8230;<\/p>\n","protected":false},"author":4,"featured_media":29550,"comment_status":"","ping_status":"open","sticky":false,"template":"","format":"standard","meta":{"footnotes":""},"categories":[9],"tags":[],"jetpack_sharing_enabled":true,"featured_image_urls":{"full":["https:\/\/contextoanalisisperiodistico.com\/wp-content\/uploads\/2024\/07\/IMG-20240730-WA0034.jpg",1540,970,false],"thumbnail":["https:\/\/contextoanalisisperiodistico.com\/wp-content\/uploads\/2024\/07\/IMG-20240730-WA0034-150x150.jpg",150,150,true],"medium":["https:\/\/contextoanalisisperiodistico.com\/wp-content\/uploads\/2024\/07\/IMG-20240730-WA0034-300x189.jpg",300,189,true],"medium_large":["https:\/\/contextoanalisisperiodistico.com\/wp-content\/uploads\/2024\/07\/IMG-20240730-WA0034-768x484.jpg",640,403,true],"large":["https:\/\/contextoanalisisperiodistico.com\/wp-content\/uploads\/2024\/07\/IMG-20240730-WA0034-1024x645.jpg",640,403,true],"1536x1536":["https:\/\/contextoanalisisperiodistico.com\/wp-content\/uploads\/2024\/07\/IMG-20240730-WA0034-1536x967.jpg",1536,967,true],"2048x2048":["https:\/\/contextoanalisisperiodistico.com\/wp-content\/uploads\/2024\/07\/IMG-20240730-WA0034.jpg",1540,970,false],"covernews-slider-full":["https:\/\/contextoanalisisperiodistico.com\/wp-content\/uploads\/2024\/07\/IMG-20240730-WA0034-1115x715.jpg",1115,715,true],"covernews-slider-center":["https:\/\/contextoanalisisperiodistico.com\/wp-content\/uploads\/2024\/07\/IMG-20240730-WA0034-800x500.jpg",800,500,true],"covernews-featured":["https:\/\/contextoanalisisperiodistico.com\/wp-content\/uploads\/2024\/07\/IMG-20240730-WA0034-1024x645.jpg",1024,645,true],"covernews-medium":["https:\/\/contextoanalisisperiodistico.com\/wp-content\/uploads\/2024\/07\/IMG-20240730-WA0034-540x340.jpg",540,340,true],"covernews-medium-square":["https:\/\/contextoanalisisperiodistico.com\/wp-content\/uploads\/2024\/07\/IMG-20240730-WA0034-400x250.jpg",400,250,true]},"author_info":{"display_name":"Mario Gir\u00f3n","author_link":"https:\/\/contextoanalisisperiodistico.com\/index.php\/author\/director\/"},"category_info":"<a href=\"https:\/\/contextoanalisisperiodistico.com\/index.php\/category\/politica\/\" rel=\"category tag\">Pol\u00edtica<\/a>","tag_info":"Pol\u00edtica","comment_count":"0","jetpack_featured_media_url":"https:\/\/contextoanalisisperiodistico.com\/wp-content\/uploads\/2024\/07\/IMG-20240730-WA0034.jpg","_links":{"self":[{"href":"https:\/\/contextoanalisisperiodistico.com\/index.php\/wp-json\/wp\/v2\/posts\/29553"}],"collection":[{"href":"https:\/\/contextoanalisisperiodistico.com\/index.php\/wp-json\/wp\/v2\/posts"}],"about":[{"href":"https:\/\/contextoanalisisperiodistico.com\/index.php\/wp-json\/wp\/v2\/types\/post"}],"author":[{"embeddable":true,"href":"https:\/\/contextoanalisisperiodistico.com\/index.php\/wp-json\/wp\/v2\/users\/4"}],"replies":[{"embeddable":true,"href":"https:\/\/contextoanalisisperiodistico.com\/index.php\/wp-json\/wp\/v2\/comments?post=29553"}],"version-history":[{"count":0,"href":"https:\/\/contextoanalisisperiodistico.com\/index.php\/wp-json\/wp\/v2\/posts\/29553\/revisions"}],"wp:featuredmedia":[{"embeddable":true,"href":"https:\/\/contextoanalisisperiodistico.com\/index.php\/wp-json\/wp\/v2\/media\/29550"}],"wp:attachment":[{"href":"https:\/\/contextoanalisisperiodistico.com\/index.php\/wp-json\/wp\/v2\/media?parent=29553"}],"wp:term":[{"taxonomy":"category","embeddable":true,"href":"https:\/\/contextoanalisisperiodistico.com\/index.php\/wp-json\/wp\/v2\/categories?post=29553"},{"taxonomy":"post_tag","embeddable":true,"href":"https:\/\/contextoanalisisperiodistico.com\/index.php\/wp-json\/wp\/v2\/tags?post=29553"}],"curies":[{"name":"wp","href":"https:\/\/api.w.org\/{rel}","templated":true}]}}