{"id":29529,"date":"2024-07-29T19:51:51","date_gmt":"2024-07-30T01:51:51","guid":{"rendered":"https:\/\/contextoanalisisperiodistico.com\/index.php\/2024\/07\/29\/reporta-sspc-saldo-blanco-durante-la-octava-del-lunes-del-cerro\/"},"modified":"2024-07-29T19:51:51","modified_gmt":"2024-07-30T01:51:51","slug":"reporta-sspc-saldo-blanco-durante-la-octava-del-lunes-del-cerro","status":"publish","type":"post","link":"https:\/\/contextoanalisisperiodistico.com\/index.php\/2024\/07\/29\/reporta-sspc-saldo-blanco-durante-la-octava-del-lunes-del-cerro\/","title":{"rendered":"Reporta SSPC saldo blanco durante la Octava del Lunes del Cerro"},"content":{"rendered":"<div id=\"fb-root\"><\/div>\n\n<p>*A trav\u00e9s de sus corporaciones coordin\u00f3 acciones de proximidad social, dispositivos y atenci\u00f3n a reportes ciudadanos, sin que se presentara eventualidades que lamentar<\/p>\n\n\n\n<figure class=\"wp-block-image size-large\"><img fetchpriority=\"high\" decoding=\"async\" width=\"1024\" height=\"682\" src=\"https:\/\/contextoanalisisperiodistico.com\/wp-content\/uploads\/2024\/07\/img-20240729-wa02057486387488774913157-1024x682.jpg\" alt=\"\" class=\"wp-image-29527\" srcset=\"https:\/\/contextoanalisisperiodistico.com\/wp-content\/uploads\/2024\/07\/img-20240729-wa02057486387488774913157-1024x682.jpg 1024w, https:\/\/contextoanalisisperiodistico.com\/wp-content\/uploads\/2024\/07\/img-20240729-wa02057486387488774913157-300x200.jpg 300w, https:\/\/contextoanalisisperiodistico.com\/wp-content\/uploads\/2024\/07\/img-20240729-wa02057486387488774913157-768x512.jpg 768w, https:\/\/contextoanalisisperiodistico.com\/wp-content\/uploads\/2024\/07\/img-20240729-wa02057486387488774913157.jpg 1280w\" sizes=\"(max-width: 1024px) 100vw, 1024px\" \/><\/figure>\n\n\n\n<figure class=\"wp-block-image\"><img decoding=\"async\" width=\"1024\" height=\"682\" src=\"https:\/\/contextoanalisisperiodistico.com\/wp-content\/uploads\/2024\/07\/img-20240729-wa02062407183446771353288-1024x682.jpg\" alt=\"\" class=\"wp-image-29526\" srcset=\"https:\/\/contextoanalisisperiodistico.com\/wp-content\/uploads\/2024\/07\/img-20240729-wa02062407183446771353288-1024x682.jpg 1024w, https:\/\/contextoanalisisperiodistico.com\/wp-content\/uploads\/2024\/07\/img-20240729-wa02062407183446771353288-300x200.jpg 300w, https:\/\/contextoanalisisperiodistico.com\/wp-content\/uploads\/2024\/07\/img-20240729-wa02062407183446771353288-768x512.jpg 768w, https:\/\/contextoanalisisperiodistico.com\/wp-content\/uploads\/2024\/07\/img-20240729-wa02062407183446771353288.jpg 1280w\" sizes=\"(max-width: 1024px) 100vw, 1024px\" \/><\/figure>\n\n\n\n<figure class=\"wp-block-image\"><img decoding=\"async\" width=\"1024\" height=\"682\" src=\"https:\/\/contextoanalisisperiodistico.com\/wp-content\/uploads\/2024\/07\/img-20240729-wa02047104044818161141187-1024x682.jpg\" alt=\"\" class=\"wp-image-29528\" srcset=\"https:\/\/contextoanalisisperiodistico.com\/wp-content\/uploads\/2024\/07\/img-20240729-wa02047104044818161141187-1024x682.jpg 1024w, https:\/\/contextoanalisisperiodistico.com\/wp-content\/uploads\/2024\/07\/img-20240729-wa02047104044818161141187-300x200.jpg 300w, https:\/\/contextoanalisisperiodistico.com\/wp-content\/uploads\/2024\/07\/img-20240729-wa02047104044818161141187-768x512.jpg 768w, https:\/\/contextoanalisisperiodistico.com\/wp-content\/uploads\/2024\/07\/img-20240729-wa02047104044818161141187.jpg 1280w\" sizes=\"(max-width: 1024px) 100vw, 1024px\" \/><\/figure>\n\n\n\n<p>El Gobierno de Oaxaca a trav\u00e9s de la Secretar\u00eda de Seguridad y Protecci\u00f3n Ciudadana (SSPC) despleg\u00f3 un operativo de prevenci\u00f3n y vigilancia para garantizar la integridad f\u00edsica y patrimonial de las personas asistentes a las celebraciones de la Guelaguetza 2024; el cual report\u00f3 un saldo blanco durante la Octava del Lunes del Cerro.<\/p>\n\n\n\n<p>La Polic\u00eda Estatal, la Polic\u00eda Vial Estatal y la Polic\u00eda Auxiliar, Bancaria, Industrial y Comercial (PABIC), as\u00ed como el Heroico Cuerpo de Bomberos de Oaxaca (HCBO) coordinaron acciones de proximidad social, dispositivos y atenci\u00f3n a reportes ciudadanos, sin que se presentara eventualidad alguna que lamentar.<\/p>\n\n\n\n<p>De esta manera se facilit\u00f3 el acceso al Auditorio Guelaguetza y se mantuvo presencia institucional durante el desarrollo de las presentaciones matutina y vespertina de los Lunes del Cerro, tanto en la Rotonda de la Azucena como en inmediaciones del recinto y de todas las sedes de actividades que integran el programa de la m\u00e1xima fiesta de los oaxaque\u00f1os.<\/p>\n\n\n\n<p>La SSPC a cargo Iv\u00e1n Garc\u00eda \u00c1lvarez, mantiene el orden general de operaciones en las ocho regiones de la entidad, para hacer posible la estancia y regreso seguros de visitantes nacionales y extranjeros que disfrutan las fiestas de julio en el territorio oaxaque\u00f1o.<\/p>\n\n\n\n<p>-0-<\/p>\n","protected":false},"excerpt":{"rendered":"<p>*A trav\u00e9s de sus corporaciones coordin\u00f3 acciones de proximidad social, dispositivos y atenci\u00f3n a reportes&#8230;<\/p>\n","protected":false},"author":4,"featured_media":29525,"comment_status":"","ping_status":"open","sticky":false,"template":"","format":"standard","meta":{"footnotes":""},"categories":[9],"tags":[],"jetpack_sharing_enabled":true,"featured_image_urls":{"full":["https:\/\/contextoanalisisperiodistico.com\/wp-content\/uploads\/2024\/07\/IMG-20240729-WA0207.jpg",576,1280,false],"thumbnail":["https:\/\/contextoanalisisperiodistico.com\/wp-content\/uploads\/2024\/07\/IMG-20240729-WA0207-150x150.jpg",150,150,true],"medium":["https:\/\/contextoanalisisperiodistico.com\/wp-content\/uploads\/2024\/07\/IMG-20240729-WA0207-135x300.jpg",135,300,true],"medium_large":["https:\/\/contextoanalisisperiodistico.com\/wp-content\/uploads\/2024\/07\/IMG-20240729-WA0207.jpg",576,1280,false],"large":["https:\/\/contextoanalisisperiodistico.com\/wp-content\/uploads\/2024\/07\/IMG-20240729-WA0207-461x1024.jpg",461,1024,true],"1536x1536":["https:\/\/contextoanalisisperiodistico.com\/wp-content\/uploads\/2024\/07\/IMG-20240729-WA0207.jpg",576,1280,false],"2048x2048":["https:\/\/contextoanalisisperiodistico.com\/wp-content\/uploads\/2024\/07\/IMG-20240729-WA0207.jpg",576,1280,false],"covernews-slider-full":["https:\/\/contextoanalisisperiodistico.com\/wp-content\/uploads\/2024\/07\/IMG-20240729-WA0207-576x715.jpg",576,715,true],"covernews-slider-center":["https:\/\/contextoanalisisperiodistico.com\/wp-content\/uploads\/2024\/07\/IMG-20240729-WA0207-576x500.jpg",576,500,true],"covernews-featured":["https:\/\/contextoanalisisperiodistico.com\/wp-content\/uploads\/2024\/07\/IMG-20240729-WA0207.jpg",576,1280,false],"covernews-medium":["https:\/\/contextoanalisisperiodistico.com\/wp-content\/uploads\/2024\/07\/IMG-20240729-WA0207-540x340.jpg",540,340,true],"covernews-medium-square":["https:\/\/contextoanalisisperiodistico.com\/wp-content\/uploads\/2024\/07\/IMG-20240729-WA0207-400x250.jpg",400,250,true]},"author_info":{"display_name":"Mario Gir\u00f3n","author_link":"https:\/\/contextoanalisisperiodistico.com\/index.php\/author\/director\/"},"category_info":"<a href=\"https:\/\/contextoanalisisperiodistico.com\/index.php\/category\/politica\/\" rel=\"category tag\">Pol\u00edtica<\/a>","tag_info":"Pol\u00edtica","comment_count":"0","jetpack_featured_media_url":"https:\/\/contextoanalisisperiodistico.com\/wp-content\/uploads\/2024\/07\/IMG-20240729-WA0207.jpg","_links":{"self":[{"href":"https:\/\/contextoanalisisperiodistico.com\/index.php\/wp-json\/wp\/v2\/posts\/29529"}],"collection":[{"href":"https:\/\/contextoanalisisperiodistico.com\/index.php\/wp-json\/wp\/v2\/posts"}],"about":[{"href":"https:\/\/contextoanalisisperiodistico.com\/index.php\/wp-json\/wp\/v2\/types\/post"}],"author":[{"embeddable":true,"href":"https:\/\/contextoanalisisperiodistico.com\/index.php\/wp-json\/wp\/v2\/users\/4"}],"replies":[{"embeddable":true,"href":"https:\/\/contextoanalisisperiodistico.com\/index.php\/wp-json\/wp\/v2\/comments?post=29529"}],"version-history":[{"count":0,"href":"https:\/\/contextoanalisisperiodistico.com\/index.php\/wp-json\/wp\/v2\/posts\/29529\/revisions"}],"wp:featuredmedia":[{"embeddable":true,"href":"https:\/\/contextoanalisisperiodistico.com\/index.php\/wp-json\/wp\/v2\/media\/29525"}],"wp:attachment":[{"href":"https:\/\/contextoanalisisperiodistico.com\/index.php\/wp-json\/wp\/v2\/media?parent=29529"}],"wp:term":[{"taxonomy":"category","embeddable":true,"href":"https:\/\/contextoanalisisperiodistico.com\/index.php\/wp-json\/wp\/v2\/categories?post=29529"},{"taxonomy":"post_tag","embeddable":true,"href":"https:\/\/contextoanalisisperiodistico.com\/index.php\/wp-json\/wp\/v2\/tags?post=29529"}],"curies":[{"name":"wp","href":"https:\/\/api.w.org\/{rel}","templated":true}]}}