{"id":29524,"date":"2024-07-29T16:19:24","date_gmt":"2024-07-29T22:19:24","guid":{"rendered":"https:\/\/contextoanalisisperiodistico.com\/index.php\/2024\/07\/29\/oaxaca-de-juarez-deleita-al-mundo-con-la-segunda-funcion-de-donajila-leyenda\/"},"modified":"2024-07-29T16:19:24","modified_gmt":"2024-07-29T22:19:24","slug":"oaxaca-de-juarez-deleita-al-mundo-con-la-segunda-funcion-de-donajila-leyenda","status":"publish","type":"post","link":"https:\/\/contextoanalisisperiodistico.com\/index.php\/2024\/07\/29\/oaxaca-de-juarez-deleita-al-mundo-con-la-segunda-funcion-de-donajila-leyenda\/","title":{"rendered":"Oaxaca de Ju\u00e1rez deleita al mundo con la segunda funci\u00f3n de Donaj\u00ed\u2026La Leyenda"},"content":{"rendered":"<div id=\"fb-root\"><\/div>\n\n<ul class=\"wp-block-list\">\n<li>Se llev\u00f3 a cabo la edici\u00f3n n\u00famero 42 de la puesta en escena a cargo del Ballet Folkl\u00f3rico de Oaxaca<\/li>\n<\/ul>\n\n\n\n<p>Oaxaca de Ju\u00e1rez, Oaxaca, a 28 de julio de 2024.- Con la segunda funci\u00f3n de la representaci\u00f3n musical danc\u00edstica Donaj\u00ed\u2026La Leyenda 2024, el Ayuntamiento de Oaxaca de Ju\u00e1rez a trav\u00e9s de la Secretar\u00eda de Fomento Tur\u00edstico, concluy\u00f3 las actividades enmarcadas en \u201cJulio, mes de la Guelaguetza\u201d.<\/p>\n\n\n\n<p>El Primer Concejal, Francisco Mart\u00ednez Neri, con la asistencia del Secretario de Turismo a nivel Federal, Miguel Torruco Marqu\u00e9s y del Gobernador del Estado, Salom\u00f3n Jara Cruz, atestigu\u00f3 la presentaci\u00f3n de la edici\u00f3n n\u00famero 42 de la puesta en escena a cargo del Ballet Folkl\u00f3rico de Oaxaca.<\/p>\n\n\n\n<p>La ciudad de Oaxaca de Ju\u00e1rez ostenta en su escudo la representaci\u00f3n de Donaj\u00ed, quien enmarca los m\u00e1s altos valores de la cultura oaxaque\u00f1a, especialmente el pasado prehisp\u00e1nico de los Valles Centrales.<\/p>\n\n\n\n<p>En el Auditorio Guelaguetza, con la importante asistencia de la Diosa Cent\u00e9otl 2024, Juana Hern\u00e1ndez L\u00f3pez y las presidentas honorarias de los sistemas DIF Estatal y Municipal, miles de espectadores provenientes de todas partes del mundo, fueron testigos de la tr\u00e1gica historia de amor y sacrificio.<\/p>\n\n\n\n<p>El Auditorio Guelaguetza, escenario al que tambi\u00e9n se dio cita la secretaria de Turismo del Gobierno del Estado, Saymi Pineda Velasco, se convirti\u00f3 en la sede de este espect\u00e1culo en el que participan m\u00e1s de 80 bailarines dirigidos por el maestro, Fernando Rosales Garc\u00eda.<\/p>\n\n\n\n<p>Desde la fundaci\u00f3n de la ciudad zapoteca en el Valle de Oaxaca hasta el incre\u00edble hallazgo de un lirio en la oreja de la princesa Donaj\u00ed, cada detalle de la historia fue magistralmente retratado en la danza y el vestuario, envolviendo al p\u00fablico en una experiencia inolvidable.<\/p>\n\n\n\n<figure class=\"wp-block-image size-large\"><img fetchpriority=\"high\" decoding=\"async\" width=\"1024\" height=\"685\" src=\"https:\/\/contextoanalisisperiodistico.com\/wp-content\/uploads\/2024\/07\/fotoblt2907204538537989161279378-1024x685.jpeg\" alt=\"\" class=\"wp-image-29523\" srcset=\"https:\/\/contextoanalisisperiodistico.com\/wp-content\/uploads\/2024\/07\/fotoblt2907204538537989161279378-1024x685.jpeg 1024w, https:\/\/contextoanalisisperiodistico.com\/wp-content\/uploads\/2024\/07\/fotoblt2907204538537989161279378-300x201.jpeg 300w, https:\/\/contextoanalisisperiodistico.com\/wp-content\/uploads\/2024\/07\/fotoblt2907204538537989161279378-768x514.jpeg 768w, https:\/\/contextoanalisisperiodistico.com\/wp-content\/uploads\/2024\/07\/fotoblt2907204538537989161279378-1536x1027.jpeg 1536w, https:\/\/contextoanalisisperiodistico.com\/wp-content\/uploads\/2024\/07\/fotoblt2907204538537989161279378.jpeg 1600w\" sizes=\"(max-width: 1024px) 100vw, 1024px\" \/><\/figure>\n","protected":false},"excerpt":{"rendered":"<p>Oaxaca de Ju\u00e1rez, Oaxaca, a 28 de julio de 2024.- Con la segunda funci\u00f3n de&#8230;<\/p>\n","protected":false},"author":4,"featured_media":29522,"comment_status":"","ping_status":"open","sticky":false,"template":"","format":"standard","meta":{"footnotes":""},"categories":[9],"tags":[],"jetpack_sharing_enabled":true,"featured_image_urls":{"full":["https:\/\/contextoanalisisperiodistico.com\/wp-content\/uploads\/2024\/07\/FOTOBLT290720.jpeg",1070,1600,false],"thumbnail":["https:\/\/contextoanalisisperiodistico.com\/wp-content\/uploads\/2024\/07\/FOTOBLT290720-150x150.jpeg",150,150,true],"medium":["https:\/\/contextoanalisisperiodistico.com\/wp-content\/uploads\/2024\/07\/FOTOBLT290720-201x300.jpeg",201,300,true],"medium_large":["https:\/\/contextoanalisisperiodistico.com\/wp-content\/uploads\/2024\/07\/FOTOBLT290720-768x1148.jpeg",640,957,true],"large":["https:\/\/contextoanalisisperiodistico.com\/wp-content\/uploads\/2024\/07\/FOTOBLT290720-685x1024.jpeg",640,957,true],"1536x1536":["https:\/\/contextoanalisisperiodistico.com\/wp-content\/uploads\/2024\/07\/FOTOBLT290720-1027x1536.jpeg",1027,1536,true],"2048x2048":["https:\/\/contextoanalisisperiodistico.com\/wp-content\/uploads\/2024\/07\/FOTOBLT290720.jpeg",1070,1600,false],"covernews-slider-full":["https:\/\/contextoanalisisperiodistico.com\/wp-content\/uploads\/2024\/07\/FOTOBLT290720-1070x715.jpeg",1070,715,true],"covernews-slider-center":["https:\/\/contextoanalisisperiodistico.com\/wp-content\/uploads\/2024\/07\/FOTOBLT290720-800x500.jpeg",800,500,true],"covernews-featured":["https:\/\/contextoanalisisperiodistico.com\/wp-content\/uploads\/2024\/07\/FOTOBLT290720-1024x1531.jpeg",1024,1531,true],"covernews-medium":["https:\/\/contextoanalisisperiodistico.com\/wp-content\/uploads\/2024\/07\/FOTOBLT290720-540x340.jpeg",540,340,true],"covernews-medium-square":["https:\/\/contextoanalisisperiodistico.com\/wp-content\/uploads\/2024\/07\/FOTOBLT290720-400x250.jpeg",400,250,true]},"author_info":{"display_name":"Mario Gir\u00f3n","author_link":"https:\/\/contextoanalisisperiodistico.com\/index.php\/author\/director\/"},"category_info":"<a href=\"https:\/\/contextoanalisisperiodistico.com\/index.php\/category\/politica\/\" rel=\"category tag\">Pol\u00edtica<\/a>","tag_info":"Pol\u00edtica","comment_count":"0","jetpack_featured_media_url":"https:\/\/contextoanalisisperiodistico.com\/wp-content\/uploads\/2024\/07\/FOTOBLT290720.jpeg","_links":{"self":[{"href":"https:\/\/contextoanalisisperiodistico.com\/index.php\/wp-json\/wp\/v2\/posts\/29524"}],"collection":[{"href":"https:\/\/contextoanalisisperiodistico.com\/index.php\/wp-json\/wp\/v2\/posts"}],"about":[{"href":"https:\/\/contextoanalisisperiodistico.com\/index.php\/wp-json\/wp\/v2\/types\/post"}],"author":[{"embeddable":true,"href":"https:\/\/contextoanalisisperiodistico.com\/index.php\/wp-json\/wp\/v2\/users\/4"}],"replies":[{"embeddable":true,"href":"https:\/\/contextoanalisisperiodistico.com\/index.php\/wp-json\/wp\/v2\/comments?post=29524"}],"version-history":[{"count":0,"href":"https:\/\/contextoanalisisperiodistico.com\/index.php\/wp-json\/wp\/v2\/posts\/29524\/revisions"}],"wp:featuredmedia":[{"embeddable":true,"href":"https:\/\/contextoanalisisperiodistico.com\/index.php\/wp-json\/wp\/v2\/media\/29522"}],"wp:attachment":[{"href":"https:\/\/contextoanalisisperiodistico.com\/index.php\/wp-json\/wp\/v2\/media?parent=29524"}],"wp:term":[{"taxonomy":"category","embeddable":true,"href":"https:\/\/contextoanalisisperiodistico.com\/index.php\/wp-json\/wp\/v2\/categories?post=29524"},{"taxonomy":"post_tag","embeddable":true,"href":"https:\/\/contextoanalisisperiodistico.com\/index.php\/wp-json\/wp\/v2\/tags?post=29524"}],"curies":[{"name":"wp","href":"https:\/\/api.w.org\/{rel}","templated":true}]}}