{"id":29500,"date":"2024-07-29T12:57:14","date_gmt":"2024-07-29T18:57:14","guid":{"rendered":"https:\/\/contextoanalisisperiodistico.com\/index.php\/2024\/07\/29\/informa-sspc-detencion-de-cuatro-probables-responsables-de-reventa-de-boletos\/"},"modified":"2024-07-29T12:57:14","modified_gmt":"2024-07-29T18:57:14","slug":"informa-sspc-detencion-de-cuatro-probables-responsables-de-reventa-de-boletos","status":"publish","type":"post","link":"https:\/\/contextoanalisisperiodistico.com\/index.php\/2024\/07\/29\/informa-sspc-detencion-de-cuatro-probables-responsables-de-reventa-de-boletos\/","title":{"rendered":"Informa SSPC detenci\u00f3n de cuatro probables responsables de reventa de boletos"},"content":{"rendered":"<div id=\"fb-root\"><\/div>\n\n<ul class=\"wp-block-list\">\n<li>Ser\u00e1n las autoridades competentes quienes finquen o deslinden las responsabilidades consecuentes<\/li>\n<\/ul>\n\n\n\n<p>Oaxaca de Ju\u00e1rez, Oaxaca; 29 de julio de 2024. La Secretar\u00eda de Seguridad y Protecci\u00f3n Ciudadana (SSPC) inform\u00f3 de la detenci\u00f3n de cuatro personas por su presunta responsabilidad en la reventa de boletos de la Guelaguetza 2024.<\/p>\n\n\n\n<p>Las personas detenidas fueron identificadas como Enrique \u201cNN\u201d, Ana Karen\u201dNN\u201d, Luis \u201cNN\u201d y Kenia \u201cNN\u201d de 23, 28, 26 y 30 a\u00f1os de edad respectivamente.<\/p>\n\n\n\n<p>Los presuntos responsables de los hechos fueron detenidos en inmediaciones del Auditorio Guelaguetza intentando presuntamente revender boletos para la edici\u00f3n matutina de la Octava del Lunes del Cerro.<\/p>\n\n\n\n<p>Ser\u00e1n las autoridades competentes quienes finquen o deslinden las responsabilidades consecuentes.<\/p>\n\n\n\n<p>La SSPC refrenda su compromiso de garantizar la paz y seguridad de las y los oaxaque\u00f1os, as\u00ed como de propios y visitantes en las actividades restantes de \u00abJulio, Mes de la Guelaguetza\u00bb.<\/p>\n","protected":false},"excerpt":{"rendered":"<p>Oaxaca de Ju\u00e1rez, Oaxaca; 29 de julio de 2024. La Secretar\u00eda de Seguridad y Protecci\u00f3n&#8230;<\/p>\n","protected":false},"author":4,"featured_media":29499,"comment_status":"","ping_status":"open","sticky":false,"template":"","format":"standard","meta":{"footnotes":""},"categories":[9],"tags":[],"jetpack_sharing_enabled":true,"featured_image_urls":{"full":["https:\/\/contextoanalisisperiodistico.com\/wp-content\/uploads\/2024\/07\/IMG-20240729-WA0024.jpg",400,400,false],"thumbnail":["https:\/\/contextoanalisisperiodistico.com\/wp-content\/uploads\/2024\/07\/IMG-20240729-WA0024-150x150.jpg",150,150,true],"medium":["https:\/\/contextoanalisisperiodistico.com\/wp-content\/uploads\/2024\/07\/IMG-20240729-WA0024-300x300.jpg",300,300,true],"medium_large":["https:\/\/contextoanalisisperiodistico.com\/wp-content\/uploads\/2024\/07\/IMG-20240729-WA0024.jpg",400,400,false],"large":["https:\/\/contextoanalisisperiodistico.com\/wp-content\/uploads\/2024\/07\/IMG-20240729-WA0024.jpg",400,400,false],"1536x1536":["https:\/\/contextoanalisisperiodistico.com\/wp-content\/uploads\/2024\/07\/IMG-20240729-WA0024.jpg",400,400,false],"2048x2048":["https:\/\/contextoanalisisperiodistico.com\/wp-content\/uploads\/2024\/07\/IMG-20240729-WA0024.jpg",400,400,false],"covernews-slider-full":["https:\/\/contextoanalisisperiodistico.com\/wp-content\/uploads\/2024\/07\/IMG-20240729-WA0024.jpg",400,400,false],"covernews-slider-center":["https:\/\/contextoanalisisperiodistico.com\/wp-content\/uploads\/2024\/07\/IMG-20240729-WA0024.jpg",400,400,false],"covernews-featured":["https:\/\/contextoanalisisperiodistico.com\/wp-content\/uploads\/2024\/07\/IMG-20240729-WA0024.jpg",400,400,false],"covernews-medium":["https:\/\/contextoanalisisperiodistico.com\/wp-content\/uploads\/2024\/07\/IMG-20240729-WA0024-400x340.jpg",400,340,true],"covernews-medium-square":["https:\/\/contextoanalisisperiodistico.com\/wp-content\/uploads\/2024\/07\/IMG-20240729-WA0024-400x250.jpg",400,250,true]},"author_info":{"display_name":"Mario Gir\u00f3n","author_link":"https:\/\/contextoanalisisperiodistico.com\/index.php\/author\/director\/"},"category_info":"<a href=\"https:\/\/contextoanalisisperiodistico.com\/index.php\/category\/politica\/\" rel=\"category tag\">Pol\u00edtica<\/a>","tag_info":"Pol\u00edtica","comment_count":"0","jetpack_featured_media_url":"https:\/\/contextoanalisisperiodistico.com\/wp-content\/uploads\/2024\/07\/IMG-20240729-WA0024.jpg","_links":{"self":[{"href":"https:\/\/contextoanalisisperiodistico.com\/index.php\/wp-json\/wp\/v2\/posts\/29500"}],"collection":[{"href":"https:\/\/contextoanalisisperiodistico.com\/index.php\/wp-json\/wp\/v2\/posts"}],"about":[{"href":"https:\/\/contextoanalisisperiodistico.com\/index.php\/wp-json\/wp\/v2\/types\/post"}],"author":[{"embeddable":true,"href":"https:\/\/contextoanalisisperiodistico.com\/index.php\/wp-json\/wp\/v2\/users\/4"}],"replies":[{"embeddable":true,"href":"https:\/\/contextoanalisisperiodistico.com\/index.php\/wp-json\/wp\/v2\/comments?post=29500"}],"version-history":[{"count":0,"href":"https:\/\/contextoanalisisperiodistico.com\/index.php\/wp-json\/wp\/v2\/posts\/29500\/revisions"}],"wp:featuredmedia":[{"embeddable":true,"href":"https:\/\/contextoanalisisperiodistico.com\/index.php\/wp-json\/wp\/v2\/media\/29499"}],"wp:attachment":[{"href":"https:\/\/contextoanalisisperiodistico.com\/index.php\/wp-json\/wp\/v2\/media?parent=29500"}],"wp:term":[{"taxonomy":"category","embeddable":true,"href":"https:\/\/contextoanalisisperiodistico.com\/index.php\/wp-json\/wp\/v2\/categories?post=29500"},{"taxonomy":"post_tag","embeddable":true,"href":"https:\/\/contextoanalisisperiodistico.com\/index.php\/wp-json\/wp\/v2\/tags?post=29500"}],"curies":[{"name":"wp","href":"https:\/\/api.w.org\/{rel}","templated":true}]}}