{"id":29498,"date":"2024-07-28T19:59:40","date_gmt":"2024-07-29T01:59:40","guid":{"rendered":"https:\/\/contextoanalisisperiodistico.com\/index.php\/2024\/07\/28\/con-gran-exito-culmina-la-lxxv-clasica-ciclista-lunes-del-cerro-2024\/"},"modified":"2024-07-28T19:59:40","modified_gmt":"2024-07-29T01:59:40","slug":"con-gran-exito-culmina-la-lxxv-clasica-ciclista-lunes-del-cerro-2024","status":"publish","type":"post","link":"https:\/\/contextoanalisisperiodistico.com\/index.php\/2024\/07\/28\/con-gran-exito-culmina-la-lxxv-clasica-ciclista-lunes-del-cerro-2024\/","title":{"rendered":"Con gran \u00e9xito culmina la LXXV Cl\u00e1sica Ciclista \u201cLunes del Cerro 2024\u201d"},"content":{"rendered":"<div id=\"fb-root\"><\/div>\n\n<p>\u2022 Se premiaron a las y los ganadores de las cinco categor\u00edas contempladas<\/p>\n\n\n\n<figure class=\"wp-block-image size-large\"><img fetchpriority=\"high\" decoding=\"async\" width=\"1024\" height=\"682\" src=\"https:\/\/contextoanalisisperiodistico.com\/wp-content\/uploads\/2024\/07\/img-20240728-wa00968048558044873950436-1024x682.jpg\" alt=\"\" class=\"wp-image-29494\" srcset=\"https:\/\/contextoanalisisperiodistico.com\/wp-content\/uploads\/2024\/07\/img-20240728-wa00968048558044873950436-1024x682.jpg 1024w, https:\/\/contextoanalisisperiodistico.com\/wp-content\/uploads\/2024\/07\/img-20240728-wa00968048558044873950436-300x200.jpg 300w, https:\/\/contextoanalisisperiodistico.com\/wp-content\/uploads\/2024\/07\/img-20240728-wa00968048558044873950436-768x512.jpg 768w, https:\/\/contextoanalisisperiodistico.com\/wp-content\/uploads\/2024\/07\/img-20240728-wa00968048558044873950436-1536x1023.jpg 1536w, https:\/\/contextoanalisisperiodistico.com\/wp-content\/uploads\/2024\/07\/img-20240728-wa00968048558044873950436.jpg 1600w\" sizes=\"(max-width: 1024px) 100vw, 1024px\" \/><\/figure>\n\n\n\n<figure class=\"wp-block-image\"><img decoding=\"async\" width=\"1024\" height=\"682\" src=\"https:\/\/contextoanalisisperiodistico.com\/wp-content\/uploads\/2024\/07\/img-20240728-wa0097521170542710979347-1024x682.jpg\" alt=\"\" class=\"wp-image-29493\" srcset=\"https:\/\/contextoanalisisperiodistico.com\/wp-content\/uploads\/2024\/07\/img-20240728-wa0097521170542710979347-1024x682.jpg 1024w, https:\/\/contextoanalisisperiodistico.com\/wp-content\/uploads\/2024\/07\/img-20240728-wa0097521170542710979347-300x200.jpg 300w, https:\/\/contextoanalisisperiodistico.com\/wp-content\/uploads\/2024\/07\/img-20240728-wa0097521170542710979347-768x512.jpg 768w, https:\/\/contextoanalisisperiodistico.com\/wp-content\/uploads\/2024\/07\/img-20240728-wa0097521170542710979347-1536x1023.jpg 1536w, https:\/\/contextoanalisisperiodistico.com\/wp-content\/uploads\/2024\/07\/img-20240728-wa0097521170542710979347.jpg 1600w\" sizes=\"(max-width: 1024px) 100vw, 1024px\" \/><\/figure>\n\n\n\n<figure class=\"wp-block-image\"><img decoding=\"async\" width=\"1024\" height=\"682\" src=\"https:\/\/contextoanalisisperiodistico.com\/wp-content\/uploads\/2024\/07\/img-20240728-wa01016537321109727342772-1024x682.jpg\" alt=\"\" class=\"wp-image-29496\" srcset=\"https:\/\/contextoanalisisperiodistico.com\/wp-content\/uploads\/2024\/07\/img-20240728-wa01016537321109727342772-1024x682.jpg 1024w, https:\/\/contextoanalisisperiodistico.com\/wp-content\/uploads\/2024\/07\/img-20240728-wa01016537321109727342772-300x200.jpg 300w, https:\/\/contextoanalisisperiodistico.com\/wp-content\/uploads\/2024\/07\/img-20240728-wa01016537321109727342772-768x512.jpg 768w, https:\/\/contextoanalisisperiodistico.com\/wp-content\/uploads\/2024\/07\/img-20240728-wa01016537321109727342772-1536x1023.jpg 1536w, https:\/\/contextoanalisisperiodistico.com\/wp-content\/uploads\/2024\/07\/img-20240728-wa01016537321109727342772.jpg 1600w\" sizes=\"(max-width: 1024px) 100vw, 1024px\" \/><\/figure>\n\n\n\n<figure class=\"wp-block-image\"><img loading=\"lazy\" decoding=\"async\" width=\"1024\" height=\"682\" src=\"https:\/\/contextoanalisisperiodistico.com\/wp-content\/uploads\/2024\/07\/img-20240728-wa00999044881231083419152-1024x682.jpg\" alt=\"\" class=\"wp-image-29492\" srcset=\"https:\/\/contextoanalisisperiodistico.com\/wp-content\/uploads\/2024\/07\/img-20240728-wa00999044881231083419152-1024x682.jpg 1024w, https:\/\/contextoanalisisperiodistico.com\/wp-content\/uploads\/2024\/07\/img-20240728-wa00999044881231083419152-300x200.jpg 300w, https:\/\/contextoanalisisperiodistico.com\/wp-content\/uploads\/2024\/07\/img-20240728-wa00999044881231083419152-768x512.jpg 768w, https:\/\/contextoanalisisperiodistico.com\/wp-content\/uploads\/2024\/07\/img-20240728-wa00999044881231083419152-1536x1023.jpg 1536w, https:\/\/contextoanalisisperiodistico.com\/wp-content\/uploads\/2024\/07\/img-20240728-wa00999044881231083419152.jpg 1600w\" sizes=\"(max-width: 1024px) 100vw, 1024px\" \/><\/figure>\n\n\n\n<figure class=\"wp-block-image\"><img loading=\"lazy\" decoding=\"async\" width=\"1024\" height=\"682\" src=\"https:\/\/contextoanalisisperiodistico.com\/wp-content\/uploads\/2024\/07\/img-20240728-wa01005905203853133751817-1024x682.jpg\" alt=\"\" class=\"wp-image-29495\" srcset=\"https:\/\/contextoanalisisperiodistico.com\/wp-content\/uploads\/2024\/07\/img-20240728-wa01005905203853133751817-1024x682.jpg 1024w, https:\/\/contextoanalisisperiodistico.com\/wp-content\/uploads\/2024\/07\/img-20240728-wa01005905203853133751817-300x200.jpg 300w, https:\/\/contextoanalisisperiodistico.com\/wp-content\/uploads\/2024\/07\/img-20240728-wa01005905203853133751817-768x512.jpg 768w, https:\/\/contextoanalisisperiodistico.com\/wp-content\/uploads\/2024\/07\/img-20240728-wa01005905203853133751817-1536x1023.jpg 1536w, https:\/\/contextoanalisisperiodistico.com\/wp-content\/uploads\/2024\/07\/img-20240728-wa01005905203853133751817.jpg 1600w\" sizes=\"(max-width: 1024px) 100vw, 1024px\" \/><\/figure>\n\n\n\n<figure class=\"wp-block-image\"><img loading=\"lazy\" decoding=\"async\" width=\"1024\" height=\"682\" src=\"https:\/\/contextoanalisisperiodistico.com\/wp-content\/uploads\/2024\/07\/img-20240728-wa00986786719875997737325-1024x682.jpg\" alt=\"\" class=\"wp-image-29497\" srcset=\"https:\/\/contextoanalisisperiodistico.com\/wp-content\/uploads\/2024\/07\/img-20240728-wa00986786719875997737325-1024x682.jpg 1024w, https:\/\/contextoanalisisperiodistico.com\/wp-content\/uploads\/2024\/07\/img-20240728-wa00986786719875997737325-300x200.jpg 300w, https:\/\/contextoanalisisperiodistico.com\/wp-content\/uploads\/2024\/07\/img-20240728-wa00986786719875997737325-768x512.jpg 768w, https:\/\/contextoanalisisperiodistico.com\/wp-content\/uploads\/2024\/07\/img-20240728-wa00986786719875997737325-1536x1023.jpg 1536w, https:\/\/contextoanalisisperiodistico.com\/wp-content\/uploads\/2024\/07\/img-20240728-wa00986786719875997737325.jpg 1600w\" sizes=\"(max-width: 1024px) 100vw, 1024px\" \/><\/figure>\n\n\n\n<p>Oaxaca de Ju\u00e1rez, Oax. 28 de julio de 2024.- El Instituto del Deporte del Estado de Oaxaca (Indeporte) realiz\u00f3 la tercera y \u00faltima etapa de la LXXV Cl\u00e1sica Ciclista \u201cLunes del Cerro 2024\u201d, que parti\u00f3 y tuvo como meta el Auditorio Guelaguetza.<\/p>\n\n\n\n<p>En esta fase las y los competidores de las cinco categor\u00edas contempladas, iniciaron sus recorridos de manera escalonada sobre la Carretera Internacional 190 hasta entroncar con la calzada Francisco I. Madero, despu\u00e9s sobre avenida Independencia, boulevard Eduardo Vasconcelos y calzada H\u00e9roes de Chapultepec para retomar nuevamente la Carretera Internacional 190.<\/p>\n\n\n\n<p>Los tres primeros lugares en la categor\u00eda Libre Femenil corresponden a Mar\u00eda Fernanda Naranjo, quien result\u00f3 invicta durante las tres etapas, seguida de Rub\u00ed P\u00e9rez Santos y Simon\u00e9 Donnadieu.<\/p>\n\n\n\n<p>En Juvenil \u00abC\u00bb, son H\u00e9ctor G\u00f3mez Sierra, Jorge Luis Fern\u00e1ndez y Jes\u00fas Enrique Cruz Hern\u00e1ndez. En la rama Master fueron \u00d3scar Jim\u00e9nez Palacios, Jos\u00e9 Julio Hern\u00e1ndez Jim\u00e9nez y Mois\u00e9s Ram\u00edrez Santos.<\/p>\n\n\n\n<p>Los primeros llegares de la Sub 23 Varonil los ocuparon Josu\u00e9 Betanzos, Rafael Guti\u00e9rrez Andr\u00e9s y Jes\u00fas Alexander Z\u00e1rate. En la clasificaci\u00f3n \u00c9lite, el vencedor fue Diego L\u00f3pez Vega, seguido de Hugo Serra Ortiz y H\u00e9ctor Daniel Campos.<\/p>\n\n\n\n<p>En este marco, el titular del Indeporte, Arturo de Jes\u00fas Ch\u00e1vez entreg\u00f3 la premiaci\u00f3n en efectivo y las casacas de campe\u00f3n a las y los vencedores.<\/p>\n\n\n\n<p>De esta manera, el Gobierno de la Primavera Oaxaque\u00f1a felicita a las personas ganadoras de este emblem\u00e1tico certamen, el cual es un referente nacional del deporte del pedal y la fibra, efectuado en el marco de la m\u00e1xima fiesta de las y los oaxaque\u00f1os.<\/p>\n\n\n\n<p>-0-<\/p>\n","protected":false},"excerpt":{"rendered":"<p>\u2022 Se premiaron a las y los ganadores de las cinco categor\u00edas contempladas Oaxaca de&#8230;<\/p>\n","protected":false},"author":4,"featured_media":29491,"comment_status":"","ping_status":"open","sticky":false,"template":"","format":"standard","meta":{"footnotes":""},"categories":[9],"tags":[],"jetpack_sharing_enabled":true,"featured_image_urls":{"full":["https:\/\/contextoanalisisperiodistico.com\/wp-content\/uploads\/2024\/07\/IMG-20240728-WA0095.jpg",1600,1066,false],"thumbnail":["https:\/\/contextoanalisisperiodistico.com\/wp-content\/uploads\/2024\/07\/IMG-20240728-WA0095-150x150.jpg",150,150,true],"medium":["https:\/\/contextoanalisisperiodistico.com\/wp-content\/uploads\/2024\/07\/IMG-20240728-WA0095-300x200.jpg",300,200,true],"medium_large":["https:\/\/contextoanalisisperiodistico.com\/wp-content\/uploads\/2024\/07\/IMG-20240728-WA0095-768x512.jpg",640,427,true],"large":["https:\/\/contextoanalisisperiodistico.com\/wp-content\/uploads\/2024\/07\/IMG-20240728-WA0095-1024x682.jpg",640,426,true],"1536x1536":["https:\/\/contextoanalisisperiodistico.com\/wp-content\/uploads\/2024\/07\/IMG-20240728-WA0095-1536x1023.jpg",1536,1023,true],"2048x2048":["https:\/\/contextoanalisisperiodistico.com\/wp-content\/uploads\/2024\/07\/IMG-20240728-WA0095.jpg",1600,1066,false],"covernews-slider-full":["https:\/\/contextoanalisisperiodistico.com\/wp-content\/uploads\/2024\/07\/IMG-20240728-WA0095-1115x715.jpg",1115,715,true],"covernews-slider-center":["https:\/\/contextoanalisisperiodistico.com\/wp-content\/uploads\/2024\/07\/IMG-20240728-WA0095-800x500.jpg",800,500,true],"covernews-featured":["https:\/\/contextoanalisisperiodistico.com\/wp-content\/uploads\/2024\/07\/IMG-20240728-WA0095-1024x682.jpg",1024,682,true],"covernews-medium":["https:\/\/contextoanalisisperiodistico.com\/wp-content\/uploads\/2024\/07\/IMG-20240728-WA0095-540x340.jpg",540,340,true],"covernews-medium-square":["https:\/\/contextoanalisisperiodistico.com\/wp-content\/uploads\/2024\/07\/IMG-20240728-WA0095-400x250.jpg",400,250,true]},"author_info":{"display_name":"Mario Gir\u00f3n","author_link":"https:\/\/contextoanalisisperiodistico.com\/index.php\/author\/director\/"},"category_info":"<a href=\"https:\/\/contextoanalisisperiodistico.com\/index.php\/category\/politica\/\" rel=\"category tag\">Pol\u00edtica<\/a>","tag_info":"Pol\u00edtica","comment_count":"0","jetpack_featured_media_url":"https:\/\/contextoanalisisperiodistico.com\/wp-content\/uploads\/2024\/07\/IMG-20240728-WA0095.jpg","_links":{"self":[{"href":"https:\/\/contextoanalisisperiodistico.com\/index.php\/wp-json\/wp\/v2\/posts\/29498"}],"collection":[{"href":"https:\/\/contextoanalisisperiodistico.com\/index.php\/wp-json\/wp\/v2\/posts"}],"about":[{"href":"https:\/\/contextoanalisisperiodistico.com\/index.php\/wp-json\/wp\/v2\/types\/post"}],"author":[{"embeddable":true,"href":"https:\/\/contextoanalisisperiodistico.com\/index.php\/wp-json\/wp\/v2\/users\/4"}],"replies":[{"embeddable":true,"href":"https:\/\/contextoanalisisperiodistico.com\/index.php\/wp-json\/wp\/v2\/comments?post=29498"}],"version-history":[{"count":0,"href":"https:\/\/contextoanalisisperiodistico.com\/index.php\/wp-json\/wp\/v2\/posts\/29498\/revisions"}],"wp:featuredmedia":[{"embeddable":true,"href":"https:\/\/contextoanalisisperiodistico.com\/index.php\/wp-json\/wp\/v2\/media\/29491"}],"wp:attachment":[{"href":"https:\/\/contextoanalisisperiodistico.com\/index.php\/wp-json\/wp\/v2\/media?parent=29498"}],"wp:term":[{"taxonomy":"category","embeddable":true,"href":"https:\/\/contextoanalisisperiodistico.com\/index.php\/wp-json\/wp\/v2\/categories?post=29498"},{"taxonomy":"post_tag","embeddable":true,"href":"https:\/\/contextoanalisisperiodistico.com\/index.php\/wp-json\/wp\/v2\/tags?post=29498"}],"curies":[{"name":"wp","href":"https:\/\/api.w.org\/{rel}","templated":true}]}}