{"id":29483,"date":"2024-07-28T09:51:39","date_gmt":"2024-07-28T15:51:39","guid":{"rendered":"https:\/\/contextoanalisisperiodistico.com\/index.php\/2024\/07\/28\/aproximacion-de-la-onda-tropical-numero-14-mantendra-lluvias-en-gran-parte-de-oaxaca\/"},"modified":"2024-07-28T09:51:39","modified_gmt":"2024-07-28T15:51:39","slug":"aproximacion-de-la-onda-tropical-numero-14-mantendra-lluvias-en-gran-parte-de-oaxaca","status":"publish","type":"post","link":"https:\/\/contextoanalisisperiodistico.com\/index.php\/2024\/07\/28\/aproximacion-de-la-onda-tropical-numero-14-mantendra-lluvias-en-gran-parte-de-oaxaca\/","title":{"rendered":"Aproximaci\u00f3n de la onda tropical n\u00famero 14 mantendr\u00e1 lluvias en gran parte de Oaxaca"},"content":{"rendered":"<div id=\"fb-root\"><\/div>\n\n<p>Oaxaca de Ju\u00e1rez, Oax. 28 de julio de 2024.- La Coordinaci\u00f3n Estatal de Protecci\u00f3n Civil y Gesti\u00f3n de Riesgos (CEPCyGR) informa que para este domingo se esperan lluvias y tormentas, asociadas con actividad el\u00e9ctrica y rachas de viento a su paso durante la tarde y primeras horas de la noche.<\/p>\n\n\n\n<p>De acuerdo con el pron\u00f3stico del tiempo emitido por la Comisi\u00f3n Nacional del Agua (Conagua) esto es provocado por la vaguada monz\u00f3nica -una regi\u00f3n donde puede existir ciclones o lluvias, que se forma en las \u00e1reas tropicales y subtropicales- en combinaci\u00f3n con una zona de baja presi\u00f3n que tiene probabilidad para desarrollo cicl\u00f3nico al sur de la costa del estado de Chiapas y asociada en su eje sur con la onda tropical n\u00famero 14.<\/p>\n\n\n\n<p>Todos estos fen\u00f3menos naturales aumentar\u00e1n la probabilidad de lluvias y tormentas en gran parte del estado durante este y los pr\u00f3ximos d\u00edas. Las lluvias pronosticadas podr\u00edan generar incremento en los niveles de r\u00edos y arroyos de respuesta r\u00e1pida, deslaves, ca\u00edda de \u00e1rboles, as\u00ed como encharcamientos e inundaciones en partes bajas.<\/p>\n\n\n\n<p>El ambiente se percibir\u00e1 fresco por la ma\u00f1ana y caluroso a partir del mediod\u00eda, con ambiente bochornoso en las regiones de la Costa, Istmo de Tehuantepec y parte baja de la Cuenca del Papaloapan.<\/p>\n\n\n\n<p>Las temperaturas para este domingo son las siguientes:<\/p>\n\n\n\n<p>\u2022 Valles Centrales, m\u00ednima de 16 y m\u00e1xima de 32 grados.<br \/>\u2022 Istmo de Tehuantepec, m\u00ednima de 24 y m\u00e1xima de 35 grados.<br \/>\u2022 Cuenca del Papaloapan, m\u00ednima de 23 y m\u00e1xima de 34 grados.<br \/>\u2022 Costa, m\u00ednima de 23 y m\u00e1xima de 35 grados.<br \/>\u2022 Mixteca, m\u00ednima de 16 y m\u00e1xima de 32 grados.<br \/>\u2022 Sierra de Flores Mag\u00f3n, m\u00ednima de 17 y m\u00e1xima de 34 grados.<br \/>\u2022 Sierra de Ju\u00e1rez, m\u00ednima de 14 y m\u00e1xima de 31 grados.<br \/>\u2022 Sierra Sur, m\u00ednima de 14 y m\u00e1xima de 31 grados.<\/p>\n\n\n\n<p>Se exhorta a la poblaci\u00f3n atender las recomendaciones de Protecci\u00f3n Civil y Capitan\u00edas de Puerto, as\u00ed como a mantenerse informada de las condiciones meteorol\u00f3gicas a trav\u00e9s de los medios y redes sociales oficiales: Facebook @CEPCYGRGobOax y en X @CEPCyGR_GobOax.<\/p>\n\n\n\n<p>-0-<\/p>\n","protected":false},"excerpt":{"rendered":"<p>Oaxaca de Ju\u00e1rez, Oax. 28 de julio de 2024.- La Coordinaci\u00f3n Estatal de Protecci\u00f3n Civil&#8230;<\/p>\n","protected":false},"author":4,"featured_media":29482,"comment_status":"","ping_status":"open","sticky":false,"template":"","format":"standard","meta":{"footnotes":""},"categories":[9],"tags":[],"jetpack_sharing_enabled":true,"featured_image_urls":{"full":["https:\/\/contextoanalisisperiodistico.com\/wp-content\/uploads\/2024\/07\/IMG-20240728-WA0024.jpg",1600,1200,false],"thumbnail":["https:\/\/contextoanalisisperiodistico.com\/wp-content\/uploads\/2024\/07\/IMG-20240728-WA0024-150x150.jpg",150,150,true],"medium":["https:\/\/contextoanalisisperiodistico.com\/wp-content\/uploads\/2024\/07\/IMG-20240728-WA0024-300x225.jpg",300,225,true],"medium_large":["https:\/\/contextoanalisisperiodistico.com\/wp-content\/uploads\/2024\/07\/IMG-20240728-WA0024-768x576.jpg",640,480,true],"large":["https:\/\/contextoanalisisperiodistico.com\/wp-content\/uploads\/2024\/07\/IMG-20240728-WA0024-1024x768.jpg",640,480,true],"1536x1536":["https:\/\/contextoanalisisperiodistico.com\/wp-content\/uploads\/2024\/07\/IMG-20240728-WA0024-1536x1152.jpg",1536,1152,true],"2048x2048":["https:\/\/contextoanalisisperiodistico.com\/wp-content\/uploads\/2024\/07\/IMG-20240728-WA0024.jpg",1600,1200,false],"covernews-slider-full":["https:\/\/contextoanalisisperiodistico.com\/wp-content\/uploads\/2024\/07\/IMG-20240728-WA0024-1115x715.jpg",1115,715,true],"covernews-slider-center":["https:\/\/contextoanalisisperiodistico.com\/wp-content\/uploads\/2024\/07\/IMG-20240728-WA0024-800x500.jpg",800,500,true],"covernews-featured":["https:\/\/contextoanalisisperiodistico.com\/wp-content\/uploads\/2024\/07\/IMG-20240728-WA0024-1024x768.jpg",1024,768,true],"covernews-medium":["https:\/\/contextoanalisisperiodistico.com\/wp-content\/uploads\/2024\/07\/IMG-20240728-WA0024-540x340.jpg",540,340,true],"covernews-medium-square":["https:\/\/contextoanalisisperiodistico.com\/wp-content\/uploads\/2024\/07\/IMG-20240728-WA0024-400x250.jpg",400,250,true]},"author_info":{"display_name":"Mario Gir\u00f3n","author_link":"https:\/\/contextoanalisisperiodistico.com\/index.php\/author\/director\/"},"category_info":"<a href=\"https:\/\/contextoanalisisperiodistico.com\/index.php\/category\/politica\/\" rel=\"category tag\">Pol\u00edtica<\/a>","tag_info":"Pol\u00edtica","comment_count":"0","jetpack_featured_media_url":"https:\/\/contextoanalisisperiodistico.com\/wp-content\/uploads\/2024\/07\/IMG-20240728-WA0024.jpg","_links":{"self":[{"href":"https:\/\/contextoanalisisperiodistico.com\/index.php\/wp-json\/wp\/v2\/posts\/29483"}],"collection":[{"href":"https:\/\/contextoanalisisperiodistico.com\/index.php\/wp-json\/wp\/v2\/posts"}],"about":[{"href":"https:\/\/contextoanalisisperiodistico.com\/index.php\/wp-json\/wp\/v2\/types\/post"}],"author":[{"embeddable":true,"href":"https:\/\/contextoanalisisperiodistico.com\/index.php\/wp-json\/wp\/v2\/users\/4"}],"replies":[{"embeddable":true,"href":"https:\/\/contextoanalisisperiodistico.com\/index.php\/wp-json\/wp\/v2\/comments?post=29483"}],"version-history":[{"count":0,"href":"https:\/\/contextoanalisisperiodistico.com\/index.php\/wp-json\/wp\/v2\/posts\/29483\/revisions"}],"wp:featuredmedia":[{"embeddable":true,"href":"https:\/\/contextoanalisisperiodistico.com\/index.php\/wp-json\/wp\/v2\/media\/29482"}],"wp:attachment":[{"href":"https:\/\/contextoanalisisperiodistico.com\/index.php\/wp-json\/wp\/v2\/media?parent=29483"}],"wp:term":[{"taxonomy":"category","embeddable":true,"href":"https:\/\/contextoanalisisperiodistico.com\/index.php\/wp-json\/wp\/v2\/categories?post=29483"},{"taxonomy":"post_tag","embeddable":true,"href":"https:\/\/contextoanalisisperiodistico.com\/index.php\/wp-json\/wp\/v2\/tags?post=29483"}],"curies":[{"name":"wp","href":"https:\/\/api.w.org\/{rel}","templated":true}]}}