{"id":29453,"date":"2024-07-27T19:43:13","date_gmt":"2024-07-28T01:43:13","guid":{"rendered":"https:\/\/contextoanalisisperiodistico.com\/index.php\/2024\/07\/27\/brindan-atencion-a-lesionados-por-quema-de-fuegos-artificiales\/"},"modified":"2024-07-27T19:43:13","modified_gmt":"2024-07-28T01:43:13","slug":"brindan-atencion-a-lesionados-por-quema-de-fuegos-artificiales","status":"publish","type":"post","link":"https:\/\/contextoanalisisperiodistico.com\/index.php\/2024\/07\/27\/brindan-atencion-a-lesionados-por-quema-de-fuegos-artificiales\/","title":{"rendered":"Brindan atenci\u00f3n a lesionados por quema de fuegos artificiales"},"content":{"rendered":"<div id=\"fb-root\"><\/div>\n\n<p>Oaxaca de Ju\u00e1rez, Oax. 27 de julio de 2024.- El Gobierno del Estado de Oaxaca informa que con relaci\u00f3n a la explosi\u00f3n de una bolsa de pl\u00e1stico que conten\u00eda pirotecnia las siete personas que resultaron lesionadas ya fueron atendidas en el lugar por param\u00e9dicos del Heroico Cuerpo de Bomberos, Cruz Roja Mexicana y Cuerpos de Socorro.<\/p>\n\n\n\n<p>Del total de personas lesionadas solo una requiri\u00f3 ser trasladada al Hospital de la Cruz Roja Mexicana en la ciudad de Oaxaca de Ju\u00e1rez para recibir un lavado quir\u00fargico.<\/p>\n\n\n\n<p>El Coordinador Estatal de Protecci\u00f3n Civil y Gesti\u00f3n de Riesgos (CEPCyGR), Manuel Maza S\u00e1nchez inform\u00f3 que el incidente fue provocado por una chispa que cay\u00f3 sobre una bolsa de pirotecnia que llevaba una de las delegaciones que participaron en el Convite.<\/p>\n\n\n\n<p>Esto caus\u00f3 lesiones leves a seis personas que estaban sentadas sobre la banqueta y apreciaban el segundo Desfile de Delegaciones que participar\u00e1n en la Octava del Lunes del Cerro.<\/p>\n\n\n\n<p>Maza S\u00e1nchez detall\u00f3 que las seis personas heridas fueron atendidas en el lugar y una persona del sexo femenino fue trasladada a la Cruz Roja donde se le practica un lavado quir\u00fargico en el pie derecho que presenta quemaduras de segundo grado.<\/p>\n\n\n\n<p>A las y los acompa\u00f1antes de las personas lesionadas que no resultaron afectadas, tambi\u00e9n se les brind\u00f3 contenci\u00f3n en el momento.<\/p>\n\n\n\n<p>El titular de la CEPCyGR, Manuel Maza aclar\u00f3 que resultaron lesionadas seis personas adultas y una menor todas del sexo femenino.<\/p>\n\n\n\n<p>Los nombres de las personas son:<br \/>\u2022 Anastacia Tovar de 57 a\u00f1os, oriunda del estado de Guanajuato.<br \/>\u2022 Mariana Gonz\u00e1lez de 36 a\u00f1os, tambi\u00e9n del estado de Guanajuato.<br \/>\u2022 Orlanda L\u00f3pez V\u00e1squez de 29 a\u00f1os, originaria de la ciudad de Oaxaca de Ju\u00e1rez.<br \/>\u2022 Bel\u00e9n Rivas Guti\u00e9rrez de 26 a\u00f1os, originaria del Estado de M\u00e9xico.<br \/>\u2022 Graciela L\u00f3pez Heraldez de 61 a\u00f1os, originaria de Culiac\u00e1n, Sinaloa.<br \/>\u2022 Mar\u00eda Guadalupe Ambrosio alba de 44 a\u00f1os, originaria de la Ciudad de M\u00e9xico.<br \/>\u2022 Katherine Scot de 7 a\u00f1os y originaria de la ciudad de Los \u00c1ngeles, California.<\/p>\n\n\n\n<p>-0-<\/p>\n","protected":false},"excerpt":{"rendered":"<p>Oaxaca de Ju\u00e1rez, Oax. 27 de julio de 2024.- El Gobierno del Estado de Oaxaca&#8230;<\/p>\n","protected":false},"author":4,"featured_media":29452,"comment_status":"","ping_status":"open","sticky":false,"template":"","format":"standard","meta":{"footnotes":""},"categories":[3],"tags":[],"jetpack_sharing_enabled":true,"featured_image_urls":{"full":["https:\/\/contextoanalisisperiodistico.com\/wp-content\/uploads\/2024\/07\/IMG-20240727-WA0135.jpg",960,960,false],"thumbnail":["https:\/\/contextoanalisisperiodistico.com\/wp-content\/uploads\/2024\/07\/IMG-20240727-WA0135-150x150.jpg",150,150,true],"medium":["https:\/\/contextoanalisisperiodistico.com\/wp-content\/uploads\/2024\/07\/IMG-20240727-WA0135-300x300.jpg",300,300,true],"medium_large":["https:\/\/contextoanalisisperiodistico.com\/wp-content\/uploads\/2024\/07\/IMG-20240727-WA0135-768x768.jpg",640,640,true],"large":["https:\/\/contextoanalisisperiodistico.com\/wp-content\/uploads\/2024\/07\/IMG-20240727-WA0135.jpg",640,640,false],"1536x1536":["https:\/\/contextoanalisisperiodistico.com\/wp-content\/uploads\/2024\/07\/IMG-20240727-WA0135.jpg",960,960,false],"2048x2048":["https:\/\/contextoanalisisperiodistico.com\/wp-content\/uploads\/2024\/07\/IMG-20240727-WA0135.jpg",960,960,false],"covernews-slider-full":["https:\/\/contextoanalisisperiodistico.com\/wp-content\/uploads\/2024\/07\/IMG-20240727-WA0135-960x715.jpg",960,715,true],"covernews-slider-center":["https:\/\/contextoanalisisperiodistico.com\/wp-content\/uploads\/2024\/07\/IMG-20240727-WA0135-800x500.jpg",800,500,true],"covernews-featured":["https:\/\/contextoanalisisperiodistico.com\/wp-content\/uploads\/2024\/07\/IMG-20240727-WA0135.jpg",960,960,false],"covernews-medium":["https:\/\/contextoanalisisperiodistico.com\/wp-content\/uploads\/2024\/07\/IMG-20240727-WA0135-540x340.jpg",540,340,true],"covernews-medium-square":["https:\/\/contextoanalisisperiodistico.com\/wp-content\/uploads\/2024\/07\/IMG-20240727-WA0135-400x250.jpg",400,250,true]},"author_info":{"display_name":"Mario Gir\u00f3n","author_link":"https:\/\/contextoanalisisperiodistico.com\/index.php\/author\/director\/"},"category_info":"<a href=\"https:\/\/contextoanalisisperiodistico.com\/index.php\/category\/ciudad\/\" rel=\"category tag\">Ciudad<\/a>","tag_info":"Ciudad","comment_count":"0","jetpack_featured_media_url":"https:\/\/contextoanalisisperiodistico.com\/wp-content\/uploads\/2024\/07\/IMG-20240727-WA0135.jpg","_links":{"self":[{"href":"https:\/\/contextoanalisisperiodistico.com\/index.php\/wp-json\/wp\/v2\/posts\/29453"}],"collection":[{"href":"https:\/\/contextoanalisisperiodistico.com\/index.php\/wp-json\/wp\/v2\/posts"}],"about":[{"href":"https:\/\/contextoanalisisperiodistico.com\/index.php\/wp-json\/wp\/v2\/types\/post"}],"author":[{"embeddable":true,"href":"https:\/\/contextoanalisisperiodistico.com\/index.php\/wp-json\/wp\/v2\/users\/4"}],"replies":[{"embeddable":true,"href":"https:\/\/contextoanalisisperiodistico.com\/index.php\/wp-json\/wp\/v2\/comments?post=29453"}],"version-history":[{"count":0,"href":"https:\/\/contextoanalisisperiodistico.com\/index.php\/wp-json\/wp\/v2\/posts\/29453\/revisions"}],"wp:featuredmedia":[{"embeddable":true,"href":"https:\/\/contextoanalisisperiodistico.com\/index.php\/wp-json\/wp\/v2\/media\/29452"}],"wp:attachment":[{"href":"https:\/\/contextoanalisisperiodistico.com\/index.php\/wp-json\/wp\/v2\/media?parent=29453"}],"wp:term":[{"taxonomy":"category","embeddable":true,"href":"https:\/\/contextoanalisisperiodistico.com\/index.php\/wp-json\/wp\/v2\/categories?post=29453"},{"taxonomy":"post_tag","embeddable":true,"href":"https:\/\/contextoanalisisperiodistico.com\/index.php\/wp-json\/wp\/v2\/tags?post=29453"}],"curies":[{"name":"wp","href":"https:\/\/api.w.org\/{rel}","templated":true}]}}