{"id":29440,"date":"2024-07-27T15:48:53","date_gmt":"2024-07-27T21:48:53","guid":{"rendered":"https:\/\/contextoanalisisperiodistico.com\/index.php\/2024\/07\/27\/entrega-sedeco-certificados-de-la-marca-hecho-en-oaxaca\/"},"modified":"2024-07-27T15:48:53","modified_gmt":"2024-07-27T21:48:53","slug":"entrega-sedeco-certificados-de-la-marca-hecho-en-oaxaca","status":"publish","type":"post","link":"https:\/\/contextoanalisisperiodistico.com\/index.php\/2024\/07\/27\/entrega-sedeco-certificados-de-la-marca-hecho-en-oaxaca\/","title":{"rendered":"Entrega Sedeco certificados de la marca Hecho en Oaxaca"},"content":{"rendered":"<div id=\"fb-root\"><\/div>\n\n<p>\u2022 El distintivo genera confianza sobre los productos que lo ostentan e impulsan un desarrollo econ\u00f3mico sostenible<\/p>\n\n\n\n<figure class=\"wp-block-image size-large\"><img fetchpriority=\"high\" decoding=\"async\" width=\"800\" height=\"515\" src=\"https:\/\/contextoanalisisperiodistico.com\/wp-content\/uploads\/2024\/07\/img-20240727-wa00627649271484870191362.jpg\" alt=\"\" class=\"wp-image-29437\" srcset=\"https:\/\/contextoanalisisperiodistico.com\/wp-content\/uploads\/2024\/07\/img-20240727-wa00627649271484870191362.jpg 800w, https:\/\/contextoanalisisperiodistico.com\/wp-content\/uploads\/2024\/07\/img-20240727-wa00627649271484870191362-300x193.jpg 300w, https:\/\/contextoanalisisperiodistico.com\/wp-content\/uploads\/2024\/07\/img-20240727-wa00627649271484870191362-768x494.jpg 768w\" sizes=\"(max-width: 800px) 100vw, 800px\" \/><\/figure>\n\n\n\n<figure class=\"wp-block-image\"><img decoding=\"async\" width=\"300\" height=\"200\" src=\"https:\/\/contextoanalisisperiodistico.com\/wp-content\/uploads\/2024\/07\/img-20240727-wa00648376871180815479557-300x200.jpg\" alt=\"\" class=\"wp-image-29438\" srcset=\"https:\/\/contextoanalisisperiodistico.com\/wp-content\/uploads\/2024\/07\/img-20240727-wa00648376871180815479557-300x200.jpg 300w, https:\/\/contextoanalisisperiodistico.com\/wp-content\/uploads\/2024\/07\/img-20240727-wa00648376871180815479557-768x512.jpg 768w, https:\/\/contextoanalisisperiodistico.com\/wp-content\/uploads\/2024\/07\/img-20240727-wa00648376871180815479557.jpg 800w\" sizes=\"(max-width: 300px) 100vw, 300px\" \/><\/figure>\n\n\n\n<figure class=\"wp-block-image\"><img decoding=\"async\" width=\"300\" height=\"184\" src=\"https:\/\/contextoanalisisperiodistico.com\/wp-content\/uploads\/2024\/07\/img-20240727-wa00632643284937878324836-300x184.jpg\" alt=\"\" class=\"wp-image-29439\" srcset=\"https:\/\/contextoanalisisperiodistico.com\/wp-content\/uploads\/2024\/07\/img-20240727-wa00632643284937878324836-300x184.jpg 300w, https:\/\/contextoanalisisperiodistico.com\/wp-content\/uploads\/2024\/07\/img-20240727-wa00632643284937878324836-768x471.jpg 768w, https:\/\/contextoanalisisperiodistico.com\/wp-content\/uploads\/2024\/07\/img-20240727-wa00632643284937878324836.jpg 800w\" sizes=\"(max-width: 300px) 100vw, 300px\" \/><\/figure>\n\n\n\n<p>Santa Luc\u00eda del Camino, Oax. 27 de julio de 2024.- En el marco de la Feria del Mezcal 2024, el titular de la Secretar\u00eda de Desarrollo Econ\u00f3mico (Sedeco), Ra\u00fal Ruiz Robles, entreg\u00f3 certificados de la marca \u201cHecho en Oaxaca\u201d a 25 unidades econ\u00f3micas, sello de calidad y autenticidad que en los productos resalta la riqueza cultural, el talento artesanal y tradiciones arraigadas en las comunidades oaxaque\u00f1as.<\/p>\n\n\n\n<p>Ru\u00edz Robles detall\u00f3 que este distintivo en las categor\u00edas agroindustrial, artesanal, bebidas alcoh\u00f3licas e industrial, garantiza est\u00e1ndares de excelencia y manufactura en los productos, con elementos o mano de obra local, legaliza su origen geogr\u00e1fico, adem\u00e1s de generar confianza a quien los consuma de que lo hecho en Oaxaca, est\u00e1 bien hecho.<\/p>\n\n\n\n<p>Agreg\u00f3 que con ello, se les identifica mejor en los mercados nacionales e internacionales, ayudando a ampliarlos, resalta el potencial productivo y promueve el desarrollo econ\u00f3mico de las personas productoras.<\/p>\n\n\n\n<p>Destac\u00f3 que \u201cHecho en Oaxaca\u201d es una marca de certificaci\u00f3n registrada ante el Instituto Mexicano de la Propiedad Industrial (IMPI) para autenticar calidad y origen de productos, reconocida y regulada por la Ley de Protecci\u00f3n a la Propiedad Industrial.<\/p>\n\n\n\n<p>Entre las empresas que obtuvieron este distintivo se encuentran Chocolate artesanal Tres de Cacao, Miel-Hitaa, Textiles Guenda y Antiguas Maravillas; los mezcales La Reliquia, Mar\u00eda Machetes y Collar de Perlas; as\u00ed como muebles de madera Durani.<\/p>\n\n\n\n<p>La subsecretaria de Impulso Econ\u00f3mico y Mejora Regulatoria, Alma Ghandi Jim\u00e9nez Castro, expres\u00f3 que recientemente se otorg\u00f3 este distintivo a la cerveza Corona Cero de Grupo Modelo, que tiene ubicada una de sus plantas en Tuxtepec.<\/p>\n\n\n\n<p>El distintivo tambi\u00e9n aparece en los sacos de Cemento Portland Compuesto (CPC) y Mortero de la Cooperativa Cruz Azul de la planta en Lagunas, localizada en el Istmo de Tehuantepec.<\/p>\n\n\n\n<p>Por \u00faltimo, la jefa del Departamento de Certificaci\u00f3n y Distintivos de la Sedeco, Patricia Barranco Ric\u00e1rdez, dio a conocer el procedimiento para obtener la certificaci\u00f3n y los beneficios de llevar el sello en los productos para ampliar sus mercados.<\/p>\n\n\n\n<p>Las personas interesadas en obtener el certificado pueden acudir a las oficinas del Departamento de Certificaci\u00f3n y Distintivos de la Sedeco, en Ciudad Administrativa, edificio 6 \u201cMacedonio Alcal\u00e1\u201d, primer nivel o al tel\u00e9fono 5015000 extensi\u00f3n 12250.<br \/>-0-<\/p>\n","protected":false},"excerpt":{"rendered":"<p>\u2022 El distintivo genera confianza sobre los productos que lo ostentan e impulsan un desarrollo&#8230;<\/p>\n","protected":false},"author":4,"featured_media":29436,"comment_status":"","ping_status":"open","sticky":false,"template":"","format":"standard","meta":{"footnotes":""},"categories":[9],"tags":[],"jetpack_sharing_enabled":true,"featured_image_urls":{"full":["https:\/\/contextoanalisisperiodistico.com\/wp-content\/uploads\/2024\/07\/IMG-20240727-WA0061.jpg",800,648,false],"thumbnail":["https:\/\/contextoanalisisperiodistico.com\/wp-content\/uploads\/2024\/07\/IMG-20240727-WA0061-150x150.jpg",150,150,true],"medium":["https:\/\/contextoanalisisperiodistico.com\/wp-content\/uploads\/2024\/07\/IMG-20240727-WA0061-300x243.jpg",300,243,true],"medium_large":["https:\/\/contextoanalisisperiodistico.com\/wp-content\/uploads\/2024\/07\/IMG-20240727-WA0061-768x622.jpg",640,518,true],"large":["https:\/\/contextoanalisisperiodistico.com\/wp-content\/uploads\/2024\/07\/IMG-20240727-WA0061.jpg",640,518,false],"1536x1536":["https:\/\/contextoanalisisperiodistico.com\/wp-content\/uploads\/2024\/07\/IMG-20240727-WA0061.jpg",800,648,false],"2048x2048":["https:\/\/contextoanalisisperiodistico.com\/wp-content\/uploads\/2024\/07\/IMG-20240727-WA0061.jpg",800,648,false],"covernews-slider-full":["https:\/\/contextoanalisisperiodistico.com\/wp-content\/uploads\/2024\/07\/IMG-20240727-WA0061.jpg",800,648,false],"covernews-slider-center":["https:\/\/contextoanalisisperiodistico.com\/wp-content\/uploads\/2024\/07\/IMG-20240727-WA0061-800x500.jpg",800,500,true],"covernews-featured":["https:\/\/contextoanalisisperiodistico.com\/wp-content\/uploads\/2024\/07\/IMG-20240727-WA0061.jpg",800,648,false],"covernews-medium":["https:\/\/contextoanalisisperiodistico.com\/wp-content\/uploads\/2024\/07\/IMG-20240727-WA0061-540x340.jpg",540,340,true],"covernews-medium-square":["https:\/\/contextoanalisisperiodistico.com\/wp-content\/uploads\/2024\/07\/IMG-20240727-WA0061-400x250.jpg",400,250,true]},"author_info":{"display_name":"Mario Gir\u00f3n","author_link":"https:\/\/contextoanalisisperiodistico.com\/index.php\/author\/director\/"},"category_info":"<a href=\"https:\/\/contextoanalisisperiodistico.com\/index.php\/category\/politica\/\" rel=\"category tag\">Pol\u00edtica<\/a>","tag_info":"Pol\u00edtica","comment_count":"0","jetpack_featured_media_url":"https:\/\/contextoanalisisperiodistico.com\/wp-content\/uploads\/2024\/07\/IMG-20240727-WA0061.jpg","_links":{"self":[{"href":"https:\/\/contextoanalisisperiodistico.com\/index.php\/wp-json\/wp\/v2\/posts\/29440"}],"collection":[{"href":"https:\/\/contextoanalisisperiodistico.com\/index.php\/wp-json\/wp\/v2\/posts"}],"about":[{"href":"https:\/\/contextoanalisisperiodistico.com\/index.php\/wp-json\/wp\/v2\/types\/post"}],"author":[{"embeddable":true,"href":"https:\/\/contextoanalisisperiodistico.com\/index.php\/wp-json\/wp\/v2\/users\/4"}],"replies":[{"embeddable":true,"href":"https:\/\/contextoanalisisperiodistico.com\/index.php\/wp-json\/wp\/v2\/comments?post=29440"}],"version-history":[{"count":0,"href":"https:\/\/contextoanalisisperiodistico.com\/index.php\/wp-json\/wp\/v2\/posts\/29440\/revisions"}],"wp:featuredmedia":[{"embeddable":true,"href":"https:\/\/contextoanalisisperiodistico.com\/index.php\/wp-json\/wp\/v2\/media\/29436"}],"wp:attachment":[{"href":"https:\/\/contextoanalisisperiodistico.com\/index.php\/wp-json\/wp\/v2\/media?parent=29440"}],"wp:term":[{"taxonomy":"category","embeddable":true,"href":"https:\/\/contextoanalisisperiodistico.com\/index.php\/wp-json\/wp\/v2\/categories?post=29440"},{"taxonomy":"post_tag","embeddable":true,"href":"https:\/\/contextoanalisisperiodistico.com\/index.php\/wp-json\/wp\/v2\/tags?post=29440"}],"curies":[{"name":"wp","href":"https:\/\/api.w.org\/{rel}","templated":true}]}}